{"id":9968,"date":"2025-04-08T23:08:17","date_gmt":"2025-04-08T23:08:17","guid":{"rendered":"https:\/\/corpsdiplomaticnews.tg\/?p=9968"},"modified":"2025-04-08T23:08:19","modified_gmt":"2025-04-08T23:08:19","slug":"niger-le-haoussa-devient-la-langue-nationale","status":"publish","type":"post","link":"https:\/\/corpsdiplomaticnews.tg\/index.php\/2025\/04\/08\/niger-le-haoussa-devient-la-langue-nationale\/","title":{"rendered":"Niger: le Haoussa devient la langue nationale"},"content":{"rendered":"\n<p>La langue parl\u00e9e par 55 %&nbsp; des Nig\u00e9riens est d\u00e9sormais la langue nationale du &nbsp;pays&nbsp; devant&nbsp; le djerma-sonra\u00ef qui a, elle, 23 %&nbsp;&nbsp; de locuteurs.<\/p>\n\n\n\n<p>C\u2019est l\u2019une des recommandations des assises nationales de f\u00e9vrier dernier qui vient d\u2019\u00eatre mise en \u0153uvre.\u00a0 Ces assises, faut-il le souligner, ont \u00e9t\u00e9 organis\u00e9es dans le cadre \u00a0de la charte de la refondation adopt\u00e9e par les parties prenantes. <\/p>\n\n\n\n<figure class=\"wp-block-image size-full\"><img loading=\"lazy\" loading=\"lazy\" decoding=\"async\" width=\"639\" height=\"384\" src=\"https:\/\/corpsdiplomaticnews.tg\/wp-content\/uploads\/2025\/04\/TIANI.jpg\" alt=\"\" class=\"wp-image-9969\" srcset=\"https:\/\/corpsdiplomaticnews.tg\/wp-content\/uploads\/2025\/04\/TIANI.jpg 639w, https:\/\/corpsdiplomaticnews.tg\/wp-content\/uploads\/2025\/04\/TIANI-300x180.jpg 300w\" sizes=\"auto, (max-width: 639px) 100vw, 639px\" \/><\/figure>\n\n\n\n<p>Le haoussa parl\u00e9 par la majorit\u00e9 significative de la population nig\u00e9rienne a acquis ainsi une&nbsp; reconnaissance institutionnelle&nbsp; majeure.<\/p>\n\n\n\n<p>Le fran\u00e7ais et l\u2019anglais sont rel\u00e9gu\u00e9s au rang de langue de travail.<\/p>\n\n\n\n<p>Cette d\u00e9cision est cons\u00e9cutive au retrait des trois pays de l\u2019AES \u00e0 savoir le Burkina-Faso, le Mali\u00a0 et le Niger \u00a0de l\u2019organisation internationale de la francophonie en mars\u00a0 dernier. <\/p>\n\n\n\n<p><\/p>\n","protected":false},"excerpt":{"rendered":"<p>La langue parl\u00e9e par 55 %&nbsp; des Nig\u00e9riens est d\u00e9sormais la langue nationale du &nbsp;pays&nbsp; devant&nbsp; le djerma-sonra\u00ef qui a, elle, 23 %&nbsp;&nbsp; de locuteurs. C\u2019est l\u2019une des recommandations des assises nationales de f\u00e9vrier dernier qui vient d\u2019\u00eatre mise en \u0153uvre.\u00a0 Ces assises, faut-il le souligner, ont \u00e9t\u00e9 organis\u00e9es dans le cadre \u00a0de la charte [&hellip;]<\/p>\n","protected":false},"author":2,"featured_media":9969,"comment_status":"open","ping_status":"open","sticky":false,"template":"","format":"standard","meta":{"footnotes":""},"categories":[9,18,124,4],"tags":[],"class_list":{"0":"post-9968","1":"post","2":"type-post","3":"status-publish","4":"format-standard","5":"has-post-thumbnail","7":"category-azimuts","8":"category-culture","9":"category-la-une","10":"category-politique"},"_links":{"self":[{"href":"https:\/\/corpsdiplomaticnews.tg\/index.php\/wp-json\/wp\/v2\/posts\/9968","targetHints":{"allow":["GET"]}}],"collection":[{"href":"https:\/\/corpsdiplomaticnews.tg\/index.php\/wp-json\/wp\/v2\/posts"}],"about":[{"href":"https:\/\/corpsdiplomaticnews.tg\/index.php\/wp-json\/wp\/v2\/types\/post"}],"author":[{"embeddable":true,"href":"https:\/\/corpsdiplomaticnews.tg\/index.php\/wp-json\/wp\/v2\/users\/2"}],"replies":[{"embeddable":true,"href":"https:\/\/corpsdiplomaticnews.tg\/index.php\/wp-json\/wp\/v2\/comments?post=9968"}],"version-history":[{"count":1,"href":"https:\/\/corpsdiplomaticnews.tg\/index.php\/wp-json\/wp\/v2\/posts\/9968\/revisions"}],"predecessor-version":[{"id":9970,"href":"https:\/\/corpsdiplomaticnews.tg\/index.php\/wp-json\/wp\/v2\/posts\/9968\/revisions\/9970"}],"wp:featuredmedia":[{"embeddable":true,"href":"https:\/\/corpsdiplomaticnews.tg\/index.php\/wp-json\/wp\/v2\/media\/9969"}],"wp:attachment":[{"href":"https:\/\/corpsdiplomaticnews.tg\/index.php\/wp-json\/wp\/v2\/media?parent=9968"}],"wp:term":[{"taxonomy":"category","embeddable":true,"href":"https:\/\/corpsdiplomaticnews.tg\/index.php\/wp-json\/wp\/v2\/categories?post=9968"},{"taxonomy":"post_tag","embeddable":true,"href":"https:\/\/corpsdiplomaticnews.tg\/index.php\/wp-json\/wp\/v2\/tags?post=9968"}],"curies":[{"name":"wp","href":"https:\/\/api.w.org\/{rel}","templated":true}]}}