{"id":9865,"date":"2025-03-17T09:08:31","date_gmt":"2025-03-17T09:08:31","guid":{"rendered":"https:\/\/corpsdiplomaticnews.tg\/?p=9865"},"modified":"2025-03-17T09:08:33","modified_gmt":"2025-03-17T09:08:33","slug":"grande-saison-des-pluies-au-sud-togo-anamet-publie-les-resultats-de-lexercice-2025","status":"publish","type":"post","link":"https:\/\/corpsdiplomaticnews.tg\/index.php\/2025\/03\/17\/grande-saison-des-pluies-au-sud-togo-anamet-publie-les-resultats-de-lexercice-2025\/","title":{"rendered":"Grande saison des pluies au sud Togo: ANAMET publie les r\u00e9sultats de l\u2019exercice \u00a02025"},"content":{"rendered":"\n<p>L\u2019Agence nationale de la m\u00e9t\u00e9orologie (ANAMET) \u00e9tait devant la presse le vendredi 14 mars&nbsp; 2025. &nbsp;Objectif, &nbsp;expliquer aux hommes de m\u00e9dias, les r\u00e9sultats des \u00e9tudes de la pr\u00e9vision de la grande saison des pluies dans le sud Togo, en cette ann\u00e9e 2025. En effet, selon les experts de la sous-r\u00e9gion r\u00e9unis r\u00e9cemment \u00e0 Abidjan, il est pr\u00e9vu dans le sud de la R\u00e9gion maritime et au nord de la centrale, des pr\u00e9cipitations d\u00e9ficitaires qui \u00e9volueront vers la normale au cours de la p\u00e9riode allant de mars \u00e0 mai. En ce qui concerne le reste du pays, il est attendu une pluviom\u00e9trie normale \u00e0 tendance exc\u00e9dentaire.<\/p>\n\n\n\n<p>Selon une d\u00e9claration&nbsp;lue par N\u2019koyi M\u2019poh, Chef division climatologie en charge de la base de donn\u00e9es, &nbsp;les pluies seront d\u00e9ficitaires en cette p\u00e9riode de mars, avril et mai de la grande saison des pluies au sud Togo. Mais tout le pays connaitra une situation normale \u00e0 tendance exc\u00e9dentaire entre avril et juin 2025.<\/p>\n\n\n\n<p>Ces r\u00e9sultats mettent en exergue les perturbations qu\u2019il peut y avoir chez les producteurs agricoles qui verront leurs campagnes agricoles d\u00e9marrer lentement mais s\u00fbrement et finir beaucoup plus t\u00f4t. Ce d\u00e9marrage tardif sera parsem\u00e9, du d\u00e9but jusqu\u2019\u00e0 la fin de la campagne, de s\u00e9quences s\u00e8ches longues \u00e0 tendance normales. Quant \u00e0 la population en g\u00e9n\u00e9ral, l\u2019alerte est donn\u00e9e pour des dispositions \u00e0 prendre pour ne pas \u00eatre surpris par des fortes pluies qui entraineraient des d\u00e9bordements au niveau des bassins d\u2019eau en l\u2019occurrence le bassin du Mono inf\u00e9rieur et du Lac Togo. &nbsp;<\/p>\n\n\n\n<p>Pour parer \u00e0 cette situation, il est recommand\u00e9 aux agriculteurs, l\u2019utilisation pure et simple des vari\u00e9t\u00e9s et esp\u00e8ces \u00e0 cycles courts r\u00e9silientes aux d\u00e9ficits hydriques et \u00e0 haut rendement. Il est \u00e9galement recommand\u00e9 d\u2019\u00e9viter l\u2019occupation des zones inondables, pour les habitations et les cultures, veiller \u00e0 la gestion rationnelle des ressources en eau pour assurer les besoins des barrages hydro-\u00e9lectriques et des am\u00e9nagements agricoles.<\/p>\n\n\n\n<figure class=\"wp-block-image size-full\"><img loading=\"lazy\" loading=\"lazy\" decoding=\"async\" width=\"696\" height=\"455\" src=\"https:\/\/corpsdiplomaticnews.tg\/wp-content\/uploads\/2025\/03\/DG-ANAMET-696x455-1.jpg\" alt=\"\" class=\"wp-image-9866\" srcset=\"https:\/\/corpsdiplomaticnews.tg\/wp-content\/uploads\/2025\/03\/DG-ANAMET-696x455-1.jpg 696w, https:\/\/corpsdiplomaticnews.tg\/wp-content\/uploads\/2025\/03\/DG-ANAMET-696x455-1-300x196.jpg 300w\" sizes=\"auto, (max-width: 696px) 100vw, 696px\" \/><\/figure>\n\n\n\n<p>Le directeur g\u00e9n\u00e9ral de l\u2019ANAMET, Dr. Issaou Latifou  (<strong>en photo<\/strong>)  a largement \u00e9tay\u00e9 la d\u00e9claration par des explications et des r\u00e9ponses aux inqui\u00e9tudes des uns et des autres. Il a, en fin de compte, insist\u00e9 sur le fait qu\u2019il est important de suivre r\u00e9guli\u00e8rement des mises \u00e0 jour sur les pr\u00e9visions quotidiennes et intra saisonni\u00e8res. Il a soulign\u00e9 que l\u2019Agence rend public trois bulletins par jour entre 6h, 12h, et 18h, ceci pour permettre \u00e0 la population d\u2019\u00eatre inform\u00e9e au maximum sur l\u2019\u00e9volution des donn\u00e9es m\u00e9t\u00e9orologiques dans le pays.<\/p>\n\n\n\n<p><\/p>\n","protected":false},"excerpt":{"rendered":"<p>L\u2019Agence nationale de la m\u00e9t\u00e9orologie (ANAMET) \u00e9tait devant la presse le vendredi 14 mars&nbsp; 2025. &nbsp;Objectif, &nbsp;expliquer aux hommes de m\u00e9dias, les r\u00e9sultats des \u00e9tudes de la pr\u00e9vision de la grande saison des pluies dans le sud Togo, en cette ann\u00e9e 2025. En effet, selon les experts de la sous-r\u00e9gion r\u00e9unis r\u00e9cemment \u00e0 Abidjan, il [&hellip;]<\/p>\n","protected":false},"author":2,"featured_media":9866,"comment_status":"open","ping_status":"open","sticky":false,"template":"","format":"standard","meta":{"footnotes":""},"categories":[9,124],"tags":[],"class_list":{"0":"post-9865","1":"post","2":"type-post","3":"status-publish","4":"format-standard","5":"has-post-thumbnail","7":"category-azimuts","8":"category-la-une"},"_links":{"self":[{"href":"https:\/\/corpsdiplomaticnews.tg\/index.php\/wp-json\/wp\/v2\/posts\/9865","targetHints":{"allow":["GET"]}}],"collection":[{"href":"https:\/\/corpsdiplomaticnews.tg\/index.php\/wp-json\/wp\/v2\/posts"}],"about":[{"href":"https:\/\/corpsdiplomaticnews.tg\/index.php\/wp-json\/wp\/v2\/types\/post"}],"author":[{"embeddable":true,"href":"https:\/\/corpsdiplomaticnews.tg\/index.php\/wp-json\/wp\/v2\/users\/2"}],"replies":[{"embeddable":true,"href":"https:\/\/corpsdiplomaticnews.tg\/index.php\/wp-json\/wp\/v2\/comments?post=9865"}],"version-history":[{"count":1,"href":"https:\/\/corpsdiplomaticnews.tg\/index.php\/wp-json\/wp\/v2\/posts\/9865\/revisions"}],"predecessor-version":[{"id":9867,"href":"https:\/\/corpsdiplomaticnews.tg\/index.php\/wp-json\/wp\/v2\/posts\/9865\/revisions\/9867"}],"wp:featuredmedia":[{"embeddable":true,"href":"https:\/\/corpsdiplomaticnews.tg\/index.php\/wp-json\/wp\/v2\/media\/9866"}],"wp:attachment":[{"href":"https:\/\/corpsdiplomaticnews.tg\/index.php\/wp-json\/wp\/v2\/media?parent=9865"}],"wp:term":[{"taxonomy":"category","embeddable":true,"href":"https:\/\/corpsdiplomaticnews.tg\/index.php\/wp-json\/wp\/v2\/categories?post=9865"},{"taxonomy":"post_tag","embeddable":true,"href":"https:\/\/corpsdiplomaticnews.tg\/index.php\/wp-json\/wp\/v2\/tags?post=9865"}],"curies":[{"name":"wp","href":"https:\/\/api.w.org\/{rel}","templated":true}]}}