{"id":9829,"date":"2025-03-10T23:41:54","date_gmt":"2025-03-10T23:41:54","guid":{"rendered":"https:\/\/corpsdiplomaticnews.tg\/?p=9829"},"modified":"2025-03-10T23:41:56","modified_gmt":"2025-03-10T23:41:56","slug":"conseil-national-du-patronat-du-togo-sedolo-tamegnon-decroche-un-trophee-fogeca","status":"publish","type":"post","link":"https:\/\/corpsdiplomaticnews.tg\/index.php\/2025\/03\/10\/conseil-national-du-patronat-du-togo-sedolo-tamegnon-decroche-un-trophee-fogeca\/","title":{"rendered":"Conseil national du Patronat du Togo: S\u00e9dolo\u00a0 TAMEGNON\u00a0 d\u00e9croche un troph\u00e9e\u00a0 FOGECA"},"content":{"rendered":"\n<p>\u00abAux \u00e2mes bien n\u00e9es, la valeur n\u2019attend point le nombre des ann\u00e9es\u00bb, disait Pierre Corneille dans le Cid. En effet,\u00a0 Coami Sedolo TAMEGNON, pr\u00e9sident du Conseil National du Patronat du Togo (CNP-Togo) et Vice-pr\u00e9sident de la F\u00e9d\u00e9ration des Organisations Patronales de l\u2019Afrique de l\u2019Ouest (FOPAO), s\u2019est fait distinguer au-del\u00e0 des fronti\u00e8res togolaises gr\u00e2ce \u00e0 ses r\u00e9alisations. Le pr\u00e9sident du patronat togolais \u00a0a r\u00e9cemment re\u00e7u une distinction prestigieuse \u00e0 Banjul, la capitale de la Gambie, pour ses efforts et son engagement envers l\u2019\u00e9mergence \u00e9conomique du continent\u00a0 africain. <\/p>\n\n\n\n<figure class=\"wp-block-image size-full\"><img loading=\"lazy\" loading=\"lazy\" decoding=\"async\" width=\"696\" height=\"522\" src=\"https:\/\/corpsdiplomaticnews.tg\/wp-content\/uploads\/2025\/03\/LAURENT-TAMEGNON.jpg\" alt=\"\" class=\"wp-image-9831\" srcset=\"https:\/\/corpsdiplomaticnews.tg\/wp-content\/uploads\/2025\/03\/LAURENT-TAMEGNON.jpg 696w, https:\/\/corpsdiplomaticnews.tg\/wp-content\/uploads\/2025\/03\/LAURENT-TAMEGNON-300x225.jpg 300w\" sizes=\"auto, (max-width: 696px) 100vw, 696px\" \/><\/figure>\n\n\n\n<p><strong>Laurent TAMEGNON, Pr\u00e9sident du CNP-Togo<\/strong> <\/p>\n\n\n\n<p>Cette distinction a \u00e9t\u00e9 attribu\u00e9e \u00e0 Laurent TAMEGNON lors de la 17e \u00e9dition du Forum des Op\u00e9rateurs \u00c9conomiques pour la Garantie de l\u2019\u00c9mergence \u00c9conomique en Afrique (FOGECA), un \u00e9v\u00e9nement qui s\u2019est tenu &nbsp;d\u00e9but f\u00e9vrier \u00e0 Banjul.<\/p>\n\n\n\n<p>Elle met &nbsp;en lumi\u00e8re l\u2019importance du dialogue entre les secteurs publics et priv\u00e9s pour le progr\u00e8s \u00e9conomique du continent.<\/p>\n\n\n\n<p>Interrog\u00e9 sur cette reconnaissance, le pr\u00e9sident du CNP-Togo a exprim\u00e9 sa surprise et sa joie. \u00abUn peu surpris mais heureux, car une telle distinction, attribu\u00e9e au pr\u00e9sident du patronat pour ses \u0153uvres africaines, n\u2019est pas donn\u00e9e tous les jours. Je ne m\u2019y attendais pas. Je ne peux que leur dire merci \u00bb, a-t-il d\u00e9clar\u00e9 l\u2019\u00e9lu du jour. <\/p>\n\n\n\n<figure class=\"wp-block-image size-full\"><img loading=\"lazy\" loading=\"lazy\" decoding=\"async\" width=\"924\" height=\"1024\" src=\"https:\/\/corpsdiplomaticnews.tg\/wp-content\/uploads\/2025\/03\/PRIX-1.jpg\" alt=\"\" class=\"wp-image-9832\" srcset=\"https:\/\/corpsdiplomaticnews.tg\/wp-content\/uploads\/2025\/03\/PRIX-1.jpg 924w, https:\/\/corpsdiplomaticnews.tg\/wp-content\/uploads\/2025\/03\/PRIX-1-271x300.jpg 271w, https:\/\/corpsdiplomaticnews.tg\/wp-content\/uploads\/2025\/03\/PRIX-1-768x851.jpg 768w, https:\/\/corpsdiplomaticnews.tg\/wp-content\/uploads\/2025\/03\/PRIX-1-860x953.jpg 860w\" sizes=\"auto, (max-width: 924px) 100vw, 924px\" \/><\/figure>\n\n\n\n<p>Il a \u00e9galement salu\u00e9 l\u2019initiative de cette r\u00e9compense, soulignant l\u2019importance de la coop\u00e9ration interafricaine pour l\u2019essor \u00e9conomique du continent. Le pr\u00e9sident du CNP-Togo a par ailleurs rendu hommage au gouvernement gambien pour son r\u00f4le crucial dans la r\u00e9ussite de la rencontre, remerciant les autorit\u00e9s locales pour les dispositions prises pour assurer le bon d\u00e9roulement de l\u2019\u00e9v\u00e9nement.<\/p>\n\n\n\n<p>Il sied de rappeler\u00a0 que le Forum\u00a0 a rassembl\u00e9\u00a0 plus d\u2019une vingtaine\u00a0 de \u00a0d\u00e9l\u00e9gations africaines, ainsi que des chefs d\u2019entreprises venus d\u2019Europe, des \u00c9tats-Unis et d\u2019Asie.\u00a0 Aussi, a-t-il\u00a0 permis de renforcer les liens \u00e9conomiques entre le continent africain et le reste du monde. Le FOGECA, en mettant l\u2019accent sur la coop\u00e9ration Sud-Sud et s\u2019inscrit dans une dynamique visant \u00e0 rapprocher les \u00e9conomies africaines et \u00e0 soutenir leur \u00e9mergence sur la sc\u00e8ne internationale. <\/p>\n","protected":false},"excerpt":{"rendered":"<p>\u00abAux \u00e2mes bien n\u00e9es, la valeur n\u2019attend point le nombre des ann\u00e9es\u00bb, disait Pierre Corneille dans le Cid. En effet,\u00a0 Coami Sedolo TAMEGNON, pr\u00e9sident du Conseil National du Patronat du Togo (CNP-Togo) et Vice-pr\u00e9sident de la F\u00e9d\u00e9ration des Organisations Patronales de l\u2019Afrique de l\u2019Ouest (FOPAO), s\u2019est fait distinguer au-del\u00e0 des fronti\u00e8res togolaises gr\u00e2ce \u00e0 ses [&hellip;]<\/p>\n","protected":false},"author":2,"featured_media":9831,"comment_status":"open","ping_status":"open","sticky":false,"template":"","format":"standard","meta":{"footnotes":""},"categories":[104,124],"tags":[],"class_list":{"0":"post-9829","1":"post","2":"type-post","3":"status-publish","4":"format-standard","5":"has-post-thumbnail","7":"category-economie","8":"category-la-une"},"_links":{"self":[{"href":"https:\/\/corpsdiplomaticnews.tg\/index.php\/wp-json\/wp\/v2\/posts\/9829","targetHints":{"allow":["GET"]}}],"collection":[{"href":"https:\/\/corpsdiplomaticnews.tg\/index.php\/wp-json\/wp\/v2\/posts"}],"about":[{"href":"https:\/\/corpsdiplomaticnews.tg\/index.php\/wp-json\/wp\/v2\/types\/post"}],"author":[{"embeddable":true,"href":"https:\/\/corpsdiplomaticnews.tg\/index.php\/wp-json\/wp\/v2\/users\/2"}],"replies":[{"embeddable":true,"href":"https:\/\/corpsdiplomaticnews.tg\/index.php\/wp-json\/wp\/v2\/comments?post=9829"}],"version-history":[{"count":1,"href":"https:\/\/corpsdiplomaticnews.tg\/index.php\/wp-json\/wp\/v2\/posts\/9829\/revisions"}],"predecessor-version":[{"id":9833,"href":"https:\/\/corpsdiplomaticnews.tg\/index.php\/wp-json\/wp\/v2\/posts\/9829\/revisions\/9833"}],"wp:featuredmedia":[{"embeddable":true,"href":"https:\/\/corpsdiplomaticnews.tg\/index.php\/wp-json\/wp\/v2\/media\/9831"}],"wp:attachment":[{"href":"https:\/\/corpsdiplomaticnews.tg\/index.php\/wp-json\/wp\/v2\/media?parent=9829"}],"wp:term":[{"taxonomy":"category","embeddable":true,"href":"https:\/\/corpsdiplomaticnews.tg\/index.php\/wp-json\/wp\/v2\/categories?post=9829"},{"taxonomy":"post_tag","embeddable":true,"href":"https:\/\/corpsdiplomaticnews.tg\/index.php\/wp-json\/wp\/v2\/tags?post=9829"}],"curies":[{"name":"wp","href":"https:\/\/api.w.org\/{rel}","templated":true}]}}