{"id":9824,"date":"2025-03-10T22:51:45","date_gmt":"2025-03-10T22:51:45","guid":{"rendered":"https:\/\/corpsdiplomaticnews.tg\/?p=9824"},"modified":"2025-03-11T08:15:32","modified_gmt":"2025-03-11T08:15:32","slug":"le-prefet-de-yoto-fait-preuve-de-legerete-et-couvre-faure-gnassingbe-de-honte","status":"publish","type":"post","link":"https:\/\/corpsdiplomaticnews.tg\/index.php\/2025\/03\/10\/le-prefet-de-yoto-fait-preuve-de-legerete-et-couvre-faure-gnassingbe-de-honte\/","title":{"rendered":"Le pr\u00e9fet de Yoto fait preuve de l\u00e9g\u00e8ret\u00e9 et couvre \u00a0Faure Gnassingb\u00e9 de honte"},"content":{"rendered":"\n<p>Dans la journ\u00e9e du vendredi 07 mars 2025 et autour de midi, un habitant du quartier Gnenda-Kondji, localit\u00e9 qui abrite le si\u00e8ge de la Soci\u00e9t\u00e9 Scantogo (dans le canton de Tokpli, pr\u00e9fecture de Yoto)&nbsp; a fait&nbsp; une crise. L\u2019int\u00e9ress\u00e9, selon les recoupements effectu\u00e9s par la r\u00e9daction de CorpsDiplomaticnews.tg, \u00e9tait un ouvrier d\u2019une soci\u00e9t\u00e9 sous-traitante de SCANTOGO. &nbsp;&nbsp;&nbsp;<\/p>\n\n\n\n<p>Alert\u00e9s, les services de sant\u00e9 de l\u2019usine ont d\u00e9p\u00each\u00e9 une ambulance pour transporter le malade \u00e0 l\u2019H\u00f4pital St Jean d\u2019Afagnan&nbsp; pour des soins.  <\/p>\n\n\n\n<p><\/p>\n\n\n\n<figure class=\"wp-block-image size-full\"><img loading=\"lazy\" loading=\"lazy\" decoding=\"async\" width=\"696\" height=\"439\" src=\"https:\/\/corpsdiplomaticnews.tg\/wp-content\/uploads\/2023\/12\/Faure-Gnassingbe-696x439-1.jpg\" alt=\"\" class=\"wp-image-6983\" srcset=\"https:\/\/corpsdiplomaticnews.tg\/wp-content\/uploads\/2023\/12\/Faure-Gnassingbe-696x439-1.jpg 696w, https:\/\/corpsdiplomaticnews.tg\/wp-content\/uploads\/2023\/12\/Faure-Gnassingbe-696x439-1-300x189.jpg 300w\" sizes=\"auto, (max-width: 696px) 100vw, 696px\" \/><\/figure>\n\n\n\n<p><strong>Faure GNASSINGBE <\/strong><\/p>\n\n\n\n<p>Dans la journ\u00e9e du samedi 08 mars autour de 09 heures, l\u2019ouvrier au nom de SEDODO  Yao Joseph succomba de sa crise.  Et selon des responsables&nbsp; de cet h\u00f4pital, le patient a \u00e9t\u00e9 a&nbsp; \u00e9t\u00e9 victime du chol\u00e9ra. Cette information a \u00e9t\u00e9 partag\u00e9e avec les autorit\u00e9s sanitaires et administratives de la Pr\u00e9fecture de Yoto en l\u2019occurrence, le Pr\u00e9fet, lui-m\u00eame.&nbsp;&nbsp; Et chose curieuse, c\u2019est ce dernier qui prend sur lui,&nbsp; la responsabilit\u00e9 d\u2019informer les&nbsp; populations de sa juridiction administrative, sp\u00e9cialement celles du canton de Tokpli, \u00e9picentre de la maladie. Et de quelle mani\u00e8re&nbsp;?<\/p>\n\n\n\n<p>&nbsp;C\u2019est \u00e0 travers un communiqu\u00e9 laconique que &nbsp;ce repr\u00e9sentant du pouvoir central, a voulu informer les populations par whasapp. <strong>Ledit communiqu\u00e9 n\u2019est ni sign\u00e9, ni dat\u00e9. Pis encore, dans ce texte, &nbsp;le pr\u00e9fet fait r\u00e9f\u00e9rence \u00e0 la direction pr\u00e9fectorale de la sant\u00e9 de Yoto<\/strong>. Entre cette structure et lui en tant que pr\u00e9fet, quelle institution est habilit\u00e9e \u00e0 faire sortir un communiqu\u00e9 dans ce cas de figure&nbsp;?<\/p>\n\n\n\n<p>Une autre curiosit\u00e9 dans ce communiqu\u00e9: le pr\u00e9fet qu\u2019on d\u00e9clare \u00eatre &nbsp;originaire du m\u00eame canton de Tokpli, n\u2019a pas r\u00e9ussi \u00e0 bien orthographier&nbsp; le&nbsp; quartier dont est originaire&nbsp; la victime. C\u2019est ainsi qu\u2019il a &nbsp;\u00e9crit dans son texte \u00ab&nbsp;<strong>N\u2019djian &nbsp;Kop\u00e9<\/strong>&nbsp;\u00bb en lieu et place&nbsp; de <strong>Gnenda-Kondji<\/strong>. Ce qui a rendu tr\u00e8s floue, &nbsp;la compr\u00e9hension dudit communiqu\u00e9, les lecteurs ne sachant o\u00f9 se trouve une telle localit\u00e9 dans le canton.<\/p>\n\n\n\n<p>Nombreux sont ceux qui, au vu de ce communiqu\u00e9, se sont indign\u00e9s&nbsp; du fait que le pr\u00e9fet ait sorti&nbsp; un tel&nbsp; document &nbsp;sur Whasapp et dans lequel, l\u2019on ne voit que <strong>son titre, sans son nom. <\/strong>Et si demain n\u2019importe quel quidam faisait pareil en usurpant le m\u00eame titre,&nbsp; quelle serait sa r\u00e9action?<\/p>\n\n\n\n<p>En temps normal, le Pr\u00e9fet de Yoto devrait utiliser un papier &#8211; en- t\u00eate portant&nbsp; les inscriptions \u00e9tatiques, avec son titre, sa signature, son identit\u00e9 et surtout le cachet&nbsp; de son autorit\u00e9.&nbsp; Avec un&nbsp; communiqu\u00e9&nbsp; manquant&nbsp; de ces \u00e9l\u00e9ments, le pr\u00e9fet a fait vraiment preuve d\u2019une grande l\u00e9g\u00e8ret\u00e9 qui n\u2019honore pas son titre. Cela laisse de v\u00e9ritables remous au sein de l\u2019opinion sur ses r\u00e9elles comp\u00e9tences \u00e0 assumer une telle responsabilit\u00e9.<\/p>\n\n\n\n<p>En toutes circonstances, il faut savoir respecter son titre &nbsp;et ne pas se comporter comme un citoyen lambda, et surtout lorsque l\u2019on porte des responsabilit\u00e9s \u00e9tatiques sur ses \u00e9paules.&nbsp;<\/p>\n\n\n\n<p>Devant un cas de maladie \u00e9pid\u00e9mique, en sortant un communiqu\u00e9 en lieu du Directeur pr\u00e9fectoral de la sant\u00e9, le pr\u00e9fet de Yoto s\u2019est vers\u00e9 simplement dans un z\u00e8le d\u00e9plac\u00e9 qui n\u2019honore pas celui   \u00e0 travers qui il&nbsp; a \u00e9t\u00e9 &nbsp;nomm\u00e9:  le Chef de l\u2019Etat Faure Gnassingb\u00e9 qui se trouve ainsi honni.&nbsp;<\/p>\n\n\n\n<p><strong>David   Ricardo<\/strong><\/p>\n\n\n\n<p><\/p>\n","protected":false},"excerpt":{"rendered":"<p>Dans la journ\u00e9e du vendredi 07 mars 2025 et autour de midi, un habitant du quartier Gnenda-Kondji, localit\u00e9 qui abrite le si\u00e8ge de la Soci\u00e9t\u00e9 Scantogo (dans le canton de Tokpli, pr\u00e9fecture de Yoto)&nbsp; a fait&nbsp; une crise. L\u2019int\u00e9ress\u00e9, selon les recoupements effectu\u00e9s par la r\u00e9daction de CorpsDiplomaticnews.tg, \u00e9tait un ouvrier d\u2019une soci\u00e9t\u00e9 sous-traitante de [&hellip;]<\/p>\n","protected":false},"author":2,"featured_media":6983,"comment_status":"open","ping_status":"open","sticky":false,"template":"","format":"standard","meta":{"footnotes":""},"categories":[9,124,1],"tags":[],"class_list":{"0":"post-9824","1":"post","2":"type-post","3":"status-publish","4":"format-standard","5":"has-post-thumbnail","7":"category-azimuts","8":"category-la-une","9":"category-non-classe"},"_links":{"self":[{"href":"https:\/\/corpsdiplomaticnews.tg\/index.php\/wp-json\/wp\/v2\/posts\/9824","targetHints":{"allow":["GET"]}}],"collection":[{"href":"https:\/\/corpsdiplomaticnews.tg\/index.php\/wp-json\/wp\/v2\/posts"}],"about":[{"href":"https:\/\/corpsdiplomaticnews.tg\/index.php\/wp-json\/wp\/v2\/types\/post"}],"author":[{"embeddable":true,"href":"https:\/\/corpsdiplomaticnews.tg\/index.php\/wp-json\/wp\/v2\/users\/2"}],"replies":[{"embeddable":true,"href":"https:\/\/corpsdiplomaticnews.tg\/index.php\/wp-json\/wp\/v2\/comments?post=9824"}],"version-history":[{"count":2,"href":"https:\/\/corpsdiplomaticnews.tg\/index.php\/wp-json\/wp\/v2\/posts\/9824\/revisions"}],"predecessor-version":[{"id":9834,"href":"https:\/\/corpsdiplomaticnews.tg\/index.php\/wp-json\/wp\/v2\/posts\/9824\/revisions\/9834"}],"wp:featuredmedia":[{"embeddable":true,"href":"https:\/\/corpsdiplomaticnews.tg\/index.php\/wp-json\/wp\/v2\/media\/6983"}],"wp:attachment":[{"href":"https:\/\/corpsdiplomaticnews.tg\/index.php\/wp-json\/wp\/v2\/media?parent=9824"}],"wp:term":[{"taxonomy":"category","embeddable":true,"href":"https:\/\/corpsdiplomaticnews.tg\/index.php\/wp-json\/wp\/v2\/categories?post=9824"},{"taxonomy":"post_tag","embeddable":true,"href":"https:\/\/corpsdiplomaticnews.tg\/index.php\/wp-json\/wp\/v2\/tags?post=9824"}],"curies":[{"name":"wp","href":"https:\/\/api.w.org\/{rel}","templated":true}]}}