{"id":9720,"date":"2025-02-28T16:16:16","date_gmt":"2025-02-28T16:16:16","guid":{"rendered":"https:\/\/corpsdiplomaticnews.tg\/?p=9720"},"modified":"2025-02-28T17:40:16","modified_gmt":"2025-02-28T17:40:16","slug":"insecurite-a-lome-un-voleur-de-portable-arrete-pres-du-marche-de-be-madjoulba-interpelle","status":"publish","type":"post","link":"https:\/\/corpsdiplomaticnews.tg\/index.php\/2025\/02\/28\/insecurite-a-lome-un-voleur-de-portable-arrete-pres-du-marche-de-be-madjoulba-interpelle\/","title":{"rendered":"Ins\u00e9curit\u00e9 \u00e0 Lom\u00e9: un voleur de portable arr\u00eat\u00e9 pr\u00e8s du march\u00e9 de B\u00e8, MADJOULBA interpel\u00e9"},"content":{"rendered":"\n<p>Il y a une semaine nous avons fait cas des vols \u00e0 r\u00e9p\u00e9tition dans le canton de B\u00e8. Et nous avons d\u00e9nonc\u00e9 l&rsquo;ins\u00e9curit\u00e9 qui r\u00e8gne actuellement dans le quartier Gb\u00e9ny\u00e9dji et ses environnants.  <\/p>\n\n\n\n<p><\/p>\n\n\n\n<figure class=\"wp-block-image size-full\"><img loading=\"lazy\" loading=\"lazy\" decoding=\"async\" width=\"640\" height=\"427\" src=\"https:\/\/corpsdiplomaticnews.tg\/wp-content\/uploads\/2025\/02\/Calixte_Batossie_Madjoulba.jpg\" alt=\"\" class=\"wp-image-9657\" srcset=\"https:\/\/corpsdiplomaticnews.tg\/wp-content\/uploads\/2025\/02\/Calixte_Batossie_Madjoulba.jpg 640w, https:\/\/corpsdiplomaticnews.tg\/wp-content\/uploads\/2025\/02\/Calixte_Batossie_Madjoulba-300x200.jpg 300w, https:\/\/corpsdiplomaticnews.tg\/wp-content\/uploads\/2025\/02\/Calixte_Batossie_Madjoulba-330x220.jpg 330w, https:\/\/corpsdiplomaticnews.tg\/wp-content\/uploads\/2025\/02\/Calixte_Batossie_Madjoulba-420x280.jpg 420w, https:\/\/corpsdiplomaticnews.tg\/wp-content\/uploads\/2025\/02\/Calixte_Batossie_Madjoulba-615x410.jpg 615w\" sizes=\"auto, (max-width: 640px) 100vw, 640px\" \/><\/figure>\n\n\n\n<p><strong>Le Colonel Calixte MADJOULBA, Ministre de la s\u00e9curit\u00e9 et de la protection sociale<\/strong><\/p>\n\n\n\n<p>Eh bien! Aujourd&rsquo;hui, ce sont les&nbsp; riverains&nbsp;&nbsp; du march\u00e9 de B\u00e8 &nbsp;qui subissent la loi des malfrats. En effet, un jeune gar\u00e7on &nbsp;d&rsquo;une vingtaine d&rsquo;ann\u00e9es environ,&nbsp; est arr\u00eat\u00e9 derri\u00e8re le si\u00e8ge de la microfinance FUCEC, apr\u00e8s une course poursuite ce jeudi 27 f\u00e9vrier 2025. La population aurait pu lui r\u00e9gler son compte, si le propri\u00e9taire de l&rsquo;appareil portable vol\u00e9, dans un esprit r\u00e9galien, n&rsquo;a pas contraint cette foule en col\u00e8re, de renoncer \u00e0 leur sentence populaire.<\/p>\n\n\n\n<p><strong>Les faits &nbsp;&nbsp; &nbsp;<\/strong><\/p>\n\n\n\n<p>Tard la nuit, ce jeune a escalad\u00e9 un &nbsp;mur mitoyen au si\u00e8ge de cette &nbsp;microfinance. Tout le monde dormait. Au moment o\u00f9 il emportait l&rsquo;appareil d&rsquo;autrui, de marque Iphone, apr\u00e8s avoir escalad\u00e9 le mur, un voisin l&rsquo;a surpris dans sa fuite. Aussit\u00f4t, ce dernier a commenc\u00e9 \u00e0 crier pour donner l&rsquo;alerte. Ainsi, des habitants du quartier se sont r\u00e9veill\u00e9s pour poursuivre le malfrat. Arr\u00eat\u00e9, le jeune malfrat reconna\u00eet avoir pris l&rsquo;appareil que, dans sa fuite, il a \u00e9gar\u00e9 quelque part. Sur insistance du public en proie \u00e0 l&rsquo;hyst\u00e9rie, le jeune malfrat, nomm\u00e9 Kangni a fini par conduire le public vers le lieu o\u00f9 il a cach\u00e9 l&rsquo;appareil. Entre-temps, le propri\u00e9taire de l&rsquo;appareil \u00e9tait parti faire une d\u00e9claration de perte dans un commissariat. De retour, il retrouve son appareil cach\u00e9, \u00e0 l&rsquo;endroit indiqu\u00e9, dans un sac en plastique dans lequel le voleur l&rsquo;a mis. Le malfrat a \u00e9t\u00e9 &nbsp;conduit \u00e0 un poste de police, dans un m\u00e9contentement, la foule n\u2019ayant pas confiance \u00e0 la police.<\/p>\n\n\n\n<p>Ce d\u00e9ficit de confiance qui existe entre les forces de l&rsquo;ordre et les citoyens met \u00e0&nbsp; mal la collaboration qui devrait exister entre les deux parties en mati\u00e8re de gestion de l&rsquo;ins\u00e9curit\u00e9 dans la ville de Lom\u00e9.<\/p>\n\n\n\n<p>Il sied de noter que le malfrat a avou\u00e9 qu&rsquo;il guettait l&rsquo;appareil pendant la journ\u00e9e depuis une maison \u00e0 \u00e9tages en chantier, pr\u00e8s du si\u00e8ge de la microfinance, o\u00f9 il est embauch\u00e9 comme un man\u0153uvre.<\/p>\n\n\n\n<p>Cette op\u00e9ration des malfrats vient une fois encore confirmer la recrudescence d&rsquo;ins\u00e9curit\u00e9 dans le canton de &nbsp;B\u00e8. La d\u00e9linquance juv\u00e9nile, la consommation de la drogue par des jeunes, le r\u00e9cidivisme des repris de justice, le manque de patrouilles nocturnes dans ces quartiers constituent quelques-unes des causes de l&rsquo;ins\u00e9curit\u00e9 dont est victime la paisible population de Lom\u00e9.<\/p>\n\n\n\n<p>Une fois encore le Ministre de la S\u00e9curit\u00e9, le Colonel\u00a0 Calixte MADJOULBA\u00a0 est interpel\u00e9 afin d&rsquo;anticiper sur des actes d&rsquo;ins\u00e9curit\u00e9, en prenant des dispositions dissuasives pour d\u00e9motiver ces bandits de grands chemins. <\/p>\n\n\n\n<p><\/p>\n","protected":false},"excerpt":{"rendered":"<p>Il y a une semaine nous avons fait cas des vols \u00e0 r\u00e9p\u00e9tition dans le canton de B\u00e8. Et nous avons d\u00e9nonc\u00e9 l&rsquo;ins\u00e9curit\u00e9 qui r\u00e8gne actuellement dans le quartier Gb\u00e9ny\u00e9dji et ses environnants. Le Colonel Calixte MADJOULBA, Ministre de la s\u00e9curit\u00e9 et de la protection sociale Eh bien! Aujourd&rsquo;hui, ce sont les&nbsp; riverains&nbsp;&nbsp; du march\u00e9 [&hellip;]<\/p>\n","protected":false},"author":2,"featured_media":9657,"comment_status":"open","ping_status":"open","sticky":false,"template":"","format":"standard","meta":{"footnotes":""},"categories":[9,124],"tags":[],"class_list":{"0":"post-9720","1":"post","2":"type-post","3":"status-publish","4":"format-standard","5":"has-post-thumbnail","7":"category-azimuts","8":"category-la-une"},"_links":{"self":[{"href":"https:\/\/corpsdiplomaticnews.tg\/index.php\/wp-json\/wp\/v2\/posts\/9720","targetHints":{"allow":["GET"]}}],"collection":[{"href":"https:\/\/corpsdiplomaticnews.tg\/index.php\/wp-json\/wp\/v2\/posts"}],"about":[{"href":"https:\/\/corpsdiplomaticnews.tg\/index.php\/wp-json\/wp\/v2\/types\/post"}],"author":[{"embeddable":true,"href":"https:\/\/corpsdiplomaticnews.tg\/index.php\/wp-json\/wp\/v2\/users\/2"}],"replies":[{"embeddable":true,"href":"https:\/\/corpsdiplomaticnews.tg\/index.php\/wp-json\/wp\/v2\/comments?post=9720"}],"version-history":[{"count":2,"href":"https:\/\/corpsdiplomaticnews.tg\/index.php\/wp-json\/wp\/v2\/posts\/9720\/revisions"}],"predecessor-version":[{"id":9725,"href":"https:\/\/corpsdiplomaticnews.tg\/index.php\/wp-json\/wp\/v2\/posts\/9720\/revisions\/9725"}],"wp:featuredmedia":[{"embeddable":true,"href":"https:\/\/corpsdiplomaticnews.tg\/index.php\/wp-json\/wp\/v2\/media\/9657"}],"wp:attachment":[{"href":"https:\/\/corpsdiplomaticnews.tg\/index.php\/wp-json\/wp\/v2\/media?parent=9720"}],"wp:term":[{"taxonomy":"category","embeddable":true,"href":"https:\/\/corpsdiplomaticnews.tg\/index.php\/wp-json\/wp\/v2\/categories?post=9720"},{"taxonomy":"post_tag","embeddable":true,"href":"https:\/\/corpsdiplomaticnews.tg\/index.php\/wp-json\/wp\/v2\/tags?post=9720"}],"curies":[{"name":"wp","href":"https:\/\/api.w.org\/{rel}","templated":true}]}}