{"id":9707,"date":"2025-02-26T00:32:08","date_gmt":"2025-02-26T00:32:08","guid":{"rendered":"https:\/\/corpsdiplomaticnews.tg\/?p=9707"},"modified":"2025-02-26T00:32:10","modified_gmt":"2025-02-26T00:32:10","slug":"le-gouvernement-beninois-a-perdu-le-ministre-yves-kouaro","status":"publish","type":"post","link":"https:\/\/corpsdiplomaticnews.tg\/index.php\/2025\/02\/26\/le-gouvernement-beninois-a-perdu-le-ministre-yves-kouaro\/","title":{"rendered":"Le gouvernement \u00a0b\u00e9ninois  a  perdu \u00a0le ministre Yves Kouaro"},"content":{"rendered":"\n<p>Le B\u00e9nin est en deuil. Le ministre des enseignements secondaire, technique et de la Formation professionnelle, Yves Chabi Kouaro a tragiquement perdu la vie dans un accident de circulation le jeudi  20  f\u00e9vrier   \u00e0 l\u2019entr\u00e9e de Parakou. La nouvelle, tomb\u00e9e comme un couperet, a plong\u00e9 le pays dans une profonde tristesse. <\/p>\n\n\n\n<p><\/p>\n\n\n\n<figure class=\"wp-block-image size-full\"><img loading=\"lazy\" loading=\"lazy\" decoding=\"async\" width=\"507\" height=\"604\" src=\"https:\/\/corpsdiplomaticnews.tg\/wp-content\/uploads\/2025\/02\/YVES.jpg\" alt=\"\" class=\"wp-image-9708\" srcset=\"https:\/\/corpsdiplomaticnews.tg\/wp-content\/uploads\/2025\/02\/YVES.jpg 507w, https:\/\/corpsdiplomaticnews.tg\/wp-content\/uploads\/2025\/02\/YVES-252x300.jpg 252w\" sizes=\"auto, (max-width: 507px) 100vw, 507px\" \/><\/figure>\n\n\n\n<p>Selon les informations, l\u2019accident a \u00e9galement co\u00fbt\u00e9 la vie au garde du corps du ministre. Son \u00e9pouse et son chauffeur se trouveraient dans un \u00e9tat critique, suscitant une vive inqui\u00e9tude quant \u00e0 leur sort.<\/p>\n\n\n\n<p>Yves Chabi Kouaro \u00e9tait une figure marquante du gouvernement, reconnu pour son engagement en faveur de l\u2019\u00e9ducation et de la formation professionnelle. Son d\u00e9c\u00e8s brutal laisse un vide immense au sein du paysage politique b\u00e9ninois.<\/p>\n\n\n\n<p>Les circonstances exactes de l\u2019accident n\u2019ont pas encore \u00e9t\u00e9 communiqu\u00e9es. La r\u00e9daction de l&rsquo;Agence Corps Diplomatic  News  adresse ses plus sinc\u00e8res condol\u00e9ances \u00e0 la famille et aux proches du ministre Yves Chabi Kouaro, ainsi qu\u2019\u00e0 l\u2019ensemble du peuple b\u00e9ninois. <\/p>\n","protected":false},"excerpt":{"rendered":"<p>Le B\u00e9nin est en deuil. Le ministre des enseignements secondaire, technique et de la Formation professionnelle, Yves Chabi Kouaro a tragiquement perdu la vie dans un accident de circulation le jeudi 20 f\u00e9vrier \u00e0 l\u2019entr\u00e9e de Parakou. La nouvelle, tomb\u00e9e comme un couperet, a plong\u00e9 le pays dans une profonde tristesse. Selon les informations, l\u2019accident [&hellip;]<\/p>\n","protected":false},"author":2,"featured_media":9708,"comment_status":"open","ping_status":"open","sticky":false,"template":"","format":"standard","meta":{"footnotes":""},"categories":[9,124],"tags":[],"class_list":{"0":"post-9707","1":"post","2":"type-post","3":"status-publish","4":"format-standard","5":"has-post-thumbnail","7":"category-azimuts","8":"category-la-une"},"_links":{"self":[{"href":"https:\/\/corpsdiplomaticnews.tg\/index.php\/wp-json\/wp\/v2\/posts\/9707","targetHints":{"allow":["GET"]}}],"collection":[{"href":"https:\/\/corpsdiplomaticnews.tg\/index.php\/wp-json\/wp\/v2\/posts"}],"about":[{"href":"https:\/\/corpsdiplomaticnews.tg\/index.php\/wp-json\/wp\/v2\/types\/post"}],"author":[{"embeddable":true,"href":"https:\/\/corpsdiplomaticnews.tg\/index.php\/wp-json\/wp\/v2\/users\/2"}],"replies":[{"embeddable":true,"href":"https:\/\/corpsdiplomaticnews.tg\/index.php\/wp-json\/wp\/v2\/comments?post=9707"}],"version-history":[{"count":1,"href":"https:\/\/corpsdiplomaticnews.tg\/index.php\/wp-json\/wp\/v2\/posts\/9707\/revisions"}],"predecessor-version":[{"id":9709,"href":"https:\/\/corpsdiplomaticnews.tg\/index.php\/wp-json\/wp\/v2\/posts\/9707\/revisions\/9709"}],"wp:featuredmedia":[{"embeddable":true,"href":"https:\/\/corpsdiplomaticnews.tg\/index.php\/wp-json\/wp\/v2\/media\/9708"}],"wp:attachment":[{"href":"https:\/\/corpsdiplomaticnews.tg\/index.php\/wp-json\/wp\/v2\/media?parent=9707"}],"wp:term":[{"taxonomy":"category","embeddable":true,"href":"https:\/\/corpsdiplomaticnews.tg\/index.php\/wp-json\/wp\/v2\/categories?post=9707"},{"taxonomy":"post_tag","embeddable":true,"href":"https:\/\/corpsdiplomaticnews.tg\/index.php\/wp-json\/wp\/v2\/tags?post=9707"}],"curies":[{"name":"wp","href":"https:\/\/api.w.org\/{rel}","templated":true}]}}