{"id":9656,"date":"2025-02-22T22:38:18","date_gmt":"2025-02-22T22:38:18","guid":{"rendered":"https:\/\/corpsdiplomaticnews.tg\/?p=9656"},"modified":"2025-02-24T08:11:54","modified_gmt":"2025-02-24T08:11:54","slug":"insecurite-dans-le-quartier-gbenyedji-kope-le-ministre-madjoulba-interpelle","status":"publish","type":"post","link":"https:\/\/corpsdiplomaticnews.tg\/index.php\/2025\/02\/22\/insecurite-dans-le-quartier-gbenyedji-kope-le-ministre-madjoulba-interpelle\/","title":{"rendered":"INSECURITE DANS LE QUARTIER GBENYEDJI-KOPE: LE MINISTRE MADJOULBA INTERPELLE"},"content":{"rendered":"\n<p>\u00a0\u00a0\u00a0\u00a0\u00a0\u00a0\u00a0\u00a0\u00a0\u00a0\u00a0 Les faits sociaux qui prennent une allure galopante \u00e0 Lom\u00e9 restent \u00a0et demeurent les vols et les braquages. Aujourd\u2019hui, la localit\u00e9 qui souffre le martyr\u00a0 de ces fl\u00e9aux, \u00a0est bien \u00a0le canton de B\u00e8. Et parmi ses quartiers, figure en bonne place, celui\u00a0 de Gb\u00e9ny\u00e9dji-kop\u00e9 dont le premier chef est d\u00e9c\u00e9d\u00e9 et enterr\u00e9 il y a quelques semaines.<\/p>\n\n\n\n<figure class=\"wp-block-image size-full\"><img loading=\"lazy\" loading=\"lazy\" decoding=\"async\" width=\"640\" height=\"427\" src=\"https:\/\/corpsdiplomaticnews.tg\/wp-content\/uploads\/2025\/02\/Calixte_Batossie_Madjoulba.jpg\" alt=\"\" class=\"wp-image-9657\" srcset=\"https:\/\/corpsdiplomaticnews.tg\/wp-content\/uploads\/2025\/02\/Calixte_Batossie_Madjoulba.jpg 640w, https:\/\/corpsdiplomaticnews.tg\/wp-content\/uploads\/2025\/02\/Calixte_Batossie_Madjoulba-300x200.jpg 300w, https:\/\/corpsdiplomaticnews.tg\/wp-content\/uploads\/2025\/02\/Calixte_Batossie_Madjoulba-330x220.jpg 330w, https:\/\/corpsdiplomaticnews.tg\/wp-content\/uploads\/2025\/02\/Calixte_Batossie_Madjoulba-420x280.jpg 420w, https:\/\/corpsdiplomaticnews.tg\/wp-content\/uploads\/2025\/02\/Calixte_Batossie_Madjoulba-615x410.jpg 615w\" sizes=\"auto, (max-width: 640px) 100vw, 640px\" \/><\/figure>\n\n\n\n<p>&nbsp;&nbsp;&nbsp;&nbsp;&nbsp; &nbsp;&nbsp;&nbsp;&nbsp;<strong>&nbsp;Calixte Batossie MADJOULBA, Ministre de la s\u00e9curit\u00e9 et de la protection civile<\/strong> <\/p>\n\n\n\n<p>En effet, les habitants de ce quartier s\u2019inqui\u00e8tent de la recrudescence de l\u2019ins\u00e9curit\u00e9. Des vols d\u2019ustensiles de cuisine, des objets de valeurs, et pire des braquages. Le comble, c\u2019est que ces individus sans foi ni loi op\u00e8rent aussi dans les \u00e9tablissements scolaires. La nuit derni\u00e8re, c\u2019est l\u2019agent de s\u00e9curit\u00e9 du lyc\u00e9e de Gb\u00e9ny\u00e9dji-kop\u00e9 qui a eu le malheur d\u2019\u00eatre visit\u00e9 par ces malfrats. N\u2019e\u00fbt-\u00e9t\u00e9 sa vigilance, ces derniers auraient d\u00e9valis\u00e9 le bureau de l\u2019administration en emportant des mat\u00e9riels didactiques.<\/p>\n\n\n\n<p>&nbsp;&nbsp;&nbsp;&nbsp;&nbsp;&nbsp;&nbsp;&nbsp;&nbsp;&nbsp;&nbsp; Selon certains habitants du quartier, les auteurs de ces vols habitent pr\u00e8s d\u2019eux. Ils soutiennent leur affirmation par l\u2019existence d\u2019un ghetto o\u00f9 se sont install\u00e9s des jeunes qui fument de la drogue et n\u2019exercent aucune activit\u00e9 pendant la journ\u00e9e. Ces jeunes se regroupent l\u00e0 pour planifier leurs basses besognes.<em> \u00ab&nbsp;Je reconnais, parmi ces bandits de grand chemin, &nbsp;un adolescent \u00e2g\u00e9 de 14 ans, rejet\u00e9 par son p\u00e8re, parce qu\u2019il a commis de d\u00e9lits, dont les cons\u00e9quences sont pr\u00e9judiciables \u00e0 ses parents&nbsp;\u00bb, <\/em>t\u00e9moigne une dame qui ajoute que ce jeune, r\u00e9cup\u00e9r\u00e9 par son oncle maternel, un meunier,&nbsp; a fui avec les recettes du moulin, tard dans la nuit. Un autre t\u00e9moignage parle d\u2019un autre jeune, une vingtaine bien rabougri, &nbsp;qui a eu l\u2019outrecuidance de battre l\u2019un de ses parents, sous l\u2019effet de la drogue. C\u2019est dire que les habitants du quartier souffrent des enfants laiss\u00e9s pour compte, qui \u00e9chappent \u00e0 l\u2019\u00e9ducation parentale et sont devenus des sans-abris qui trouvent refuge sur un terrain cl\u00f4tur\u00e9 mais non b\u00e2ti.<\/p>\n\n\n\n<p>&nbsp;&nbsp;&nbsp;&nbsp;&nbsp;&nbsp;&nbsp;&nbsp;&nbsp;&nbsp;&nbsp; Souvent, ils op\u00e8rent pendant la nuit. Parfois, ils n\u2019h\u00e9sitent pas \u00e0 rentrer dans des maisons la journ\u00e9e o\u00f9 les locataires \u00e9taient partis pour exercer leurs activit\u00e9s, afin de piller tout ce qu\u2019ils trouvent sous leurs mains. Dans le quartier, aucun riverain n\u2019a le courage de les d\u00e9noncer, m\u00eame s\u2019il les d\u00e9couvre en fragrant d\u00e9lit. Ils r\u00e8gnent l\u00e0-bas comme sur un terrain conquis.<\/p>\n\n\n\n<p>&nbsp;&nbsp;&nbsp;&nbsp;&nbsp;&nbsp;&nbsp;&nbsp;&nbsp;&nbsp;&nbsp; Il faut reconna\u00eetre que dans un pass\u00e9 r\u00e9cent, le premier chef du quartier Togbui Afatchao Thomas Gb\u00e9ny\u00e9dji a ma\u00eetris\u00e9 la situation avec le concours de la Police Nationale, dont les agents faisaient des descentes impromptues sur le lieu o\u00f9 ils habitaient. Certains \u00e9taient arr\u00eat\u00e9s et conduits directement en prison. Mais peu de temps apr\u00e8s, ils ont &nbsp;\u00e9t\u00e9 \u00e9largis. Certains parmi eux se reconvertissent dans des m\u00e9tiers manuels. D\u2019autres, r\u00e9cidivistes, renouent avec leurs premi\u00e8res amours, c\u2019est-\u00e0-dire, avec le vol et le braquage.<\/p>\n\n\n\n<p>&nbsp;&nbsp; &nbsp;&nbsp;&nbsp;&nbsp;&nbsp;&nbsp;&nbsp;&nbsp;&nbsp;On a l\u2019impression qu\u2019apr\u00e8s la mort du chef, les vieux d\u00e9mons refont surface dans le quartier, avec cette recrudescence de vols tous azimuts, dont les habitants sont victimes. Le pire, dans leur mode op\u00e9ratoire, ils utilisent des armes blanches. Et ils n\u2019ont aucune piti\u00e9 \u00e0 leurs victimes.<\/p>\n\n\n\n<p>&nbsp;&nbsp;&nbsp;&nbsp;&nbsp;&nbsp;&nbsp;&nbsp;&nbsp;&nbsp;&nbsp; Le ph\u00e9nom\u00e8ne devient autant inqui\u00e9tant, qu\u2019il urge que les autorit\u00e9s s\u00e9curitaires agissent vite pour \u00e9viter que notre pays ne tombe sous la loi de ces brigands, si l\u2019on n\u2019y prend &nbsp;garde, se transformeront en \u00ab<em>&nbsp;microbes en C\u00f4te d\u2019Ivoire&nbsp;\u00bb<\/em> ou en<em> \u00ab&nbsp;Kaluna&nbsp;\u00bb<\/em>, aujourd\u2019hui, en RDC, qui sont traqu\u00e9s \u00e0 mort par le Ministre de la justice de ce pays. Mais d\u00e9j\u00e0, des patrouilles nocturnes des forces de s\u00e9curit\u00e9 et le d\u00e9mant\u00e8lement de ces ghettos, dans ces quartiers \u00e0 risque comme Gb\u00e9ny\u00e9dji-kop\u00e9, &nbsp;ne sont-elles pas souhaitables&nbsp;?<\/p>\n\n\n\n<p>&nbsp;&nbsp;&nbsp;&nbsp;&nbsp;&nbsp;&nbsp;&nbsp;&nbsp;&nbsp;&nbsp; Le Ministre de la S\u00e9curit\u00e9 et de la protection civile, Calixte MADJOULBA doit promptement r\u00e9agir pour garantir et assurer la s\u00e9curit\u00e9 des Togolais.<\/p>\n\n\n\n<p><strong>Anges ADJANOR<\/strong><\/p>\n\n\n\n<p><\/p>\n","protected":false},"excerpt":{"rendered":"<p>\u00a0\u00a0\u00a0\u00a0\u00a0\u00a0\u00a0\u00a0\u00a0\u00a0\u00a0 Les faits sociaux qui prennent une allure galopante \u00e0 Lom\u00e9 restent \u00a0et demeurent les vols et les braquages. Aujourd\u2019hui, la localit\u00e9 qui souffre le martyr\u00a0 de ces fl\u00e9aux, \u00a0est bien \u00a0le canton de B\u00e8. Et parmi ses quartiers, figure en bonne place, celui\u00a0 de Gb\u00e9ny\u00e9dji-kop\u00e9 dont le premier chef est d\u00e9c\u00e9d\u00e9 et enterr\u00e9 il [&hellip;]<\/p>\n","protected":false},"author":2,"featured_media":9657,"comment_status":"open","ping_status":"open","sticky":false,"template":"","format":"standard","meta":{"footnotes":""},"categories":[9,124],"tags":[],"class_list":{"0":"post-9656","1":"post","2":"type-post","3":"status-publish","4":"format-standard","5":"has-post-thumbnail","7":"category-azimuts","8":"category-la-une"},"_links":{"self":[{"href":"https:\/\/corpsdiplomaticnews.tg\/index.php\/wp-json\/wp\/v2\/posts\/9656","targetHints":{"allow":["GET"]}}],"collection":[{"href":"https:\/\/corpsdiplomaticnews.tg\/index.php\/wp-json\/wp\/v2\/posts"}],"about":[{"href":"https:\/\/corpsdiplomaticnews.tg\/index.php\/wp-json\/wp\/v2\/types\/post"}],"author":[{"embeddable":true,"href":"https:\/\/corpsdiplomaticnews.tg\/index.php\/wp-json\/wp\/v2\/users\/2"}],"replies":[{"embeddable":true,"href":"https:\/\/corpsdiplomaticnews.tg\/index.php\/wp-json\/wp\/v2\/comments?post=9656"}],"version-history":[{"count":3,"href":"https:\/\/corpsdiplomaticnews.tg\/index.php\/wp-json\/wp\/v2\/posts\/9656\/revisions"}],"predecessor-version":[{"id":9675,"href":"https:\/\/corpsdiplomaticnews.tg\/index.php\/wp-json\/wp\/v2\/posts\/9656\/revisions\/9675"}],"wp:featuredmedia":[{"embeddable":true,"href":"https:\/\/corpsdiplomaticnews.tg\/index.php\/wp-json\/wp\/v2\/media\/9657"}],"wp:attachment":[{"href":"https:\/\/corpsdiplomaticnews.tg\/index.php\/wp-json\/wp\/v2\/media?parent=9656"}],"wp:term":[{"taxonomy":"category","embeddable":true,"href":"https:\/\/corpsdiplomaticnews.tg\/index.php\/wp-json\/wp\/v2\/categories?post=9656"},{"taxonomy":"post_tag","embeddable":true,"href":"https:\/\/corpsdiplomaticnews.tg\/index.php\/wp-json\/wp\/v2\/tags?post=9656"}],"curies":[{"name":"wp","href":"https:\/\/api.w.org\/{rel}","templated":true}]}}