{"id":9641,"date":"2025-02-19T00:43:07","date_gmt":"2025-02-19T00:43:07","guid":{"rendered":"https:\/\/corpsdiplomaticnews.tg\/?p=9641"},"modified":"2025-02-19T00:43:08","modified_gmt":"2025-02-19T00:43:08","slug":"guerre-a-lest-de-la-rdc-felix-tshisekedi-pointe-du-doigt-joseph-kabila","status":"publish","type":"post","link":"https:\/\/corpsdiplomaticnews.tg\/index.php\/2025\/02\/19\/guerre-a-lest-de-la-rdc-felix-tshisekedi-pointe-du-doigt-joseph-kabila\/","title":{"rendered":"Guerre  \u00e0 l\u2019Est de la RDC: F\u00e9lix Tshisekedi pointe du doigt Joseph Kabila"},"content":{"rendered":"\n<p>Le pr\u00e9sident congolais F\u00e9lix Tshisekedi a accus\u00e9 son pr\u00e9d\u00e9cesseur, Joseph KABILA,  d\u2019\u00eatre derri\u00e8re les rebelles du M23 qui agressent l\u2019est de la R\u00e9publique d\u00e9mocratique du Congo, en collaboration avec l\u2019arm\u00e9e rwandaise. <\/p>\n\n\n\n<figure class=\"wp-block-image size-full\"><img loading=\"lazy\" loading=\"lazy\" decoding=\"async\" width=\"980\" height=\"551\" src=\"https:\/\/corpsdiplomaticnews.tg\/wp-content\/uploads\/2025\/02\/KABILA.png\" alt=\"\" class=\"wp-image-9642\" srcset=\"https:\/\/corpsdiplomaticnews.tg\/wp-content\/uploads\/2025\/02\/KABILA.png 980w, https:\/\/corpsdiplomaticnews.tg\/wp-content\/uploads\/2025\/02\/KABILA-300x169.png 300w, https:\/\/corpsdiplomaticnews.tg\/wp-content\/uploads\/2025\/02\/KABILA-768x432.png 768w, https:\/\/corpsdiplomaticnews.tg\/wp-content\/uploads\/2025\/02\/KABILA-860x484.png 860w\" sizes=\"auto, (max-width: 980px) 100vw, 980px\" \/><\/figure>\n\n\n\n<p>Ces d\u00e9clarations ont \u00e9t\u00e9 faites lors de la Conf\u00e9rence de Munich sur la s\u00e9curit\u00e9, tenue les 14 et 15 f\u00e9vrier,   o\u00f9 Tshisekedi a exprim\u00e9 son indignation face \u00e0 ce qu\u2019il consid\u00e8re comme un coup d\u2019\u00c9tat foment\u00e9 par ceux qui s\u2019opposent \u00e0 lui. Selon lui, Joseph Kabila serait le v\u00e9ritable architecte de cette insurrection, bien qu\u2019il refuse d\u2019admettre sa responsabilit\u00e9.<\/p>\n","protected":false},"excerpt":{"rendered":"<p>Le pr\u00e9sident congolais F\u00e9lix Tshisekedi a accus\u00e9 son pr\u00e9d\u00e9cesseur, Joseph KABILA, d\u2019\u00eatre derri\u00e8re les rebelles du M23 qui agressent l\u2019est de la R\u00e9publique d\u00e9mocratique du Congo, en collaboration avec l\u2019arm\u00e9e rwandaise. Ces d\u00e9clarations ont \u00e9t\u00e9 faites lors de la Conf\u00e9rence de Munich sur la s\u00e9curit\u00e9, tenue les 14 et 15 f\u00e9vrier, o\u00f9 Tshisekedi a exprim\u00e9 [&hellip;]<\/p>\n","protected":false},"author":2,"featured_media":9642,"comment_status":"open","ping_status":"open","sticky":false,"template":"","format":"standard","meta":{"footnotes":""},"categories":[9,124],"tags":[],"class_list":{"0":"post-9641","1":"post","2":"type-post","3":"status-publish","4":"format-standard","5":"has-post-thumbnail","7":"category-azimuts","8":"category-la-une"},"_links":{"self":[{"href":"https:\/\/corpsdiplomaticnews.tg\/index.php\/wp-json\/wp\/v2\/posts\/9641","targetHints":{"allow":["GET"]}}],"collection":[{"href":"https:\/\/corpsdiplomaticnews.tg\/index.php\/wp-json\/wp\/v2\/posts"}],"about":[{"href":"https:\/\/corpsdiplomaticnews.tg\/index.php\/wp-json\/wp\/v2\/types\/post"}],"author":[{"embeddable":true,"href":"https:\/\/corpsdiplomaticnews.tg\/index.php\/wp-json\/wp\/v2\/users\/2"}],"replies":[{"embeddable":true,"href":"https:\/\/corpsdiplomaticnews.tg\/index.php\/wp-json\/wp\/v2\/comments?post=9641"}],"version-history":[{"count":1,"href":"https:\/\/corpsdiplomaticnews.tg\/index.php\/wp-json\/wp\/v2\/posts\/9641\/revisions"}],"predecessor-version":[{"id":9643,"href":"https:\/\/corpsdiplomaticnews.tg\/index.php\/wp-json\/wp\/v2\/posts\/9641\/revisions\/9643"}],"wp:featuredmedia":[{"embeddable":true,"href":"https:\/\/corpsdiplomaticnews.tg\/index.php\/wp-json\/wp\/v2\/media\/9642"}],"wp:attachment":[{"href":"https:\/\/corpsdiplomaticnews.tg\/index.php\/wp-json\/wp\/v2\/media?parent=9641"}],"wp:term":[{"taxonomy":"category","embeddable":true,"href":"https:\/\/corpsdiplomaticnews.tg\/index.php\/wp-json\/wp\/v2\/categories?post=9641"},{"taxonomy":"post_tag","embeddable":true,"href":"https:\/\/corpsdiplomaticnews.tg\/index.php\/wp-json\/wp\/v2\/tags?post=9641"}],"curies":[{"name":"wp","href":"https:\/\/api.w.org\/{rel}","templated":true}]}}