{"id":9596,"date":"2025-02-08T00:19:44","date_gmt":"2025-02-08T00:19:44","guid":{"rendered":"https:\/\/corpsdiplomaticnews.tg\/?p=9596"},"modified":"2025-02-08T00:19:46","modified_gmt":"2025-02-08T00:19:46","slug":"niger-qui-a-tue-ibrahim-bare-mainassara","status":"publish","type":"post","link":"https:\/\/corpsdiplomaticnews.tg\/index.php\/2025\/02\/08\/niger-qui-a-tue-ibrahim-bare-mainassara\/","title":{"rendered":"Niger: qui a tu\u00e9 IBRAHIM BAR\u00c9 MAINASSARA ?"},"content":{"rendered":"\n<p>Vingt-quatre ans apr\u00e8s la mort du pr\u00e9sident nig\u00e9rien Ibrahim Bar\u00e9 Ma\u00efnassara, son \u00e9pouse appelle la justice \u00e0 r\u00e9tablir la v\u00e9rit\u00e9 sur les circonstances de ce meurtre. Ce faisant, elle se lance dans un combat pour la libert\u00e9, la d\u00e9mocratie et la dignit\u00e9 humaine. <\/p>\n\n\n\n<p><\/p>\n\n\n\n<figure class=\"wp-block-image size-large\"><img loading=\"lazy\" loading=\"lazy\" decoding=\"async\" width=\"1024\" height=\"750\" src=\"https:\/\/corpsdiplomaticnews.tg\/wp-content\/uploads\/2025\/02\/SARA-1024x750.jpg\" alt=\"\" class=\"wp-image-9597\" srcset=\"https:\/\/corpsdiplomaticnews.tg\/wp-content\/uploads\/2025\/02\/SARA-1024x750.jpg 1024w, https:\/\/corpsdiplomaticnews.tg\/wp-content\/uploads\/2025\/02\/SARA-300x220.jpg 300w, https:\/\/corpsdiplomaticnews.tg\/wp-content\/uploads\/2025\/02\/SARA-768x562.jpg 768w, https:\/\/corpsdiplomaticnews.tg\/wp-content\/uploads\/2025\/02\/SARA-1536x1125.jpg 1536w, https:\/\/corpsdiplomaticnews.tg\/wp-content\/uploads\/2025\/02\/SARA-860x630.jpg 860w, https:\/\/corpsdiplomaticnews.tg\/wp-content\/uploads\/2025\/02\/SARA.jpg 1900w\" sizes=\"auto, (max-width: 1024px) 100vw, 1024px\" \/><\/figure>\n\n\n\n<p>9 avril 1999, sur le tarmac de l\u2019a\u00e9roport de Niamey, au Niger. Le pr\u00e9sident Ibrahim Bar\u00e9 Ma\u00efnassara ( <strong>en photo<\/strong>)  s\u2019appr\u00eate \u00e0 monter dans un h\u00e9licopt\u00e8re lorsqu\u2019il est touch\u00e9 par les tirs d\u2019un fusil-mitrailleur. Il meurt sur le coup. Quelques heures plus tard, les nouvelles autorit\u00e9s locales, soutenues par le nouveau chef d\u2019Etat Douada Walam Wank\u00e9, annoncent l\u2019incident et parlent d\u2019un \u201cmalheureux accident\u201d.<\/p>\n\n\n\n<p>Pourtant, certains t\u00e9moins affirment que Bar\u00e9 Ma\u00efnassara a \u00e9t\u00e9 tu\u00e9 par les membres de sa garde et que le drame s\u2019est d\u00e9roul\u00e9 en pr\u00e9sence du major du pr\u00e9sident, ce m\u00eame Douada Walam Wank\u00e9.<\/p>\n\n\n\n<p>Quinze ans apr\u00e8s, Cl\u00e9mence Ma\u00efnassara, la veuve de l\u2019ancien pr\u00e9sident, r\u00e9clame toujours justice. Ce 10 avril, elle a saisi la Cour de justice de la Communaut\u00e9 \u00e9conomique des Etats de l\u2019Afrique de l\u2019Ouest (CEDEAO) au nom du droit \u00e0 la vie. Elle demande que l\u2019on r\u00e9tablisse la v\u00e9rit\u00e9 sur la mort de son mari. Simple d\u00e9sir de vengeance ? Pas uniquement. \u201cLa d\u00e9marche de la veuve Mainassara repr\u00e9sente [\u2026] un combat pour la libert\u00e9, la d\u00e9mocratie et la dignit\u00e9 humaine\u201d, estime Le Pays, quotidien du Burkina Faso.<\/p>\n\n\n\n<p>En politique, la violence est devenue banale<\/p>\n\n\n\n<p>Effectivement, l\u2019affaire Bar\u00e9 Ma\u00efnassara ne sera pas facile \u00e0 r\u00e9soudre. Elle met en cause certaines personnalit\u00e9s du Niger mais aussi d\u2019autres pays. \u201cCe complot a b\u00e9n\u00e9fici\u00e9 de la complexit\u00e9, voire de la connivence d\u2019Etats voisins du Niger. Ce qui est en jeu ici ce n\u2019est pas seulement le besoin de justice de la veuve Ma\u00efnassara, mais bien la transformation pacifique et d\u00e9mocratique des soci\u00e9t\u00e9s africaines\u201d, explique Le Pays.<\/p>\n\n\n\n<p>En faisant appel \u00e0 une cour internationale, la veuve se lance aussi dans un combat contre la violence dans la vie politique africaine. \u201cSur le continent noir, \u00e0 l\u2019heure actuelle, certaines forces continuent d\u2019\u00e9riger la violence en proc\u00e9d\u00e9 politique normal et banal, avec un m\u00e9pris in\u00e9gal\u00e9 pour l\u2019existence humaine\u201d, rappelle le quotidien.<\/p>\n\n\n\n<p>C\u2019est donc plus qu\u2019un combat personnel que lance Cl\u00e9mence Ma\u00efnassara. Mais r\u00e9ussira-t-elle \u00e0 obtenir gain de cause ? \u201cRien n\u2019est moins s\u00fbr\u201d, juge Le Pays. \u201cMal connue par les justiciables africains, [la cour de justice de la CEDEAO] ne manque pas de susciter doutes et interrogations concernant la cr\u00e9dibilit\u00e9 de ses d\u00e9cisions\u201d.<\/p>\n","protected":false},"excerpt":{"rendered":"<p>Vingt-quatre ans apr\u00e8s la mort du pr\u00e9sident nig\u00e9rien Ibrahim Bar\u00e9 Ma\u00efnassara, son \u00e9pouse appelle la justice \u00e0 r\u00e9tablir la v\u00e9rit\u00e9 sur les circonstances de ce meurtre. Ce faisant, elle se lance dans un combat pour la libert\u00e9, la d\u00e9mocratie et la dignit\u00e9 humaine. 9 avril 1999, sur le tarmac de l\u2019a\u00e9roport de Niamey, au Niger. [&hellip;]<\/p>\n","protected":false},"author":2,"featured_media":9597,"comment_status":"open","ping_status":"open","sticky":false,"template":"","format":"standard","meta":{"footnotes":""},"categories":[124],"tags":[],"class_list":{"0":"post-9596","1":"post","2":"type-post","3":"status-publish","4":"format-standard","5":"has-post-thumbnail","7":"category-la-une"},"_links":{"self":[{"href":"https:\/\/corpsdiplomaticnews.tg\/index.php\/wp-json\/wp\/v2\/posts\/9596","targetHints":{"allow":["GET"]}}],"collection":[{"href":"https:\/\/corpsdiplomaticnews.tg\/index.php\/wp-json\/wp\/v2\/posts"}],"about":[{"href":"https:\/\/corpsdiplomaticnews.tg\/index.php\/wp-json\/wp\/v2\/types\/post"}],"author":[{"embeddable":true,"href":"https:\/\/corpsdiplomaticnews.tg\/index.php\/wp-json\/wp\/v2\/users\/2"}],"replies":[{"embeddable":true,"href":"https:\/\/corpsdiplomaticnews.tg\/index.php\/wp-json\/wp\/v2\/comments?post=9596"}],"version-history":[{"count":1,"href":"https:\/\/corpsdiplomaticnews.tg\/index.php\/wp-json\/wp\/v2\/posts\/9596\/revisions"}],"predecessor-version":[{"id":9598,"href":"https:\/\/corpsdiplomaticnews.tg\/index.php\/wp-json\/wp\/v2\/posts\/9596\/revisions\/9598"}],"wp:featuredmedia":[{"embeddable":true,"href":"https:\/\/corpsdiplomaticnews.tg\/index.php\/wp-json\/wp\/v2\/media\/9597"}],"wp:attachment":[{"href":"https:\/\/corpsdiplomaticnews.tg\/index.php\/wp-json\/wp\/v2\/media?parent=9596"}],"wp:term":[{"taxonomy":"category","embeddable":true,"href":"https:\/\/corpsdiplomaticnews.tg\/index.php\/wp-json\/wp\/v2\/categories?post=9596"},{"taxonomy":"post_tag","embeddable":true,"href":"https:\/\/corpsdiplomaticnews.tg\/index.php\/wp-json\/wp\/v2\/tags?post=9596"}],"curies":[{"name":"wp","href":"https:\/\/api.w.org\/{rel}","templated":true}]}}