{"id":9593,"date":"2025-02-07T23:52:26","date_gmt":"2025-02-07T23:52:26","guid":{"rendered":"https:\/\/corpsdiplomaticnews.tg\/?p=9593"},"modified":"2025-02-07T23:52:31","modified_gmt":"2025-02-07T23:52:31","slug":"suspension-immediate-du-congo-par-la-fifa-pour-ingerence-politique","status":"publish","type":"post","link":"https:\/\/corpsdiplomaticnews.tg\/index.php\/2025\/02\/07\/suspension-immediate-du-congo-par-la-fifa-pour-ingerence-politique\/","title":{"rendered":"Suspension imm\u00e9diate du Congo par la FIFA pour ing\u00e9rence politique"},"content":{"rendered":"\n<p>La FIFA a annonc\u00e9, ce jeudi 6 f\u00e9vrier, la suspension imm\u00e9diate de la F\u00e9d\u00e9ration Congolaise de Football (Fecofoot), d\u00e9non\u00e7ant des interf\u00e9rences politiques et des violations de ses statuts.<\/p>\n\n\n\n<p>Le Congo perd son statut de membre de la FIFA jusqu\u2019\u00e0 nouvel ordre. Les \u00e9quipes nationales et les clubs affili\u00e9s ne pourront plus participer aux comp\u00e9titions internationales, et la Fecofoot se voit priv\u00e9e de tous les programmes de d\u00e9veloppement, formations et soutiens offerts par la FIFA et la CAF. <\/p>\n\n\n\n<p><\/p>\n\n\n\n<figure class=\"wp-block-image size-full\"><img loading=\"lazy\" loading=\"lazy\" decoding=\"async\" width=\"300\" height=\"168\" src=\"https:\/\/corpsdiplomaticnews.tg\/wp-content\/uploads\/2025\/02\/FIFA.jpg\" alt=\"\" class=\"wp-image-9594\"\/><\/figure>\n\n\n\n<p>De plus, les autres f\u00e9d\u00e9rations membres ne pourront entretenir aucune relation sportive avec la Fecofoot tant que la suspension restera en vigueur.<\/p>\n\n\n\n<p>La situation remonte \u00e0 septembre 2024, lorsqu\u2019un groupe de membres a convoqu\u00e9 une assembl\u00e9e g\u00e9n\u00e9rale extraordinaire pour destituer le pr\u00e9sident Jean-Guy Blaise Mayolas et installer une commission ad hoc. Cette d\u00e9marche, jug\u00e9e ill\u00e9gitime par la FIFA, a conduit \u00e0 une d\u00e9cision du Tribunal de Grande Instance de Brazzaville validant l\u2019\u00e9viction du comit\u00e9 ex\u00e9cutif en place.<\/p>\n\n\n\n<p>Malgr\u00e9 les mises en garde de la FIFA et de la CAF, la commission a maintenu son contr\u00f4le sur la f\u00e9d\u00e9ration congolaise. Une mission conjointe des deux instances en novembre 2024 n\u2019a pas permis de r\u00e9soudre la crise. Le Tribunal Arbitral du Sport a ensuite suspendu les d\u00e9cisions contest\u00e9es, mais celles-ci n\u2019ont pas \u00e9t\u00e9 appliqu\u00e9es. Pour lever cette sanction, la FIFA exige le r\u00e9tablissement du comit\u00e9 \u00e9lu et le strict respect de ses directives.<\/p>\n\n\n\n<p>Pour rappel, le Congo fait partie du groupe E, dans lequel est log\u00e9 le Maroc, pour le compte des \u00e9liminatoires de la Coupe de Monde 2026. <\/p>\n","protected":false},"excerpt":{"rendered":"<p>La FIFA a annonc\u00e9, ce jeudi 6 f\u00e9vrier, la suspension imm\u00e9diate de la F\u00e9d\u00e9ration Congolaise de Football (Fecofoot), d\u00e9non\u00e7ant des interf\u00e9rences politiques et des violations de ses statuts. Le Congo perd son statut de membre de la FIFA jusqu\u2019\u00e0 nouvel ordre. Les \u00e9quipes nationales et les clubs affili\u00e9s ne pourront plus participer aux comp\u00e9titions internationales, [&hellip;]<\/p>\n","protected":false},"author":2,"featured_media":9594,"comment_status":"open","ping_status":"open","sticky":false,"template":"","format":"standard","meta":{"footnotes":""},"categories":[9,124],"tags":[],"class_list":{"0":"post-9593","1":"post","2":"type-post","3":"status-publish","4":"format-standard","5":"has-post-thumbnail","7":"category-azimuts","8":"category-la-une"},"_links":{"self":[{"href":"https:\/\/corpsdiplomaticnews.tg\/index.php\/wp-json\/wp\/v2\/posts\/9593","targetHints":{"allow":["GET"]}}],"collection":[{"href":"https:\/\/corpsdiplomaticnews.tg\/index.php\/wp-json\/wp\/v2\/posts"}],"about":[{"href":"https:\/\/corpsdiplomaticnews.tg\/index.php\/wp-json\/wp\/v2\/types\/post"}],"author":[{"embeddable":true,"href":"https:\/\/corpsdiplomaticnews.tg\/index.php\/wp-json\/wp\/v2\/users\/2"}],"replies":[{"embeddable":true,"href":"https:\/\/corpsdiplomaticnews.tg\/index.php\/wp-json\/wp\/v2\/comments?post=9593"}],"version-history":[{"count":1,"href":"https:\/\/corpsdiplomaticnews.tg\/index.php\/wp-json\/wp\/v2\/posts\/9593\/revisions"}],"predecessor-version":[{"id":9595,"href":"https:\/\/corpsdiplomaticnews.tg\/index.php\/wp-json\/wp\/v2\/posts\/9593\/revisions\/9595"}],"wp:featuredmedia":[{"embeddable":true,"href":"https:\/\/corpsdiplomaticnews.tg\/index.php\/wp-json\/wp\/v2\/media\/9594"}],"wp:attachment":[{"href":"https:\/\/corpsdiplomaticnews.tg\/index.php\/wp-json\/wp\/v2\/media?parent=9593"}],"wp:term":[{"taxonomy":"category","embeddable":true,"href":"https:\/\/corpsdiplomaticnews.tg\/index.php\/wp-json\/wp\/v2\/categories?post=9593"},{"taxonomy":"post_tag","embeddable":true,"href":"https:\/\/corpsdiplomaticnews.tg\/index.php\/wp-json\/wp\/v2\/tags?post=9593"}],"curies":[{"name":"wp","href":"https:\/\/api.w.org\/{rel}","templated":true}]}}