{"id":9560,"date":"2025-02-03T06:28:09","date_gmt":"2025-02-03T06:28:09","guid":{"rendered":"https:\/\/corpsdiplomaticnews.tg\/?p=9560"},"modified":"2025-02-03T06:28:12","modified_gmt":"2025-02-03T06:28:12","slug":"gabon-ali-bongo-encore-en-greve-de-la-faim-pour-exiger-la-liberation-de-sa-famille","status":"publish","type":"post","link":"https:\/\/corpsdiplomaticnews.tg\/index.php\/2025\/02\/03\/gabon-ali-bongo-encore-en-greve-de-la-faim-pour-exiger-la-liberation-de-sa-famille\/","title":{"rendered":"Gabon: Ali Bongo encore en gr\u00e8ve de la faim pour exiger la lib\u00e9ration de sa famille"},"content":{"rendered":"\n<p>L\u2019ancien pr\u00e9sident gabonais Ali Bongo Ondimba a d\u00e9cid\u00e9 de reprendre une gr\u00e8ve de la faim pour dit-il protester contre la d\u00e9tention prolong\u00e9e de son \u00e9pouse Sylvia et de leur fils Noureddin. Selon son avocat, il d\u00e9nonce leur \u00e9tat de sant\u00e9 d\u00e9grad\u00e9 et l&rsquo;absence de soins appropri\u00e9s. Apr\u00e8s &nbsp;17 mois d\u2019incarc\u00e9ration, un rapport m\u00e9dical r\u00e9cent a r\u00e9v\u00e9l\u00e9 que Sylvia souffre d\u2019un probl\u00e8me grave de thyro\u00efde, tandis que Noureddin pr\u00e9sente un tympan perfor\u00e9, n\u00e9cessitant une \u00e9vacuation sanitaire.<\/p>\n\n\n\n<figure class=\"wp-block-image size-large\"><img loading=\"lazy\" loading=\"lazy\" decoding=\"async\" width=\"1024\" height=\"683\" src=\"https:\/\/corpsdiplomaticnews.tg\/wp-content\/uploads\/2025\/02\/BONGO-1024x683.jpg\" alt=\"\" class=\"wp-image-9561\" srcset=\"https:\/\/corpsdiplomaticnews.tg\/wp-content\/uploads\/2025\/02\/BONGO-1024x683.jpg 1024w, https:\/\/corpsdiplomaticnews.tg\/wp-content\/uploads\/2025\/02\/BONGO-300x200.jpg 300w, https:\/\/corpsdiplomaticnews.tg\/wp-content\/uploads\/2025\/02\/BONGO-768x512.jpg 768w, https:\/\/corpsdiplomaticnews.tg\/wp-content\/uploads\/2025\/02\/BONGO-330x220.jpg 330w, https:\/\/corpsdiplomaticnews.tg\/wp-content\/uploads\/2025\/02\/BONGO-420x280.jpg 420w, https:\/\/corpsdiplomaticnews.tg\/wp-content\/uploads\/2025\/02\/BONGO-615x410.jpg 615w, https:\/\/corpsdiplomaticnews.tg\/wp-content\/uploads\/2025\/02\/BONGO-860x573.jpg 860w, https:\/\/corpsdiplomaticnews.tg\/wp-content\/uploads\/2025\/02\/BONGO.jpg 1200w\" sizes=\"auto, (max-width: 1024px) 100vw, 1024px\" \/><\/figure>\n\n\n\n<p>Ali Bongo avait d\u00e9j\u00e0 men\u00e9 une gr\u00e8ve de la faim l\u2019an dernier pour d\u00e9noncer ce qu&rsquo;il consid\u00e8re comme une \u00ab\u00a0s\u00e9gr\u00e9gation\u00a0\u00bb et des \u00ab\u00a0actes de torture\u00a0\u00bb contre sa famille. Cette fois, il a d\u00e9cid\u00e9 de r\u00e9duire drastiquement son alimentation, d\u2019arr\u00eater ses s\u00e9ances de r\u00e9\u00e9ducation et de refuser toute visite, esp\u00e9rant ainsi faire pression sur les autorit\u00e9s. Cependant, celles-ci restent silencieuses sur une \u00e9ventuelle lib\u00e9ration ou un transfert m\u00e9dical pour Sylvia et Noureddin.<\/p>\n\n\n\n<p>Evinc\u00e9 du pour le 30 ao\u00fbt 2023 \u00e0 la suite d\u2019un coup d\u2019Etat militaire, Ali Bongo est officiellement libre de ses mouvements, mais reste sous surveillance militaire. Les nouvelles autorit\u00e9s lui offrent la possibilit\u00e9 de quitter le pays pour se faire soigner, ce qu\u2019il refuse cat\u00e9goriquement tant que sa famille demeure en d\u00e9tention. Son action vise donc \u00e0 attirer l\u2019attention sur leur sort, alors que le gouvernement ne semble pas pr\u00eat \u00e0 infl\u00e9chir sa position. <\/p>\n","protected":false},"excerpt":{"rendered":"<p>L\u2019ancien pr\u00e9sident gabonais Ali Bongo Ondimba a d\u00e9cid\u00e9 de reprendre une gr\u00e8ve de la faim pour dit-il protester contre la d\u00e9tention prolong\u00e9e de son \u00e9pouse Sylvia et de leur fils Noureddin. Selon son avocat, il d\u00e9nonce leur \u00e9tat de sant\u00e9 d\u00e9grad\u00e9 et l&rsquo;absence de soins appropri\u00e9s. Apr\u00e8s &nbsp;17 mois d\u2019incarc\u00e9ration, un rapport m\u00e9dical r\u00e9cent a [&hellip;]<\/p>\n","protected":false},"author":2,"featured_media":9561,"comment_status":"open","ping_status":"open","sticky":false,"template":"","format":"standard","meta":{"footnotes":""},"categories":[9,124],"tags":[],"class_list":{"0":"post-9560","1":"post","2":"type-post","3":"status-publish","4":"format-standard","5":"has-post-thumbnail","7":"category-azimuts","8":"category-la-une"},"_links":{"self":[{"href":"https:\/\/corpsdiplomaticnews.tg\/index.php\/wp-json\/wp\/v2\/posts\/9560","targetHints":{"allow":["GET"]}}],"collection":[{"href":"https:\/\/corpsdiplomaticnews.tg\/index.php\/wp-json\/wp\/v2\/posts"}],"about":[{"href":"https:\/\/corpsdiplomaticnews.tg\/index.php\/wp-json\/wp\/v2\/types\/post"}],"author":[{"embeddable":true,"href":"https:\/\/corpsdiplomaticnews.tg\/index.php\/wp-json\/wp\/v2\/users\/2"}],"replies":[{"embeddable":true,"href":"https:\/\/corpsdiplomaticnews.tg\/index.php\/wp-json\/wp\/v2\/comments?post=9560"}],"version-history":[{"count":1,"href":"https:\/\/corpsdiplomaticnews.tg\/index.php\/wp-json\/wp\/v2\/posts\/9560\/revisions"}],"predecessor-version":[{"id":9562,"href":"https:\/\/corpsdiplomaticnews.tg\/index.php\/wp-json\/wp\/v2\/posts\/9560\/revisions\/9562"}],"wp:featuredmedia":[{"embeddable":true,"href":"https:\/\/corpsdiplomaticnews.tg\/index.php\/wp-json\/wp\/v2\/media\/9561"}],"wp:attachment":[{"href":"https:\/\/corpsdiplomaticnews.tg\/index.php\/wp-json\/wp\/v2\/media?parent=9560"}],"wp:term":[{"taxonomy":"category","embeddable":true,"href":"https:\/\/corpsdiplomaticnews.tg\/index.php\/wp-json\/wp\/v2\/categories?post=9560"},{"taxonomy":"post_tag","embeddable":true,"href":"https:\/\/corpsdiplomaticnews.tg\/index.php\/wp-json\/wp\/v2\/tags?post=9560"}],"curies":[{"name":"wp","href":"https:\/\/api.w.org\/{rel}","templated":true}]}}