{"id":9486,"date":"2025-01-27T07:54:33","date_gmt":"2025-01-27T07:54:33","guid":{"rendered":"https:\/\/corpsdiplomaticnews.tg\/?p=9486"},"modified":"2025-01-27T07:54:36","modified_gmt":"2025-01-27T07:54:36","slug":"ouagadougou-les-chefs-de-la-diplomatie-de-laes-echangent-sur-les-modalites-de-separation-de-la-cedeao","status":"publish","type":"post","link":"https:\/\/corpsdiplomaticnews.tg\/index.php\/2025\/01\/27\/ouagadougou-les-chefs-de-la-diplomatie-de-laes-echangent-sur-les-modalites-de-separation-de-la-cedeao\/","title":{"rendered":"Ouagadougou: les chefs de la diplomatie de l\u2019AES \u00e9changent sur les modalit\u00e9s de s\u00e9paration de la CEDEAO"},"content":{"rendered":"\n<p>Les ministres des Affaires \u00e9trang\u00e8res de l&rsquo;Alliance des \u00c9tats du Sahel (AES) ont tenu, ce dimanche 26 janvier 2025, \u00e0 Ouagadougou, la capitale du Burkina Faso, une r\u00e9union dont l\u2019objectif \u00e9tait de d\u00e9gager une approche commune dans la d\u00e9finition des formalit\u00e9s de s\u00e9paration avec la Communaut\u00e9 \u00e9conomique des Etats de l\u2019Afrique de l\u2019Ouest (CEDEAO), a-t-on appris de source officielle. <\/p>\n\n\n\n<figure class=\"wp-block-image size-large\"><img loading=\"lazy\" loading=\"lazy\" decoding=\"async\" width=\"1024\" height=\"750\" src=\"https:\/\/corpsdiplomaticnews.tg\/wp-content\/uploads\/2025\/01\/BF-1-1024x750.jpg\" alt=\"\" class=\"wp-image-9487\" srcset=\"https:\/\/corpsdiplomaticnews.tg\/wp-content\/uploads\/2025\/01\/BF-1-1024x750.jpg 1024w, https:\/\/corpsdiplomaticnews.tg\/wp-content\/uploads\/2025\/01\/BF-1-300x220.jpg 300w, https:\/\/corpsdiplomaticnews.tg\/wp-content\/uploads\/2025\/01\/BF-1-768x562.jpg 768w, https:\/\/corpsdiplomaticnews.tg\/wp-content\/uploads\/2025\/01\/BF-1-860x630.jpg 860w, https:\/\/corpsdiplomaticnews.tg\/wp-content\/uploads\/2025\/01\/BF-1.jpg 1080w\" sizes=\"auto, (max-width: 1024px) 100vw, 1024px\" \/><\/figure>\n\n\n\n<p>Cette r\u00e9union a enregistr\u00e9 la participation de Karamoko Jean Marie Traor\u00e9, ministre des Affaires Etrang\u00e8res, de la Coop\u00e9ration R\u00e9gionale et des Burkinab\u00e8 de l&rsquo;Ext\u00e9rieur du Burkina Faso, d\u2019Abdoulaye Diop, ministre des Affaires Etrang\u00e8res et de la Coop\u00e9ration Internationale de la R\u00e9publique du Mali, et Bakary Yaou Sangar\u00e9, ministre des Affaires Etrang\u00e8res, de la Coop\u00e9ration et des Nig\u00e9riens \u00e0 l&rsquo;Ext\u00e9rieur de la R\u00e9publique du Niger.<\/p>\n\n\n\n<p>Le communiqu\u00e9 publi\u00e9 \u00e0 l\u2019issue de la rencontre souligne que les ministres en charge des Affaires \u00e9trang\u00e8res ont salu\u00e9 \u00ab\u00a0le leadership, la vision \u00e9clair\u00e9e et la d\u00e9termination sans faille\u00a0\u00bb des chefs d\u2019Etat du Burkina Faso, du Mali et du Niger \u00e0 \u00ab\u00a0faire de la Conf\u00e9d\u00e9ration AES, un espace de souverainet\u00e9, de paix et de prosp\u00e9rit\u00e9 partag\u00e9e au b\u00e9n\u00e9fice de leurs populations\u00a0\u00bb.<\/p>\n\n\n\n<p>Saluant l&rsquo;adh\u00e9sion \u00ab\u00a0massive et spontan\u00e9e\u00a0\u00bb des populations africaines \u00e0 cette vision, confortant ainsi la port\u00e9e panafricaniste des actions conf\u00e9d\u00e9rales, les ministres ont eu une \u00ab\u00a0convergence de vues\u00a0\u00bb sur l&rsquo;approche globale des futures n\u00e9gociations avec la CEDEAO dans l&rsquo;int\u00e9r\u00eat sup\u00e9rieur des populations, selon la m\u00eame source, qui ne donne pas plus de d\u00e9tails sur les conclusions de la rencontre.<\/p>\n\n\n\n<p>\u00ab\u00a0Au terme de leurs travaux, les Ministres ont exprim\u00e9 leur reconnaissance \u00e0 Son Excellence le Capitaine lbrahim Traor\u00e9, Pr\u00e9sident du Faso, Chef de l&rsquo;Etat, pour son leadership et son engagement aux c\u00f4t\u00e9s de ses Homologues du Mali et du Niger, en vue de restaurer la dignit\u00e9 des populations du Sahel\u00a0\u00bb, a conclu le communiqu\u00e9. <\/p>\n\n\n\n<p><\/p>\n\n\n\n<figure class=\"wp-block-image size-large\"><img loading=\"lazy\" loading=\"lazy\" decoding=\"async\" width=\"1024\" height=\"768\" src=\"https:\/\/corpsdiplomaticnews.tg\/wp-content\/uploads\/2025\/01\/AES-CEDEAO-1024x768.jpg\" alt=\"\" class=\"wp-image-9488\" srcset=\"https:\/\/corpsdiplomaticnews.tg\/wp-content\/uploads\/2025\/01\/AES-CEDEAO-1024x768.jpg 1024w, https:\/\/corpsdiplomaticnews.tg\/wp-content\/uploads\/2025\/01\/AES-CEDEAO-300x225.jpg 300w, https:\/\/corpsdiplomaticnews.tg\/wp-content\/uploads\/2025\/01\/AES-CEDEAO-768x576.jpg 768w, https:\/\/corpsdiplomaticnews.tg\/wp-content\/uploads\/2025\/01\/AES-CEDEAO-860x645.jpg 860w, https:\/\/corpsdiplomaticnews.tg\/wp-content\/uploads\/2025\/01\/AES-CEDEAO.jpg 1040w\" sizes=\"auto, (max-width: 1024px) 100vw, 1024px\" \/><\/figure>\n\n\n\n<p>Pour rappel, le g\u00e9n\u00e9ral d&rsquo;arm\u00e9e Assimi Go\u00efta, pr\u00e9sident de la Conf\u00e9d\u00e9ration Alliance des \u00c9tats du Sahel (AES), a annonc\u00e9, jeudi dernier, la mise en circulation du nouveau passeport biom\u00e9trique commun au Mali, au Burkina Faso et au Niger, membres de l&rsquo;alliance, d\u00e8s le 29 janvier prochain.<\/p>\n\n\n\n<p>Ces trois pays doivent se retirer d\u00e9finitivement le 29 janvier 2025 de la Communaut\u00e9 \u00e9conomique des \u00c9tats de l&rsquo;Afrique de l&rsquo;Ouest (CEDEAO).<\/p>\n\n\n\n<p>\u00ab\u00a0Ce retrait nous offre une opportunit\u00e9 de parvenir \u00e0 une fraternit\u00e9 r\u00e9elle, sans aucune ing\u00e9rence ; une autre fa\u00e7on d\u2019arriver \u00e0 une int\u00e9gration r\u00e9elle, sans manipulation mais aussi sans esprit de domination d\u2019un pays par un autre, d\u2019un peuple sur d\u2019autres peuples\u00a0\u00bb, a d\u00e9clar\u00e9 \u00e0 l\u2019ouverture de la r\u00e9union Abdoulaye Diop, ministre des Affaires \u00e9trang\u00e8res et de la Coop\u00e9ration internationale de la R\u00e9publique du Mali, pays assurant la pr\u00e9sidence en exercice de la Conf\u00e9d\u00e9ration AES. <\/p>\n","protected":false},"excerpt":{"rendered":"<p>Les ministres des Affaires \u00e9trang\u00e8res de l&rsquo;Alliance des \u00c9tats du Sahel (AES) ont tenu, ce dimanche 26 janvier 2025, \u00e0 Ouagadougou, la capitale du Burkina Faso, une r\u00e9union dont l\u2019objectif \u00e9tait de d\u00e9gager une approche commune dans la d\u00e9finition des formalit\u00e9s de s\u00e9paration avec la Communaut\u00e9 \u00e9conomique des Etats de l\u2019Afrique de l\u2019Ouest (CEDEAO), a-t-on [&hellip;]<\/p>\n","protected":false},"author":2,"featured_media":9487,"comment_status":"open","ping_status":"open","sticky":false,"template":"","format":"standard","meta":{"footnotes":""},"categories":[124],"tags":[],"class_list":{"0":"post-9486","1":"post","2":"type-post","3":"status-publish","4":"format-standard","5":"has-post-thumbnail","7":"category-la-une"},"_links":{"self":[{"href":"https:\/\/corpsdiplomaticnews.tg\/index.php\/wp-json\/wp\/v2\/posts\/9486","targetHints":{"allow":["GET"]}}],"collection":[{"href":"https:\/\/corpsdiplomaticnews.tg\/index.php\/wp-json\/wp\/v2\/posts"}],"about":[{"href":"https:\/\/corpsdiplomaticnews.tg\/index.php\/wp-json\/wp\/v2\/types\/post"}],"author":[{"embeddable":true,"href":"https:\/\/corpsdiplomaticnews.tg\/index.php\/wp-json\/wp\/v2\/users\/2"}],"replies":[{"embeddable":true,"href":"https:\/\/corpsdiplomaticnews.tg\/index.php\/wp-json\/wp\/v2\/comments?post=9486"}],"version-history":[{"count":1,"href":"https:\/\/corpsdiplomaticnews.tg\/index.php\/wp-json\/wp\/v2\/posts\/9486\/revisions"}],"predecessor-version":[{"id":9489,"href":"https:\/\/corpsdiplomaticnews.tg\/index.php\/wp-json\/wp\/v2\/posts\/9486\/revisions\/9489"}],"wp:featuredmedia":[{"embeddable":true,"href":"https:\/\/corpsdiplomaticnews.tg\/index.php\/wp-json\/wp\/v2\/media\/9487"}],"wp:attachment":[{"href":"https:\/\/corpsdiplomaticnews.tg\/index.php\/wp-json\/wp\/v2\/media?parent=9486"}],"wp:term":[{"taxonomy":"category","embeddable":true,"href":"https:\/\/corpsdiplomaticnews.tg\/index.php\/wp-json\/wp\/v2\/categories?post=9486"},{"taxonomy":"post_tag","embeddable":true,"href":"https:\/\/corpsdiplomaticnews.tg\/index.php\/wp-json\/wp\/v2\/tags?post=9486"}],"curies":[{"name":"wp","href":"https:\/\/api.w.org\/{rel}","templated":true}]}}