{"id":9483,"date":"2025-01-27T07:37:25","date_gmt":"2025-01-27T07:37:25","guid":{"rendered":"https:\/\/corpsdiplomaticnews.tg\/?p=9483"},"modified":"2025-01-27T07:59:14","modified_gmt":"2025-01-27T07:59:14","slug":"pourquoi-les-presidents-americains-pretent-ils-toujours-serment-un-20-janvier","status":"publish","type":"post","link":"https:\/\/corpsdiplomaticnews.tg\/index.php\/2025\/01\/27\/pourquoi-les-presidents-americains-pretent-ils-toujours-serment-un-20-janvier\/","title":{"rendered":"Pourquoi les pr\u00e9sidents am\u00e9ricains pr\u00eatent-ils toujours serment un 20 janvier?"},"content":{"rendered":"\n<p>&nbsp; &nbsp; &nbsp; &nbsp; &nbsp; Le lundi 20 janvier 2025, Donald Trump a pr\u00eat\u00e9 serment lors de la c\u00e9r\u00e9monie d&rsquo;investiture organis\u00e9e \u00e0 Washington, pour prendre ses fonctions et ainsi devenir le 47\u1d49 pr\u00e9sident des \u00c9tats-Unis. Une tradition am\u00e9ricaine, appel\u00e9e \u00ab\u00a0Inauguration Day\u00a0\u00bb, &nbsp;qui, pour Donal Trump comme pour ses pr\u00e9d\u00e9cesseurs, s&rsquo;est d\u00e9roul\u00e9e un 20 janvier. Mais pourquoi cette date a-t-elle \u00e9t\u00e9 choisie ?<\/p>\n\n\n\n<figure class=\"wp-block-image size-full\"><img loading=\"lazy\" loading=\"lazy\" decoding=\"async\" width=\"1200\" height=\"630\" src=\"https:\/\/corpsdiplomaticnews.tg\/wp-content\/uploads\/2025\/01\/TRUMP.avif\" alt=\"\" class=\"wp-image-9490\" srcset=\"https:\/\/corpsdiplomaticnews.tg\/wp-content\/uploads\/2025\/01\/TRUMP.avif 1200w, https:\/\/corpsdiplomaticnews.tg\/wp-content\/uploads\/2025\/01\/TRUMP-300x158.jpg 300w, https:\/\/corpsdiplomaticnews.tg\/wp-content\/uploads\/2025\/01\/TRUMP-1024x538.jpg 1024w, https:\/\/corpsdiplomaticnews.tg\/wp-content\/uploads\/2025\/01\/TRUMP-768x403.jpg 768w, https:\/\/corpsdiplomaticnews.tg\/wp-content\/uploads\/2025\/01\/TRUMP-860x452.jpg 860w\" sizes=\"auto, (max-width: 1200px) 100vw, 1200px\" \/><\/figure>\n\n\n\n<p>&nbsp; &nbsp; &nbsp; &nbsp; Ratifi\u00e9 en 1933, le 20\u1d49 amendement a fix\u00e9 la nouvelle date de l&rsquo;investiture pr\u00e9sidentielle au 20 janvier, permettant ainsi une transition plus rapide et efficace entre deux administrations. Franklin D. Roosevelt fut le premier pr\u00e9sident \u00e0 pr\u00eater serment un 20 janvier, lors de sa seconde investiture en 1937).<\/p>\n\n\n\n<p>&nbsp; &nbsp; &nbsp; &nbsp; &nbsp; &nbsp; Il sied de rappeler que tous les quatre ans, la c\u00e9r\u00e9monie d&rsquo;investiture se tient au Capitol de Washington pour marquer l&rsquo;entr\u00e9e en fonction du pr\u00e9sident \u00e9lu lors de l&rsquo;\u00e9lection du mois de novembre. L&rsquo;assermentation, traditionnellement organis\u00e9e sur les marches du Capitole, se d\u00e9roule en pr\u00e9sence des membres du Congr\u00e8s, des juges de la Cour supr\u00eame, d&rsquo;anciens pr\u00e9sidents, ainsi que de nombreux invit\u00e9s et spectateurs. Le vice-pr\u00e9sident pr\u00eate \u00e9galement serment au cours de cette m\u00eame c\u00e9r\u00e9monie. Comme le pr\u00e9cise le site gouvernemental&nbsp;<em>Architect of the Capitol<\/em>, \u00ab\u00a0le mandat de chaque pr\u00e9sident \u00e9lu des \u00c9tats-Unis commence \u00e0 midi le 20 janvier de l&rsquo;ann\u00e9e suivant l&rsquo;\u00e9lection\u00a0\u00bb, et ce, conform\u00e9ment au 20\u1d49 amendement de la Constitution am\u00e9ricaine, adopt\u00e9 en 1933.<\/p>\n\n\n\n<p><strong>Anges Adjanor<\/strong><\/p>\n","protected":false},"excerpt":{"rendered":"<p>&nbsp; &nbsp; &nbsp; &nbsp; &nbsp; Le lundi 20 janvier 2025, Donald Trump a pr\u00eat\u00e9 serment lors de la c\u00e9r\u00e9monie d&rsquo;investiture organis\u00e9e \u00e0 Washington, pour prendre ses fonctions et ainsi devenir le 47\u1d49 pr\u00e9sident des \u00c9tats-Unis. Une tradition am\u00e9ricaine, appel\u00e9e \u00ab\u00a0Inauguration Day\u00a0\u00bb, &nbsp;qui, pour Donal Trump comme pour ses pr\u00e9d\u00e9cesseurs, s&rsquo;est d\u00e9roul\u00e9e un 20 janvier. Mais [&hellip;]<\/p>\n","protected":false},"author":2,"featured_media":9490,"comment_status":"open","ping_status":"open","sticky":false,"template":"","format":"standard","meta":{"footnotes":""},"categories":[1],"tags":[],"class_list":{"0":"post-9483","1":"post","2":"type-post","3":"status-publish","4":"format-standard","5":"has-post-thumbnail","7":"category-non-classe"},"_links":{"self":[{"href":"https:\/\/corpsdiplomaticnews.tg\/index.php\/wp-json\/wp\/v2\/posts\/9483","targetHints":{"allow":["GET"]}}],"collection":[{"href":"https:\/\/corpsdiplomaticnews.tg\/index.php\/wp-json\/wp\/v2\/posts"}],"about":[{"href":"https:\/\/corpsdiplomaticnews.tg\/index.php\/wp-json\/wp\/v2\/types\/post"}],"author":[{"embeddable":true,"href":"https:\/\/corpsdiplomaticnews.tg\/index.php\/wp-json\/wp\/v2\/users\/2"}],"replies":[{"embeddable":true,"href":"https:\/\/corpsdiplomaticnews.tg\/index.php\/wp-json\/wp\/v2\/comments?post=9483"}],"version-history":[{"count":2,"href":"https:\/\/corpsdiplomaticnews.tg\/index.php\/wp-json\/wp\/v2\/posts\/9483\/revisions"}],"predecessor-version":[{"id":9492,"href":"https:\/\/corpsdiplomaticnews.tg\/index.php\/wp-json\/wp\/v2\/posts\/9483\/revisions\/9492"}],"wp:featuredmedia":[{"embeddable":true,"href":"https:\/\/corpsdiplomaticnews.tg\/index.php\/wp-json\/wp\/v2\/media\/9490"}],"wp:attachment":[{"href":"https:\/\/corpsdiplomaticnews.tg\/index.php\/wp-json\/wp\/v2\/media?parent=9483"}],"wp:term":[{"taxonomy":"category","embeddable":true,"href":"https:\/\/corpsdiplomaticnews.tg\/index.php\/wp-json\/wp\/v2\/categories?post=9483"},{"taxonomy":"post_tag","embeddable":true,"href":"https:\/\/corpsdiplomaticnews.tg\/index.php\/wp-json\/wp\/v2\/tags?post=9483"}],"curies":[{"name":"wp","href":"https:\/\/api.w.org\/{rel}","templated":true}]}}