{"id":9477,"date":"2025-01-27T07:21:11","date_gmt":"2025-01-27T07:21:11","guid":{"rendered":"https:\/\/corpsdiplomaticnews.tg\/?p=9477"},"modified":"2025-01-27T07:21:12","modified_gmt":"2025-01-27T07:21:12","slug":"togbui-afatchao-thomas-gbenyedji-enterre-dans-une-ambiance-particuliere","status":"publish","type":"post","link":"https:\/\/corpsdiplomaticnews.tg\/index.php\/2025\/01\/27\/togbui-afatchao-thomas-gbenyedji-enterre-dans-une-ambiance-particuliere\/","title":{"rendered":"Togbui Afatchao Thomas Gb\u00e9ny\u00e9dji \u00a0enterr\u00e9\u00a0 dans une ambiance particuli\u00e8re"},"content":{"rendered":"\n<p>Togbui Afatchao Thomas Gb\u00e9ny\u00e9dji, d\u00e9c\u00e9d\u00e9 le 30 novembre 2024 \u00e0 l\u2019\u00e2ge de 67 ans,&nbsp; a \u00e9t\u00e9 conduit \u00e0 sa derni\u00e8re demeure ce 25 janvier 2025 avec une touche particuli\u00e8re.<\/p>\n\n\n\n<p>En effet, pendant la veill\u00e9e fun\u00e8bre, il y a eu la pr\u00e9sence d&rsquo;un monde fou. Le plus \u00e9tonnant, c&rsquo;est la pr\u00e9sence de la majorit\u00e9 des chefs de la communaut\u00e9 B\u00e8 et d&rsquo;Aflao \u00a0qui ont fait le d\u00e9placement pour assister \u00e0 cette veill\u00e9e, corps pr\u00e9sent. Toute la communaut\u00e9 catholique de la paroisse Maria Auxiliatrice de Gb\u00e9ny\u00e9dji \u00e9tait l\u00e0 pour suivre la partie religieuse de la veill\u00e9e. Ainsi des pr\u00eatres et soeurs de la congr\u00e9gation sal\u00e9sienne fond\u00e9e par le pr\u00eatre missionnaire Jean Bosco \u00a0ont pris part activement \u00e0 la veill\u00e9e ainsi que des chorales au sein de la paroisse. Leur pr\u00e9sence d\u00e9montre \u00e0 suffisance que Togbui Thomas Afatchao Gb\u00e9ny\u00e9dji \u00e9tait une personnalit\u00e9 tr\u00e8s importante dans la communaut\u00e9 religieuse. \u00a0\u00bb Je suis tr\u00e8s touch\u00e9 par cette disparition\u00a0\u00bb, disait une autorit\u00e9 religieuse de la paroisse Maria Auxiliadora qui ajoute que Papa Gb\u00e9ny\u00e9dji \u00e9tait toujours favorable \u00e0 nos dol\u00e9ances \u00e0 chaque fois que nous sollicitions ses aides pendant les campagnes religieuses pour propager la Bonne Nouvelle. <\/p>\n\n\n\n<figure class=\"wp-block-image size-full\"><img loading=\"lazy\" loading=\"lazy\" decoding=\"async\" width=\"600\" height=\"598\" src=\"https:\/\/corpsdiplomaticnews.tg\/wp-content\/uploads\/2025\/01\/GBENYEDZI.png\" alt=\"\" class=\"wp-image-9474\" srcset=\"https:\/\/corpsdiplomaticnews.tg\/wp-content\/uploads\/2025\/01\/GBENYEDZI.png 600w, https:\/\/corpsdiplomaticnews.tg\/wp-content\/uploads\/2025\/01\/GBENYEDZI-300x300.png 300w, https:\/\/corpsdiplomaticnews.tg\/wp-content\/uploads\/2025\/01\/GBENYEDZI-150x150.png 150w\" sizes=\"auto, (max-width: 600px) 100vw, 600px\" \/><\/figure>\n\n\n\n<p>A un membre de la communaut\u00e9 \u00ab\u00a0Renouveau\u00a0\u00bb d&rsquo;ajouter que Togbui Afatchao Gb\u00e9ny\u00e9dji avait toujours mis \u00e0 leur disposition des si\u00e8ges et apatams pour \u00e9vang\u00e9liser le peuple la population de B\u00e8- Gb\u00e9ny\u00e9dji. C&rsquo;est dire qu&rsquo;il participait \u00e0 l&rsquo;\u00e9vang\u00e9lisation des m\u00e9cr\u00e9ants.<\/p>\n\n\n\n<p>Comme nous l&rsquo;avons dit plus haut, les obs\u00e8ques du premier chef de Gb\u00e9ny\u00e9dji sont dues \u00e0 son rang, car ce 25 janvier 2025, date de son enterrement, tout \u00e9tait mis en place pour lui rendre un hommage &nbsp;m\u00e9rit\u00e9. En effet, d\u00e9j\u00e0, \u00e0 9 heures les c\u00e9r\u00e9monies traditionnelles ont commenc\u00e9 suivies des dons fun\u00e9raires comme le pr\u00e9voient la tradition B\u00e8.<\/p>\n\n\n\n<p>A 14 heures, une messe d&rsquo;enterrement a eu lieu en la m\u00eame paroisse avant qu&rsquo;il ne soit conduit \u00e0 sa derni\u00e8re demeure dans le cimeti\u00e8re familiale dans stricte intimit\u00e9.<\/p>\n\n\n\n<p>Il sied de rappeler que ses enfants et la famille Gb\u00e9ny\u00e9dji n&rsquo;ont pas fait les choses \u00e0 moiti\u00e9. L&rsquo;ambiance fun\u00e9raire \u00e9tait \u00e0 son comble. Tous ceux qui ont une fois b\u00e9n\u00e9fici\u00e9 la largesse ou la g\u00e9n\u00e9rosit\u00e9 de ce&nbsp; grand homme chef du quartier Afatchao Gb\u00e9ny\u00e9dji ont marqu\u00e9 l&rsquo;\u00e9v\u00e9nement d&rsquo;une touche particuli\u00e8re. C&rsquo;est ainsi que son fils Cr\u00e9do Gb\u00e9ny\u00e9dji n&rsquo;a pas oubli\u00e9 d&rsquo;inviter leurs anciens enseignants des cours primaires et secondaires et des amis et proches parents \u00e0 partager ces moments de compassion avec eux. En effet, son fils a re\u00e7u tout ce monde dans un h\u00f4tel somptueux de la place dans le cadre de la sortie de deuil accompagn\u00e9e par l&rsquo;ancien orchestre ph\u00e9nom\u00e9nal d\u00e9nomm\u00e9 \u00ab\u00a0Sassa Masso\u00a0\u00bb qui a agr\u00e9ment\u00e9 l&rsquo;\u00e9v\u00e9nement. Il faut noter que le d\u00e9funt chef allait souvent pendant les weekends aux soir\u00e9es de cet orchestre. C&rsquo;est pour dire qu&rsquo;ils sont reconnaissants \u00e0 ces enseignants qui ont contribu\u00e9 \u00e0 leur r\u00e9ussite scolaire, dont leur feu p\u00e8re a contribu\u00e9 financi\u00e8rement. D&rsquo;ailleurs, ces enfants l&rsquo;ont t\u00e9moign\u00e9e dans leur oraison fun\u00e8bre en disant que leur feu p\u00e8re \u00e9tait &nbsp;rigoureux dans leur \u00e9ducation.<\/p>\n\n\n\n<p>Feu Togbui Afatchao Thomas n&rsquo;a pas v\u00e9cu inutilement. Il a plant\u00e9 un arbre avant de partir. Que le Seigneur lui accorde un repos \u00e9ternel. <\/p>\n","protected":false},"excerpt":{"rendered":"<p>Togbui Afatchao Thomas Gb\u00e9ny\u00e9dji, d\u00e9c\u00e9d\u00e9 le 30 novembre 2024 \u00e0 l\u2019\u00e2ge de 67 ans,&nbsp; a \u00e9t\u00e9 conduit \u00e0 sa derni\u00e8re demeure ce 25 janvier 2025 avec une touche particuli\u00e8re. En effet, pendant la veill\u00e9e fun\u00e8bre, il y a eu la pr\u00e9sence d&rsquo;un monde fou. Le plus \u00e9tonnant, c&rsquo;est la pr\u00e9sence de la majorit\u00e9 des chefs [&hellip;]<\/p>\n","protected":false},"author":2,"featured_media":9474,"comment_status":"open","ping_status":"open","sticky":false,"template":"","format":"standard","meta":{"footnotes":""},"categories":[9,124],"tags":[],"class_list":{"0":"post-9477","1":"post","2":"type-post","3":"status-publish","4":"format-standard","5":"has-post-thumbnail","7":"category-azimuts","8":"category-la-une"},"_links":{"self":[{"href":"https:\/\/corpsdiplomaticnews.tg\/index.php\/wp-json\/wp\/v2\/posts\/9477","targetHints":{"allow":["GET"]}}],"collection":[{"href":"https:\/\/corpsdiplomaticnews.tg\/index.php\/wp-json\/wp\/v2\/posts"}],"about":[{"href":"https:\/\/corpsdiplomaticnews.tg\/index.php\/wp-json\/wp\/v2\/types\/post"}],"author":[{"embeddable":true,"href":"https:\/\/corpsdiplomaticnews.tg\/index.php\/wp-json\/wp\/v2\/users\/2"}],"replies":[{"embeddable":true,"href":"https:\/\/corpsdiplomaticnews.tg\/index.php\/wp-json\/wp\/v2\/comments?post=9477"}],"version-history":[{"count":1,"href":"https:\/\/corpsdiplomaticnews.tg\/index.php\/wp-json\/wp\/v2\/posts\/9477\/revisions"}],"predecessor-version":[{"id":9478,"href":"https:\/\/corpsdiplomaticnews.tg\/index.php\/wp-json\/wp\/v2\/posts\/9477\/revisions\/9478"}],"wp:featuredmedia":[{"embeddable":true,"href":"https:\/\/corpsdiplomaticnews.tg\/index.php\/wp-json\/wp\/v2\/media\/9474"}],"wp:attachment":[{"href":"https:\/\/corpsdiplomaticnews.tg\/index.php\/wp-json\/wp\/v2\/media?parent=9477"}],"wp:term":[{"taxonomy":"category","embeddable":true,"href":"https:\/\/corpsdiplomaticnews.tg\/index.php\/wp-json\/wp\/v2\/categories?post=9477"},{"taxonomy":"post_tag","embeddable":true,"href":"https:\/\/corpsdiplomaticnews.tg\/index.php\/wp-json\/wp\/v2\/tags?post=9477"}],"curies":[{"name":"wp","href":"https:\/\/api.w.org\/{rel}","templated":true}]}}