{"id":9466,"date":"2025-01-24T18:15:45","date_gmt":"2025-01-24T18:15:45","guid":{"rendered":"https:\/\/corpsdiplomaticnews.tg\/?p=9466"},"modified":"2025-01-24T18:15:47","modified_gmt":"2025-01-24T18:15:47","slug":"togo-deces-de-leleng-gnassingbe-demi-soeur-du-chef-de-letat","status":"publish","type":"post","link":"https:\/\/corpsdiplomaticnews.tg\/index.php\/2025\/01\/24\/togo-deces-de-leleng-gnassingbe-demi-soeur-du-chef-de-letat\/","title":{"rendered":"Togo: d\u00e9c\u00e8s de Leleng Gnassingb\u00e9, demi-s\u0153ur du chef de l\u2019Etat"},"content":{"rendered":"\n<p>La famille Gnassingb\u00e9 est en deuil. Le chef de l\u2019Etat Faure Gnassingb\u00e9 vient de perdre l\u2019une de ses demi-s\u0153urs. Il s\u2019agit de Leleng Gnassingb\u00e9, morte jeudi 23 janvier 2025, au pavillon militaire du CHU Sylvanus Olympio (CHU-SO) \u00e0 Lom\u00e9. <\/p>\n\n\n\n<p><\/p>\n\n\n\n<figure class=\"wp-block-image size-full\"><img loading=\"lazy\" loading=\"lazy\" decoding=\"async\" width=\"300\" height=\"300\" src=\"https:\/\/corpsdiplomaticnews.tg\/wp-content\/uploads\/2025\/01\/Leleng-Gnassingbe.webp\" alt=\"\" class=\"wp-image-9467\" srcset=\"https:\/\/corpsdiplomaticnews.tg\/wp-content\/uploads\/2025\/01\/Leleng-Gnassingbe.webp 300w, https:\/\/corpsdiplomaticnews.tg\/wp-content\/uploads\/2025\/01\/Leleng-Gnassingbe-150x150.webp 150w\" sizes=\"auto, (max-width: 300px) 100vw, 300px\" \/><\/figure>\n\n\n\n<p>Fille de feu Gnassingb\u00e9 Eyad\u00e9ma et Hubertine Badagnaki, Leleng Gnassingb\u00e9 est l\u2019une des demi-s\u0153urs du chef de l\u2019Etat Faure Gnassingb\u00e9.<\/p>\n\n\n\n<p>Il sied de rappeler qu&rsquo;elle \u00e9tait malade il y a quelques mois. La disparition de Leleng Gnassingb\u00e9 est un coup dur pour la famille Gnassingb\u00e9 qui, le 5 f\u00e9vrier 2025, prochain, comm\u00e9more le 20\u00e8me anniversaire de la mort de leur p\u00e8re Gnassingb\u00e9 Eyad\u00e9ma, ancien pr\u00e9sident du Togo.<\/p>\n","protected":false},"excerpt":{"rendered":"<p>La famille Gnassingb\u00e9 est en deuil. Le chef de l\u2019Etat Faure Gnassingb\u00e9 vient de perdre l\u2019une de ses demi-s\u0153urs. Il s\u2019agit de Leleng Gnassingb\u00e9, morte jeudi 23 janvier 2025, au pavillon militaire du CHU Sylvanus Olympio (CHU-SO) \u00e0 Lom\u00e9. Fille de feu Gnassingb\u00e9 Eyad\u00e9ma et Hubertine Badagnaki, Leleng Gnassingb\u00e9 est l\u2019une des demi-s\u0153urs du chef [&hellip;]<\/p>\n","protected":false},"author":2,"featured_media":9467,"comment_status":"open","ping_status":"open","sticky":false,"template":"","format":"standard","meta":{"footnotes":""},"categories":[9,124],"tags":[],"class_list":{"0":"post-9466","1":"post","2":"type-post","3":"status-publish","4":"format-standard","5":"has-post-thumbnail","7":"category-azimuts","8":"category-la-une"},"_links":{"self":[{"href":"https:\/\/corpsdiplomaticnews.tg\/index.php\/wp-json\/wp\/v2\/posts\/9466","targetHints":{"allow":["GET"]}}],"collection":[{"href":"https:\/\/corpsdiplomaticnews.tg\/index.php\/wp-json\/wp\/v2\/posts"}],"about":[{"href":"https:\/\/corpsdiplomaticnews.tg\/index.php\/wp-json\/wp\/v2\/types\/post"}],"author":[{"embeddable":true,"href":"https:\/\/corpsdiplomaticnews.tg\/index.php\/wp-json\/wp\/v2\/users\/2"}],"replies":[{"embeddable":true,"href":"https:\/\/corpsdiplomaticnews.tg\/index.php\/wp-json\/wp\/v2\/comments?post=9466"}],"version-history":[{"count":1,"href":"https:\/\/corpsdiplomaticnews.tg\/index.php\/wp-json\/wp\/v2\/posts\/9466\/revisions"}],"predecessor-version":[{"id":9468,"href":"https:\/\/corpsdiplomaticnews.tg\/index.php\/wp-json\/wp\/v2\/posts\/9466\/revisions\/9468"}],"wp:featuredmedia":[{"embeddable":true,"href":"https:\/\/corpsdiplomaticnews.tg\/index.php\/wp-json\/wp\/v2\/media\/9467"}],"wp:attachment":[{"href":"https:\/\/corpsdiplomaticnews.tg\/index.php\/wp-json\/wp\/v2\/media?parent=9466"}],"wp:term":[{"taxonomy":"category","embeddable":true,"href":"https:\/\/corpsdiplomaticnews.tg\/index.php\/wp-json\/wp\/v2\/categories?post=9466"},{"taxonomy":"post_tag","embeddable":true,"href":"https:\/\/corpsdiplomaticnews.tg\/index.php\/wp-json\/wp\/v2\/tags?post=9466"}],"curies":[{"name":"wp","href":"https:\/\/api.w.org\/{rel}","templated":true}]}}