{"id":9446,"date":"2025-01-23T07:27:06","date_gmt":"2025-01-23T07:27:06","guid":{"rendered":"https:\/\/corpsdiplomaticnews.tg\/?p=9446"},"modified":"2025-01-23T07:27:09","modified_gmt":"2025-01-23T07:27:09","slug":"macky-sall-entame-une-nouvelle-carriere","status":"publish","type":"post","link":"https:\/\/corpsdiplomaticnews.tg\/index.php\/2025\/01\/23\/macky-sall-entame-une-nouvelle-carriere\/","title":{"rendered":"Macky Sall\u00a0 entame une nouvelle carri\u00e8re"},"content":{"rendered":"\n<p>Macky Sall, l&rsquo;ancien pr\u00e9sident du S\u00e9n\u00e9gal, commence une nouvelle vie dans le monde des affaires. Apr\u00e8s avoir quitt\u00e9 ses fonctions en avril 2024, il a d\u00e9m\u00e9nag\u00e9 avec sa famille \u00e0 Marrakech, au Maroc. Quelques mois plus tard, il a cr\u00e9\u00e9 sa propre entreprise. <\/p>\n\n\n\n<figure class=\"wp-block-image size-full\"><img loading=\"lazy\" loading=\"lazy\" decoding=\"async\" width=\"739\" height=\"375\" src=\"https:\/\/corpsdiplomaticnews.tg\/wp-content\/uploads\/2024\/02\/MACKY-SALL-1.jpg\" alt=\"\" class=\"wp-image-7437\" srcset=\"https:\/\/corpsdiplomaticnews.tg\/wp-content\/uploads\/2024\/02\/MACKY-SALL-1.jpg 739w, https:\/\/corpsdiplomaticnews.tg\/wp-content\/uploads\/2024\/02\/MACKY-SALL-1-300x152.jpg 300w\" sizes=\"auto, (max-width: 739px) 100vw, 739px\" \/><\/figure>\n\n\n\n<p>Nomm\u00e9e Semo Holding, cette soci\u00e9t\u00e9 a \u00e9t\u00e9 officiellement enregistr\u00e9e le 28 novembre 2024. Elle est bas\u00e9e dans le quartier de Gu\u00e9liz \u00e0 Marrakech et couvre plusieurs secteurs cl\u00e9s comme l&rsquo;environnement, l&rsquo;\u00e9nergie et les strat\u00e9gies politiques.<\/p>\n\n\n\n<p>Semo Holding vise \u00e0 devenir un acteur important, aussi bien en Afrique que sur la sc\u00e8ne internationale.<\/p>\n\n\n\n<p>\u00c0 Dakar, des membres de l&rsquo;Alliance pour la R\u00e9publique (APR), le parti cr\u00e9\u00e9 par Macky Sall en 2008, ont r\u00e9cemment appris par la presse l&rsquo;existence de sa nouvelle soci\u00e9t\u00e9. Cette r\u00e9v\u00e9lation a surpris beaucoup d&rsquo;entre eux. <\/p>\n","protected":false},"excerpt":{"rendered":"<p>Macky Sall, l&rsquo;ancien pr\u00e9sident du S\u00e9n\u00e9gal, commence une nouvelle vie dans le monde des affaires. Apr\u00e8s avoir quitt\u00e9 ses fonctions en avril 2024, il a d\u00e9m\u00e9nag\u00e9 avec sa famille \u00e0 Marrakech, au Maroc. Quelques mois plus tard, il a cr\u00e9\u00e9 sa propre entreprise. Nomm\u00e9e Semo Holding, cette soci\u00e9t\u00e9 a \u00e9t\u00e9 officiellement enregistr\u00e9e le 28 novembre [&hellip;]<\/p>\n","protected":false},"author":2,"featured_media":7437,"comment_status":"open","ping_status":"open","sticky":false,"template":"","format":"standard","meta":{"footnotes":""},"categories":[9,124],"tags":[],"class_list":{"0":"post-9446","1":"post","2":"type-post","3":"status-publish","4":"format-standard","5":"has-post-thumbnail","7":"category-azimuts","8":"category-la-une"},"_links":{"self":[{"href":"https:\/\/corpsdiplomaticnews.tg\/index.php\/wp-json\/wp\/v2\/posts\/9446","targetHints":{"allow":["GET"]}}],"collection":[{"href":"https:\/\/corpsdiplomaticnews.tg\/index.php\/wp-json\/wp\/v2\/posts"}],"about":[{"href":"https:\/\/corpsdiplomaticnews.tg\/index.php\/wp-json\/wp\/v2\/types\/post"}],"author":[{"embeddable":true,"href":"https:\/\/corpsdiplomaticnews.tg\/index.php\/wp-json\/wp\/v2\/users\/2"}],"replies":[{"embeddable":true,"href":"https:\/\/corpsdiplomaticnews.tg\/index.php\/wp-json\/wp\/v2\/comments?post=9446"}],"version-history":[{"count":1,"href":"https:\/\/corpsdiplomaticnews.tg\/index.php\/wp-json\/wp\/v2\/posts\/9446\/revisions"}],"predecessor-version":[{"id":9447,"href":"https:\/\/corpsdiplomaticnews.tg\/index.php\/wp-json\/wp\/v2\/posts\/9446\/revisions\/9447"}],"wp:featuredmedia":[{"embeddable":true,"href":"https:\/\/corpsdiplomaticnews.tg\/index.php\/wp-json\/wp\/v2\/media\/7437"}],"wp:attachment":[{"href":"https:\/\/corpsdiplomaticnews.tg\/index.php\/wp-json\/wp\/v2\/media?parent=9446"}],"wp:term":[{"taxonomy":"category","embeddable":true,"href":"https:\/\/corpsdiplomaticnews.tg\/index.php\/wp-json\/wp\/v2\/categories?post=9446"},{"taxonomy":"post_tag","embeddable":true,"href":"https:\/\/corpsdiplomaticnews.tg\/index.php\/wp-json\/wp\/v2\/tags?post=9446"}],"curies":[{"name":"wp","href":"https:\/\/api.w.org\/{rel}","templated":true}]}}