{"id":9425,"date":"2025-01-16T01:21:01","date_gmt":"2025-01-16T01:21:01","guid":{"rendered":"https:\/\/corpsdiplomaticnews.tg\/?p=9425"},"modified":"2025-01-16T01:21:06","modified_gmt":"2025-01-16T01:21:06","slug":"philemon-yang-donne-ses-priorites-pour-la-reprise-de-la-79e-session-de-lassemblee-generale-des-nations-unies","status":"publish","type":"post","link":"https:\/\/corpsdiplomaticnews.tg\/index.php\/2025\/01\/16\/philemon-yang-donne-ses-priorites-pour-la-reprise-de-la-79e-session-de-lassemblee-generale-des-nations-unies\/","title":{"rendered":"Philemon YANG donne ses priorit\u00e9s pour \u00a0la reprise de la 79e \u00a0session de l&rsquo;Assembl\u00e9e g\u00e9n\u00e9rale des Nations Unies"},"content":{"rendered":"\n<p>Philemon YANG, Pr\u00e9sident de la 79e &nbsp;session de l&rsquo;Assembl\u00e9e g\u00e9n\u00e9rale des Nations Unies donne ses priorit\u00e9s pour &nbsp;la reprise de cette assembl\u00e9e. &nbsp;Voici l\u2019int\u00e9gralit\u00e9 de son message.<\/p>\n\n\n\n<p>&nbsp;Alors que nous entamons 2025, le monde se trouve \u00e0 un tournant d\u00e9cisif : nous pouvons soit accepter la fatalit\u00e9 des crises \u2013 qu&rsquo;il s&rsquo;agisse des conflits, de la pauvret\u00e9, de la faim ou de l\u2019urgence climatique \u2013, soit prendre des mesures audacieuses pour nous \u00e9loigner du pr\u00e9cipice et tracer, ensemble, un avenir plus prometteur. En tant que Pr\u00e9sident de l&rsquo;Assembl\u00e9e g\u00e9n\u00e9rale des Nations Unies, je m&rsquo;engage \u00e0 adopter une approche proactive et d\u00e9termin\u00e9e. En effet, la communaut\u00e9 internationale se tourne continuellement vers les Nations Unies, et plus particuli\u00e8rement vers l&rsquo;Assembl\u00e9e g\u00e9n\u00e9rale \u2013 qui repr\u00e9sente les aspirations des 193 \u00c9tats membres et des 8 milliards d&rsquo;\u00eatres humains qui peuplent notre plan\u00e8te \u2013 afin d&rsquo;identifier des solutions \u00e0 nos d\u00e9fis communs. Il est crucial de renforcer les efforts pour revitaliser l&rsquo;Assembl\u00e9e g\u00e9n\u00e9rale et assurer sa capacit\u00e9 \u00e0 relever les d\u00e9fis complexes du 21e si\u00e8cle. Cette conviction est au c\u0153ur du Pacte pour l&rsquo;avenir, une feuille de route ambitieuse qui vise \u00e0 promouvoir la paix, le d\u00e9veloppement durable et les droits de l&rsquo;homme pour toutes et tous. Fort de cet \u00e9lan et guid\u00e9 par la vision que j\u2019ai d\u00e9finie pour cette 79e session \u2013 \u00ab L\u2019unit\u00e9 dans la diversit\u00e9, pour l\u2019avancement de la paix, du d\u00e9veloppement durable et de la dignit\u00e9 humaine partout et pour tous \u00bb \u2013 je suis d\u00e9termin\u00e9 \u00e0 transformer les engagements en actions concr\u00e8tes. Dans cet esprit, permettez-moi de vous exposer les priorit\u00e9s que je porterai au cours de cette session, chacune s\u2019inscrivant dans ma conviction profonde du r\u00f4le indispensable et p\u00e9renne de cette grande institution.<\/p>\n\n\n\n<figure class=\"wp-block-image size-large\"><img loading=\"lazy\" loading=\"lazy\" decoding=\"async\" width=\"1024\" height=\"683\" src=\"https:\/\/corpsdiplomaticnews.tg\/wp-content\/uploads\/2025\/01\/Philemon-Yang-President-de-lAssemble-generale-de-lONU-1024x683.jpg\" alt=\"\" class=\"wp-image-9426\" srcset=\"https:\/\/corpsdiplomaticnews.tg\/wp-content\/uploads\/2025\/01\/Philemon-Yang-President-de-lAssemble-generale-de-lONU-1024x683.jpg 1024w, https:\/\/corpsdiplomaticnews.tg\/wp-content\/uploads\/2025\/01\/Philemon-Yang-President-de-lAssemble-generale-de-lONU-300x200.jpg 300w, https:\/\/corpsdiplomaticnews.tg\/wp-content\/uploads\/2025\/01\/Philemon-Yang-President-de-lAssemble-generale-de-lONU-768x512.jpg 768w, https:\/\/corpsdiplomaticnews.tg\/wp-content\/uploads\/2025\/01\/Philemon-Yang-President-de-lAssemble-generale-de-lONU-330x220.jpg 330w, https:\/\/corpsdiplomaticnews.tg\/wp-content\/uploads\/2025\/01\/Philemon-Yang-President-de-lAssemble-generale-de-lONU-420x280.jpg 420w, https:\/\/corpsdiplomaticnews.tg\/wp-content\/uploads\/2025\/01\/Philemon-Yang-President-de-lAssemble-generale-de-lONU-615x410.jpg 615w, https:\/\/corpsdiplomaticnews.tg\/wp-content\/uploads\/2025\/01\/Philemon-Yang-President-de-lAssemble-generale-de-lONU-860x573.jpg 860w, https:\/\/corpsdiplomaticnews.tg\/wp-content\/uploads\/2025\/01\/Philemon-Yang-President-de-lAssemble-generale-de-lONU.jpg 1200w\" sizes=\"auto, (max-width: 1024px) 100vw, 1024px\" \/><figcaption class=\"wp-element-caption\">Philemon YANG <\/figcaption><\/figure>\n\n\n\n<p>&nbsp;<strong>Tout d&rsquo;abord, la paix reste une priorit\u00e9 absolue<\/strong>. Les violences et les conflits qui ravagent actuellement des r\u00e9gions telles que la Palestine, le Soudan et l&rsquo;Ukraine risquent de pr\u00e9cipiter le monde dans un chaos insoutenable. Si nous ne r\u00e9agissons pas, nous pourrions revivre, au cours de ce si\u00e8cle, les horreurs qui ont marqu\u00e9 la premi\u00e8re moiti\u00e9 du 20e si\u00e8cle. Dans ce contexte, l&rsquo;Assembl\u00e9e g\u00e9n\u00e9rale joue un r\u00f4le crucial. Face \u00e0 un Conseil de s\u00e9curit\u00e9 de plus en plus paralys\u00e9, elle doit \u00eatre pr\u00eate \u00e0 prendre l&rsquo;initiative. L&rsquo;Assembl\u00e9e g\u00e9n\u00e9rale doit demeurer une force active et compl\u00e9mentaire dans la promotion de la paix et de la s\u00e9curit\u00e9 internationales, conform\u00e9ment \u00e0 la Charte des Nations Unies et aux r\u00e9solutions pertinentes. 2 L&rsquo;une de mes priorit\u00e9s majeures sera d&rsquo;organiser un d\u00e9bat th\u00e9matique de haut niveau sur les multiples dimensions de la paix et de la s\u00e9curit\u00e9 en Afrique, ainsi que sur l&rsquo;avenir des op\u00e9rations de maintien de la paix. Ce d\u00e9bat mettra l&rsquo;accent sur le r\u00f4le d\u00e9terminant que peuvent jouer les op\u00e9rations de paix dirig\u00e9es par l&rsquo;Union africaine et financ\u00e9es par les contributions obligatoires. Pour lutter contre l&rsquo;impact d\u00e9stabilisant des armes l\u00e9g\u00e8res et de petit calibre, je convoquerai \u00e9galement une r\u00e9union conjointe de l&rsquo;Assembl\u00e9e g\u00e9n\u00e9rale et du Conseil \u00e9conomique et social des Nations Unies. La circulation incontr\u00f4l\u00e9e de ces armes requiert une r\u00e9ponse collective, solidaire et mondiale, afin de r\u00e9duire efficacement leurs effets d\u00e9vastateurs. <strong>Deuxi\u00e8mement, le d\u00e9veloppement durable n\u00e9cessite un nouvel \u00e9lan<\/strong>. \u00c0 seulement cinq ans de l&rsquo;\u00e9ch\u00e9ance de l&rsquo;Agenda 2030 pour le d\u00e9veloppement durable, et malgr\u00e9 le rythme d\u00e9cevant des progr\u00e8s, il reste encore beaucoup \u00e0 accomplir. En effet, nous devons agir avec urgence et d\u00e9termination, tout en ayant une vision claire des d\u00e9fis \u00e0 surmonter. Les Objectifs de d\u00e9veloppement durable (ODD) ne sont pas de simples ambitions ; ils constituent un cadre mondial visant \u00e0 assurer un avenir plus juste, \u00e9quitable et durable pour les g\u00e9n\u00e9rations actuelles et futures. La mobilisation des ressources et le financement sont des \u00e9l\u00e9ments essentiels pour r\u00e9ussir, et sont tout \u00e0 fait r\u00e9alisables.<\/p>\n\n\n\n<p>La Quatri\u00e8me Conf\u00e9rence internationale sur le financement du d\u00e9veloppement, qui se tiendra en juillet, ainsi que le Deuxi\u00e8me Sommet mondial pour le d\u00e9veloppement social, pr\u00e9vu plus tard cette ann\u00e9e, repr\u00e9sentent des opportunit\u00e9s cruciales pour d\u00e9bloquer des financements, renforcer la gouvernance financi\u00e8re et acc\u00e9l\u00e9rer la mise en \u0153uvre des Objectifs de d\u00e9veloppement durable. Troisi\u00e8mement, la promotion des droits de l&rsquo;homme et de la dignit\u00e9 humaine doit \u00eatre au c\u0153ur de tous nos efforts.<\/p>\n\n\n\n<p>L&rsquo;Assembl\u00e9e g\u00e9n\u00e9rale doit accorder une priorit\u00e9 absolue aux droits de l&rsquo;homme dans l&rsquo;ensemble de son programme. Ces droits \u2013 tous les droits de l&rsquo;homme \u2013 sont inali\u00e9nables et doivent \u00eatre prot\u00e9g\u00e9s pour tous, partout, y compris en p\u00e9riode de conflit. 3 En janvier 2025, je lancerai une initiative sp\u00e9cifique pour souligner l&rsquo;urgence de d\u00e9fendre le droit international humanitaire. Car m\u00eame en temps de guerre, il existe des r\u00e8gles &#8211; et l&rsquo;impunit\u00e9 face aux violations doit prendre fin. \u00c0 l&rsquo;approche du 30e anniversaire de la Quatri\u00e8me Conf\u00e9rence mondiale sur les femmes, ainsi que de la D\u00e9claration et du Programme d\u2019action de Beijing, il est \u00e9vident que les progr\u00e8s en mati\u00e8re d&rsquo;\u00e9galit\u00e9 entre les sexes restent insuffisants. Pour y rem\u00e9dier, je r\u00e9tablirai le Conseil consultatif pour l&rsquo;\u00e9galit\u00e9 entre les hommes et les femmes, afin de garantir que toutes les initiatives et priorit\u00e9s soient examin\u00e9es sous l&rsquo;angle de l&rsquo;\u00e9galit\u00e9 des sexes. Les Nations Unies f\u00eateront cette ann\u00e9e leur 80e anniversaire, un jalon qui invite \u00e0 une r\u00e9flexion approfondie sur leur r\u00f4le durable de l\u2019Organisation. N\u00e9es des cendres de deux guerres mondiales, les Nations Unies ont \u00e9t\u00e9 con\u00e7ues comme l&rsquo;initiative la plus audacieuse de l&rsquo;humanit\u00e9 en mati\u00e8re d&rsquo;action collective et de coop\u00e9ration mondiale. Cependant, aujourd&rsquo;hui, face \u00e0 des d\u00e9fis omnipr\u00e9sents et souvent per\u00e7us comme insurmontables, nous devons reconna\u00eetre que la confiance envers notre institution est en d\u00e9clin. Il nous revient de contrer ce scepticisme par des actions r\u00e9solues et concr\u00e8tes. Les Nations Unies demeurent particuli\u00e8rement bien plac\u00e9es pour favoriser le dialogue et offrir des solutions durables.<\/p>\n\n\n\n<p>Pour ce faire, nous devons non seulement utiliser les m\u00e9canismes formels de l&rsquo;Organisation, mais aussi renforcer ses liens avec les populations qu&rsquo;elle sert, en amplifiant la diversit\u00e9 des voix et des perspectives. C&rsquo;est dans cet esprit que j&rsquo;ai fait du multilinguisme une priorit\u00e9 pour cette session. En veillant \u00e0 ce que chaque voix, quelle que soit sa langue, soit entendue, nous r\u00e9affirmons l&rsquo;universalit\u00e9 de cette institution et son engagement \u00e0 trouver des solutions inclusives qui ne laissent personne de c\u00f4t\u00e9. Le chemin \u00e0 venir ne sera pas facile. Il exige une unit\u00e9 de but et un engagement sans faille. Pourtant, avec le Pacte pour l&rsquo;avenir comme guide, la soixante-dix-neuvi\u00e8me session de l&rsquo;Assembl\u00e9e g\u00e9n\u00e9rale nous offre l&rsquo;opportunit\u00e9 de transcender les divisions et le cynisme &#8211; une chance de construire un avenir plus radieux pour tous, en choisissant d&rsquo;avancer ensemble. &nbsp;<\/p>\n","protected":false},"excerpt":{"rendered":"<p>Philemon YANG, Pr\u00e9sident de la 79e &nbsp;session de l&rsquo;Assembl\u00e9e g\u00e9n\u00e9rale des Nations Unies donne ses priorit\u00e9s pour &nbsp;la reprise de cette assembl\u00e9e. &nbsp;Voici l\u2019int\u00e9gralit\u00e9 de son message. &nbsp;Alors que nous entamons 2025, le monde se trouve \u00e0 un tournant d\u00e9cisif : nous pouvons soit accepter la fatalit\u00e9 des crises \u2013 qu&rsquo;il s&rsquo;agisse des conflits, de [&hellip;]<\/p>\n","protected":false},"author":2,"featured_media":9426,"comment_status":"open","ping_status":"open","sticky":false,"template":"","format":"standard","meta":{"footnotes":""},"categories":[2,124],"tags":[],"class_list":{"0":"post-9425","1":"post","2":"type-post","3":"status-publish","4":"format-standard","5":"has-post-thumbnail","7":"category-diplomatie","8":"category-la-une"},"_links":{"self":[{"href":"https:\/\/corpsdiplomaticnews.tg\/index.php\/wp-json\/wp\/v2\/posts\/9425","targetHints":{"allow":["GET"]}}],"collection":[{"href":"https:\/\/corpsdiplomaticnews.tg\/index.php\/wp-json\/wp\/v2\/posts"}],"about":[{"href":"https:\/\/corpsdiplomaticnews.tg\/index.php\/wp-json\/wp\/v2\/types\/post"}],"author":[{"embeddable":true,"href":"https:\/\/corpsdiplomaticnews.tg\/index.php\/wp-json\/wp\/v2\/users\/2"}],"replies":[{"embeddable":true,"href":"https:\/\/corpsdiplomaticnews.tg\/index.php\/wp-json\/wp\/v2\/comments?post=9425"}],"version-history":[{"count":1,"href":"https:\/\/corpsdiplomaticnews.tg\/index.php\/wp-json\/wp\/v2\/posts\/9425\/revisions"}],"predecessor-version":[{"id":9427,"href":"https:\/\/corpsdiplomaticnews.tg\/index.php\/wp-json\/wp\/v2\/posts\/9425\/revisions\/9427"}],"wp:featuredmedia":[{"embeddable":true,"href":"https:\/\/corpsdiplomaticnews.tg\/index.php\/wp-json\/wp\/v2\/media\/9426"}],"wp:attachment":[{"href":"https:\/\/corpsdiplomaticnews.tg\/index.php\/wp-json\/wp\/v2\/media?parent=9425"}],"wp:term":[{"taxonomy":"category","embeddable":true,"href":"https:\/\/corpsdiplomaticnews.tg\/index.php\/wp-json\/wp\/v2\/categories?post=9425"},{"taxonomy":"post_tag","embeddable":true,"href":"https:\/\/corpsdiplomaticnews.tg\/index.php\/wp-json\/wp\/v2\/tags?post=9425"}],"curies":[{"name":"wp","href":"https:\/\/api.w.org\/{rel}","templated":true}]}}