{"id":9367,"date":"2025-01-08T01:12:59","date_gmt":"2025-01-08T01:12:59","guid":{"rendered":"https:\/\/corpsdiplomaticnews.tg\/?p=9367"},"modified":"2025-01-08T01:13:00","modified_gmt":"2025-01-08T01:13:00","slug":"togo-le-drapeau-national-ne-doit-plus-flotter-au-domicile-des-chefs-de-quartiers-et-villages","status":"publish","type":"post","link":"https:\/\/corpsdiplomaticnews.tg\/index.php\/2025\/01\/08\/togo-le-drapeau-national-ne-doit-plus-flotter-au-domicile-des-chefs-de-quartiers-et-villages\/","title":{"rendered":"Togo: le drapeau national ne doit plus flotter au domicile des chefs de quartiers et villages"},"content":{"rendered":"\n<p>Dans une note circulaire en date de ce 6 janvier 2025, le minist\u00e8re de l\u2019administration territoriale, de la\u00a0 d\u00e9centralisation et de la chefferie traditionnelle, a tir\u00e9 la sonnette d\u2019alarme sur l\u2019usage inappropri\u00e9 du drapeau national par la chefferie traditionnelle. Ce rappel \u00e0 l\u2019ordre vise \u00e0 pr\u00e9server le caract\u00e8re sacr\u00e9 et r\u00e9glement\u00e9 de ce symbole, qui occupe une place centrale parmi les embl\u00e8mes nationaux, aux c\u00f4t\u00e9s des armoiries, de l\u2019hymne national, de la devise et du sceau de l\u2019\u00c9tat. <\/p>\n\n\n\n<figure class=\"wp-block-image size-large\"><img loading=\"lazy\" loading=\"lazy\" decoding=\"async\" width=\"1024\" height=\"768\" src=\"https:\/\/corpsdiplomaticnews.tg\/wp-content\/uploads\/2023\/02\/Drapeau-TG-1024x768.jpg\" alt=\"\" class=\"wp-image-4162\" srcset=\"https:\/\/corpsdiplomaticnews.tg\/wp-content\/uploads\/2023\/02\/Drapeau-TG-1024x768.jpg 1024w, https:\/\/corpsdiplomaticnews.tg\/wp-content\/uploads\/2023\/02\/Drapeau-TG-300x225.jpg 300w, https:\/\/corpsdiplomaticnews.tg\/wp-content\/uploads\/2023\/02\/Drapeau-TG-768x576.jpg 768w, https:\/\/corpsdiplomaticnews.tg\/wp-content\/uploads\/2023\/02\/Drapeau-TG-860x645.jpg 860w, https:\/\/corpsdiplomaticnews.tg\/wp-content\/uploads\/2023\/02\/Drapeau-TG.jpg 1200w\" sizes=\"auto, (max-width: 1024px) 100vw, 1024px\" \/><\/figure>\n\n\n\n<p>&nbsp; &nbsp; &nbsp;Le communiqu\u00e9 souligne que le drapeau national, en tant qu&#8217;embl\u00e8me, est soumis \u00e0 des r\u00e8gles strictes d\u2019utilisation. Il est sp\u00e9cifiquement mentionn\u00e9 que la mont\u00e9e du drapeau dans les palais royaux est une pr\u00e9rogative exclusive des chefs de canton. Par cons\u00e9quent, selon la note les chefs de quartier, de village ne sont plus habilit\u00e9s \u00e0 hisser le drapeau national dans leur cour. Tout usage en dehors de ce cadre est donc proscrit.<\/p>\n\n\n\n<p>&nbsp; &nbsp; &nbsp; &nbsp; &nbsp; &nbsp; Les pr\u00e9fets ont \u00e9t\u00e9 explicitement charg\u00e9s de veiller \u00e0 l\u2019application rigoureuse de cette directive. Cette mesure, effective d\u00e8s la date de signature de la note, vise \u00e0 harmoniser les pratiques et \u00e0 \u00e9viter les d\u00e9rives observ\u00e9es ces derniers temps.<\/p>\n\n\n\n<p>&nbsp; &nbsp; &nbsp; &nbsp; &nbsp; &nbsp; En r\u00e9affirmant le respect des r\u00e8gles li\u00e9es aux symboles nationaux, cette initiative souligne l\u2019importance de pr\u00e9server leur port\u00e9e symbolique et leur r\u00f4le dans l\u2019unit\u00e9 nationale. Les autorit\u00e9s appellent ainsi \u00e0 une stricte conformit\u00e9 pour maintenir l\u2019int\u00e9grit\u00e9 de ces embl\u00e8mes, garants de l\u2019identit\u00e9 nationale.<\/p>\n","protected":false},"excerpt":{"rendered":"<p>Dans une note circulaire en date de ce 6 janvier 2025, le minist\u00e8re de l\u2019administration territoriale, de la\u00a0 d\u00e9centralisation et de la chefferie traditionnelle, a tir\u00e9 la sonnette d\u2019alarme sur l\u2019usage inappropri\u00e9 du drapeau national par la chefferie traditionnelle. Ce rappel \u00e0 l\u2019ordre vise \u00e0 pr\u00e9server le caract\u00e8re sacr\u00e9 et r\u00e9glement\u00e9 de ce symbole, qui [&hellip;]<\/p>\n","protected":false},"author":2,"featured_media":4162,"comment_status":"open","ping_status":"open","sticky":false,"template":"","format":"standard","meta":{"footnotes":""},"categories":[9,124],"tags":[],"class_list":{"0":"post-9367","1":"post","2":"type-post","3":"status-publish","4":"format-standard","5":"has-post-thumbnail","7":"category-azimuts","8":"category-la-une"},"_links":{"self":[{"href":"https:\/\/corpsdiplomaticnews.tg\/index.php\/wp-json\/wp\/v2\/posts\/9367","targetHints":{"allow":["GET"]}}],"collection":[{"href":"https:\/\/corpsdiplomaticnews.tg\/index.php\/wp-json\/wp\/v2\/posts"}],"about":[{"href":"https:\/\/corpsdiplomaticnews.tg\/index.php\/wp-json\/wp\/v2\/types\/post"}],"author":[{"embeddable":true,"href":"https:\/\/corpsdiplomaticnews.tg\/index.php\/wp-json\/wp\/v2\/users\/2"}],"replies":[{"embeddable":true,"href":"https:\/\/corpsdiplomaticnews.tg\/index.php\/wp-json\/wp\/v2\/comments?post=9367"}],"version-history":[{"count":1,"href":"https:\/\/corpsdiplomaticnews.tg\/index.php\/wp-json\/wp\/v2\/posts\/9367\/revisions"}],"predecessor-version":[{"id":9368,"href":"https:\/\/corpsdiplomaticnews.tg\/index.php\/wp-json\/wp\/v2\/posts\/9367\/revisions\/9368"}],"wp:featuredmedia":[{"embeddable":true,"href":"https:\/\/corpsdiplomaticnews.tg\/index.php\/wp-json\/wp\/v2\/media\/4162"}],"wp:attachment":[{"href":"https:\/\/corpsdiplomaticnews.tg\/index.php\/wp-json\/wp\/v2\/media?parent=9367"}],"wp:term":[{"taxonomy":"category","embeddable":true,"href":"https:\/\/corpsdiplomaticnews.tg\/index.php\/wp-json\/wp\/v2\/categories?post=9367"},{"taxonomy":"post_tag","embeddable":true,"href":"https:\/\/corpsdiplomaticnews.tg\/index.php\/wp-json\/wp\/v2\/tags?post=9367"}],"curies":[{"name":"wp","href":"https:\/\/api.w.org\/{rel}","templated":true}]}}