{"id":9323,"date":"2025-01-03T00:02:35","date_gmt":"2025-01-03T00:02:35","guid":{"rendered":"https:\/\/corpsdiplomaticnews.tg\/?p=9323"},"modified":"2025-01-03T00:51:15","modified_gmt":"2025-01-03T00:51:15","slug":"volleyball-dr-lidi-bessi-kama-offre-des-ballons-de-haute-qualite-a-deux-equipes-de-mango","status":"publish","type":"post","link":"https:\/\/corpsdiplomaticnews.tg\/index.php\/2025\/01\/03\/volleyball-dr-lidi-bessi-kama-offre-des-ballons-de-haute-qualite-a-deux-equipes-de-mango\/","title":{"rendered":"Volleyball: Dr Lidi Bessi Kama offre des ballons de haute qualit\u00e9 \u00e0 deux \u00e9quipes de Mango"},"content":{"rendered":"\n<p>Le ministre \u00a0des sports et des loisirs a proc\u00e9d\u00e9\u00a0 au\u00a0 le vendredi 20 d\u00e9cembre 2024 \u00a0\u00e0 Mango lancement\u00a0 officiel \u00a0des Championnats\u00a0 scolaires et universitaires 2024-2025.\u00a0 \u00a0Dr Lidi BESSI KAMA, puisqu\u2019il s\u2019agit bien d\u2019elle, \u00a0a profit\u00e9 de cette occasion pour faire d\u2019une pierre deux\u00a0 coups. C\u2019est ainsi qu\u2019en marge de cet \u00e9v\u00e9nement, le ministre a\u00a0 t\u00e9moign\u00e9 sa magnanimit\u00e9 \u00a0\u00e0 deux \u00a0\u00e9quipes\u00a0 de volleyball\u00a0 de la ville de Mango\u00a0 en leur \u00a0offrant\u00a0 des ballons de haute qualit\u00e9: il s\u2019agit\u00a0 de l\u2019\u00e9quipe du camp du 25e Bataillon\u00a0 Blind\u00e9\u00a0 et le club les Pionniers\u00a0 de Mango. <\/p>\n\n\n\n<figure class=\"wp-block-image size-large\"><img loading=\"lazy\" loading=\"lazy\" decoding=\"async\" width=\"1024\" height=\"680\" src=\"https:\/\/corpsdiplomaticnews.tg\/wp-content\/uploads\/2024\/12\/LIDI-1-1024x680.jpg\" alt=\"\" class=\"wp-image-9312\" srcset=\"https:\/\/corpsdiplomaticnews.tg\/wp-content\/uploads\/2024\/12\/LIDI-1-1024x680.jpg 1024w, https:\/\/corpsdiplomaticnews.tg\/wp-content\/uploads\/2024\/12\/LIDI-1-300x199.jpg 300w, https:\/\/corpsdiplomaticnews.tg\/wp-content\/uploads\/2024\/12\/LIDI-1-768x510.jpg 768w, https:\/\/corpsdiplomaticnews.tg\/wp-content\/uploads\/2024\/12\/LIDI-1-1536x1020.jpg 1536w, https:\/\/corpsdiplomaticnews.tg\/wp-content\/uploads\/2024\/12\/LIDI-1-330x220.jpg 330w, https:\/\/corpsdiplomaticnews.tg\/wp-content\/uploads\/2024\/12\/LIDI-1-420x280.jpg 420w, https:\/\/corpsdiplomaticnews.tg\/wp-content\/uploads\/2024\/12\/LIDI-1-860x571.jpg 860w, https:\/\/corpsdiplomaticnews.tg\/wp-content\/uploads\/2024\/12\/LIDI-1.jpg 1600w\" sizes=\"auto, (max-width: 1024px) 100vw, 1024px\" \/><\/figure>\n\n\n\n<p><strong>Dr Lidi BESSI KAMA <\/strong><\/p>\n\n\n\n<p>Ce &nbsp;geste du minist\u00e8re des sports &nbsp;vise \u00e0 renforcer les capacit\u00e9s&nbsp; d\u2019entrainement &nbsp;et de comp\u00e9tition&nbsp; des \u00e9quipes locales.&nbsp; En remettant &nbsp;ce mat\u00e9riel, la ministre&nbsp; a soulign\u00e9 que ce geste ne repr\u00e9sente qu\u2019un d\u00e9but. Elle a promis d\u2019intensifier&nbsp; son soutien lors des futures occasions, marquant ainsi&nbsp; son engagement&nbsp; ind\u00e9fectible envers le d\u00e9veloppement du sport \u00e0 l\u2019\u00e9chelle nationale. &nbsp;&nbsp;&nbsp;<\/p>\n\n\n\n<figure class=\"wp-block-image size-full\"><img loading=\"lazy\" loading=\"lazy\" decoding=\"async\" width=\"650\" height=\"355\" src=\"https:\/\/corpsdiplomaticnews.tg\/wp-content\/uploads\/2025\/01\/LIDI-MANGO.jpg\" alt=\"\" class=\"wp-image-9326\" srcset=\"https:\/\/corpsdiplomaticnews.tg\/wp-content\/uploads\/2025\/01\/LIDI-MANGO.jpg 650w, https:\/\/corpsdiplomaticnews.tg\/wp-content\/uploads\/2025\/01\/LIDI-MANGO-300x164.jpg 300w\" sizes=\"auto, (max-width: 650px) 100vw, 650px\" \/><\/figure>\n\n\n\n<p><strong>Les \u00e9quipes b\u00e9n\u00e9ficiaires <\/strong><\/p>\n\n\n\n<p>A la suite de ce geste, les b\u00e9n\u00e9ficiaires (joueurs et entraineurs) \u00a0ont exprim\u00e9 leur\u00a0 gratitude pour cette marque d\u2019attention \u00e0 leur \u00e9gard. Ils ont \u00e9galement assur\u00e9\u00a0 qu\u2019ils\u00a0 feront\u00a0 bon usage de ces \u00e9quipements\u00a0 pour promouvoir le\u00a0 volleyball\u00a0 et inspirer\u00a0 davantage des jeunes \u00e0 rejoindre cette \u00a0discipline qui lui tient vraiment \u00e0 c\u0153ur. <\/p>\n","protected":false},"excerpt":{"rendered":"<p>Le ministre \u00a0des sports et des loisirs a proc\u00e9d\u00e9\u00a0 au\u00a0 le vendredi 20 d\u00e9cembre 2024 \u00a0\u00e0 Mango lancement\u00a0 officiel \u00a0des Championnats\u00a0 scolaires et universitaires 2024-2025.\u00a0 \u00a0Dr Lidi BESSI KAMA, puisqu\u2019il s\u2019agit bien d\u2019elle, \u00a0a profit\u00e9 de cette occasion pour faire d\u2019une pierre deux\u00a0 coups. C\u2019est ainsi qu\u2019en marge de cet \u00e9v\u00e9nement, le ministre a\u00a0 t\u00e9moign\u00e9 [&hellip;]<\/p>\n","protected":false},"author":2,"featured_media":9313,"comment_status":"open","ping_status":"open","sticky":false,"template":"","format":"standard","meta":{"footnotes":""},"categories":[9,124],"tags":[],"class_list":{"0":"post-9323","1":"post","2":"type-post","3":"status-publish","4":"format-standard","5":"has-post-thumbnail","7":"category-azimuts","8":"category-la-une"},"_links":{"self":[{"href":"https:\/\/corpsdiplomaticnews.tg\/index.php\/wp-json\/wp\/v2\/posts\/9323","targetHints":{"allow":["GET"]}}],"collection":[{"href":"https:\/\/corpsdiplomaticnews.tg\/index.php\/wp-json\/wp\/v2\/posts"}],"about":[{"href":"https:\/\/corpsdiplomaticnews.tg\/index.php\/wp-json\/wp\/v2\/types\/post"}],"author":[{"embeddable":true,"href":"https:\/\/corpsdiplomaticnews.tg\/index.php\/wp-json\/wp\/v2\/users\/2"}],"replies":[{"embeddable":true,"href":"https:\/\/corpsdiplomaticnews.tg\/index.php\/wp-json\/wp\/v2\/comments?post=9323"}],"version-history":[{"count":2,"href":"https:\/\/corpsdiplomaticnews.tg\/index.php\/wp-json\/wp\/v2\/posts\/9323\/revisions"}],"predecessor-version":[{"id":9327,"href":"https:\/\/corpsdiplomaticnews.tg\/index.php\/wp-json\/wp\/v2\/posts\/9323\/revisions\/9327"}],"wp:featuredmedia":[{"embeddable":true,"href":"https:\/\/corpsdiplomaticnews.tg\/index.php\/wp-json\/wp\/v2\/media\/9313"}],"wp:attachment":[{"href":"https:\/\/corpsdiplomaticnews.tg\/index.php\/wp-json\/wp\/v2\/media?parent=9323"}],"wp:term":[{"taxonomy":"category","embeddable":true,"href":"https:\/\/corpsdiplomaticnews.tg\/index.php\/wp-json\/wp\/v2\/categories?post=9323"},{"taxonomy":"post_tag","embeddable":true,"href":"https:\/\/corpsdiplomaticnews.tg\/index.php\/wp-json\/wp\/v2\/tags?post=9323"}],"curies":[{"name":"wp","href":"https:\/\/api.w.org\/{rel}","templated":true}]}}