{"id":9301,"date":"2024-12-27T23:59:40","date_gmt":"2024-12-27T23:59:40","guid":{"rendered":"https:\/\/corpsdiplomaticnews.tg\/?p=9301"},"modified":"2024-12-28T00:54:42","modified_gmt":"2024-12-28T00:54:42","slug":"visite-officielle-du-president-nguema-a-accra-le-06-janvier-prochain-la-communaute-gabonaise-sollicitee","status":"publish","type":"post","link":"https:\/\/corpsdiplomaticnews.tg\/index.php\/2024\/12\/27\/visite-officielle-du-president-nguema-a-accra-le-06-janvier-prochain-la-communaute-gabonaise-sollicitee\/","title":{"rendered":"Visite officielle\u00a0 du \u00a0Pr\u00e9sident NGUEMA \u00e0 Accra \u00a0le 06 janvier \u00a0prochain, \u00a0la communaut\u00e9 gabonaise sollicit\u00e9e \u00a0"},"content":{"rendered":"\n<p>Le Pr\u00e9sident de la transition gabonaise, le G\u00e9n\u00e9ral\u00a0 de Brigade, Brice Clotaire OLIGUI NGUEMA, prendra part\u00a0 \u00e0 la c\u00e9r\u00e9monie solennelle d\u2019investiture de son homologue ghan\u00e9en, John DRAMANI MAHAMA le 07 janvier prochain. \u00a0\u00a0C\u2019est ce qu\u2019a\u00a0 appris notre\u00a0 Agence de presse\u00a0 aupr\u00e8s d\u2019une \u00a0source diplomatique. <\/p>\n\n\n\n<figure class=\"wp-block-image size-large\"><img loading=\"lazy\" loading=\"lazy\" decoding=\"async\" width=\"1024\" height=\"769\" src=\"https:\/\/corpsdiplomaticnews.tg\/wp-content\/uploads\/2024\/12\/OLIGUI-NGUEMA-1024x769.jpg\" alt=\"\" class=\"wp-image-9304\" srcset=\"https:\/\/corpsdiplomaticnews.tg\/wp-content\/uploads\/2024\/12\/OLIGUI-NGUEMA-1024x769.jpg 1024w, https:\/\/corpsdiplomaticnews.tg\/wp-content\/uploads\/2024\/12\/OLIGUI-NGUEMA-300x225.jpg 300w, https:\/\/corpsdiplomaticnews.tg\/wp-content\/uploads\/2024\/12\/OLIGUI-NGUEMA-768x577.jpg 768w, https:\/\/corpsdiplomaticnews.tg\/wp-content\/uploads\/2024\/12\/OLIGUI-NGUEMA-860x646.jpg 860w, https:\/\/corpsdiplomaticnews.tg\/wp-content\/uploads\/2024\/12\/OLIGUI-NGUEMA.jpg 1446w\" sizes=\"auto, (max-width: 1024px) 100vw, 1024px\" \/><\/figure>\n\n\n\n<p><strong>G\u00e9n\u00e9ral Brice Clotaire OLIGUI NGUEMA, Chef de l&rsquo;Etat gabonais <\/strong><\/p>\n\n\n\n<p>Afin &nbsp;de r\u00e9server &nbsp;un accueil chaleureux et patriotique &nbsp;\u00e0 leur&nbsp; pr\u00e9sident, &nbsp;tous les Gabonais vivant au Ghana&nbsp; sont invit\u00e9s \u00e0&nbsp; l\u2019a\u00e9roport international &nbsp;Kotoka d\u2019Accra le lundi 06 janvier 2025 \u00e0&nbsp; partir de 08h 30 mn.<\/p>\n\n\n\n<p>L\u2019information importante qui devrait donner du baume au c\u0153ur \u00e0 plus d\u2019un, est qu\u2019au cours de son s\u00e9jour, le pr\u00e9sident OLIGUI NGUEMA aura \u00e0 &nbsp;accorder &nbsp;une audience&nbsp; collective \u00e0 ses compatriotes, sans discrimination.<\/p>\n\n\n\n<p>Sous la supervision du Haut-Commissariat du&nbsp; Gabon&nbsp; au Togo, au B\u00e9nin et au Ghana, du Consulat honoraire du Gabon au Ghana, du Conseil des Sages et du Bureau Ex\u00e9cutif de l\u2019Union des Gabonais au Ghana, les membres de la communaut\u00e9 sont ainsi appel\u00e9s \u00e0 s\u2019organiser pour la r\u00e9ussite optimale de ces rencontres&nbsp; qui se tiennent&nbsp; pour la premi\u00e8re fois en terre ghan\u00e9enne.<\/p>\n","protected":false},"excerpt":{"rendered":"<p>Le Pr\u00e9sident de la transition gabonaise, le G\u00e9n\u00e9ral\u00a0 de Brigade, Brice Clotaire OLIGUI NGUEMA, prendra part\u00a0 \u00e0 la c\u00e9r\u00e9monie solennelle d\u2019investiture de son homologue ghan\u00e9en, John DRAMANI MAHAMA le 07 janvier prochain. \u00a0\u00a0C\u2019est ce qu\u2019a\u00a0 appris notre\u00a0 Agence de presse\u00a0 aupr\u00e8s d\u2019une \u00a0source diplomatique. G\u00e9n\u00e9ral Brice Clotaire OLIGUI NGUEMA, Chef de l&rsquo;Etat gabonais Afin &nbsp;de [&hellip;]<\/p>\n","protected":false},"author":2,"featured_media":9304,"comment_status":"open","ping_status":"open","sticky":false,"template":"","format":"standard","meta":{"footnotes":""},"categories":[2,124],"tags":[],"class_list":{"0":"post-9301","1":"post","2":"type-post","3":"status-publish","4":"format-standard","5":"has-post-thumbnail","7":"category-diplomatie","8":"category-la-une"},"_links":{"self":[{"href":"https:\/\/corpsdiplomaticnews.tg\/index.php\/wp-json\/wp\/v2\/posts\/9301","targetHints":{"allow":["GET"]}}],"collection":[{"href":"https:\/\/corpsdiplomaticnews.tg\/index.php\/wp-json\/wp\/v2\/posts"}],"about":[{"href":"https:\/\/corpsdiplomaticnews.tg\/index.php\/wp-json\/wp\/v2\/types\/post"}],"author":[{"embeddable":true,"href":"https:\/\/corpsdiplomaticnews.tg\/index.php\/wp-json\/wp\/v2\/users\/2"}],"replies":[{"embeddable":true,"href":"https:\/\/corpsdiplomaticnews.tg\/index.php\/wp-json\/wp\/v2\/comments?post=9301"}],"version-history":[{"count":3,"href":"https:\/\/corpsdiplomaticnews.tg\/index.php\/wp-json\/wp\/v2\/posts\/9301\/revisions"}],"predecessor-version":[{"id":9306,"href":"https:\/\/corpsdiplomaticnews.tg\/index.php\/wp-json\/wp\/v2\/posts\/9301\/revisions\/9306"}],"wp:featuredmedia":[{"embeddable":true,"href":"https:\/\/corpsdiplomaticnews.tg\/index.php\/wp-json\/wp\/v2\/media\/9304"}],"wp:attachment":[{"href":"https:\/\/corpsdiplomaticnews.tg\/index.php\/wp-json\/wp\/v2\/media?parent=9301"}],"wp:term":[{"taxonomy":"category","embeddable":true,"href":"https:\/\/corpsdiplomaticnews.tg\/index.php\/wp-json\/wp\/v2\/categories?post=9301"},{"taxonomy":"post_tag","embeddable":true,"href":"https:\/\/corpsdiplomaticnews.tg\/index.php\/wp-json\/wp\/v2\/tags?post=9301"}],"curies":[{"name":"wp","href":"https:\/\/api.w.org\/{rel}","templated":true}]}}