{"id":9290,"date":"2024-12-25T14:18:30","date_gmt":"2024-12-25T14:18:30","guid":{"rendered":"https:\/\/corpsdiplomaticnews.tg\/?p=9290"},"modified":"2024-12-25T14:18:32","modified_gmt":"2024-12-25T14:18:32","slug":"le-benin-et-le-mali-rechauffent-leurs-relations-diplomatiques","status":"publish","type":"post","link":"https:\/\/corpsdiplomaticnews.tg\/index.php\/2024\/12\/25\/le-benin-et-le-mali-rechauffent-leurs-relations-diplomatiques\/","title":{"rendered":"Le Benin et le Mali r\u00e9chauffent\u00a0 leurs relations diplomatiques"},"content":{"rendered":"\n<p>Le \u00a0Conseil des Ministres statutaire de l\u2019Union \u00c9conomique et Mon\u00e9taire Ouest-Africaine (UEMOA) ont tenu le vendredi 20 d\u00e9cembre 2024 \u00e0 Bamako (Mali), leur session ordinaire. En marge de la rencontre, le Ministre des Affaires \u00e9trang\u00e8res, Monsieur Olushegun Adjadi BAKARI a eu des \u00e9changes avec son homologue malien, Monsieur Abdoulaye DIOP.\u00a0<br><\/p>\n\n\n\n<figure class=\"wp-block-image size-large\"><img loading=\"lazy\" loading=\"lazy\" decoding=\"async\" width=\"1024\" height=\"883\" src=\"https:\/\/corpsdiplomaticnews.tg\/wp-content\/uploads\/2024\/12\/DIOP-1024x883.jpg\" alt=\"\" class=\"wp-image-9291\" srcset=\"https:\/\/corpsdiplomaticnews.tg\/wp-content\/uploads\/2024\/12\/DIOP-1024x883.jpg 1024w, https:\/\/corpsdiplomaticnews.tg\/wp-content\/uploads\/2024\/12\/DIOP-300x259.jpg 300w, https:\/\/corpsdiplomaticnews.tg\/wp-content\/uploads\/2024\/12\/DIOP-768x662.jpg 768w, https:\/\/corpsdiplomaticnews.tg\/wp-content\/uploads\/2024\/12\/DIOP-860x741.jpg 860w, https:\/\/corpsdiplomaticnews.tg\/wp-content\/uploads\/2024\/12\/DIOP.jpg 1520w\" sizes=\"auto, (max-width: 1024px) 100vw, 1024px\" \/><\/figure>\n\n\n\n<p><br><strong>MM.  Olushegun Adjadi BAKARI et   Abdoulaye DIOP, Chefs de la diplomatie b\u00e9ninoise et malienne <\/strong><\/p>\n\n\n\n<p>La Session de Bamako est la derni\u00e8re au titre de l&rsquo;ann\u00e9e 2024 du Conseil des Ministres de l&rsquo;UEMOA. Pr\u00e9sid\u00e9e par Adama COULIBALY, Ministre des Finances et du Budget de la C\u00f4te d\u2019Ivoire, et pr\u00e9sident du Conseil, la rencontre a permis de traiter de plusieurs dossiers importants soumis au Conseil des Ministres par les Institutions et Organes de l\u2019Union, notamment la BCEAO et la BOAD. Objectif : renforcer la marche de l\u2019int\u00e9gration r\u00e9gionale.\u00a0<\/p>\n\n\n\n<p><br>En marge des travaux de la session du Conseil des Ministres de l&rsquo;UEMOA, le chef de la diplomatie b\u00e9ninoise, a rencontr\u00e9 son homologue malien. Messieurs Olushegun Adjadi BAKARI et Abdoulaye DIOP ont eu des \u00e9changes au cours desquels, ils ont r\u00e9affirm\u00e9 leur engagement \u00e0 renforcer les liens s\u00e9culaires entre les peuples du B\u00e9nin et du Mali, quels que soient leurs choix d&rsquo;organisations politiques.&nbsp;<br><br>Au cours de sa sortie m\u00e9diatique, le lundi 16 d\u00e9cembre 2024, apr\u00e8s le 66\u00e8me Sommet de la CEDEAO, le Ministre des Affaires \u00e9trang\u00e8res b\u00e9ninois avait soulign\u00e9 les grandes conclusions issues de cette rencontre statutaire des Chefs d&rsquo;\u00c9tat et de Gouvernement, membres de la CEDEAO.&nbsp;<br><br>Selon le Ministre Olushegun Adjadi BAKARI, la Conf\u00e9rence a pris acte de la d\u00e9cision du Mali, du Burkina-Faso et du Niger de se retirer de l&rsquo;Organisation, mais maintient la porte ouverte aux discussions durant une p\u00e9riode de six mois. Les Chefs d&rsquo;\u00c9tat veulent aussi s&rsquo;assurer que ce d\u00e9part des trois pays fr\u00e8res, n&rsquo;impacte pas ou impacte le moins possible les populations, a-t-il ajout\u00e9.&nbsp;<br><br>Le B\u00e9nin qui s&rsquo;aligne sur cette position entend respecter le choix de ces trois \u00c9tats souverains, mais travaillera \u00e0 maintenir et dynamiser les relations s\u00e9culaires entre leurs peuples. C&rsquo;est ce que souligne le Ministre des Affaires \u00e9trang\u00e8res, apr\u00e8s ses \u00e9changes avec son homologue malien, Abdoulaye DIOP, \u00e0 qui il a t\u00e9moign\u00e9 sa gratitude au terme de la rencontre.<\/p>\n","protected":false},"excerpt":{"rendered":"<p>Le \u00a0Conseil des Ministres statutaire de l\u2019Union \u00c9conomique et Mon\u00e9taire Ouest-Africaine (UEMOA) ont tenu le vendredi 20 d\u00e9cembre 2024 \u00e0 Bamako (Mali), leur session ordinaire. En marge de la rencontre, le Ministre des Affaires \u00e9trang\u00e8res, Monsieur Olushegun Adjadi BAKARI a eu des \u00e9changes avec son homologue malien, Monsieur Abdoulaye DIOP.\u00a0 MM. Olushegun Adjadi BAKARI et [&hellip;]<\/p>\n","protected":false},"author":2,"featured_media":9291,"comment_status":"open","ping_status":"open","sticky":false,"template":"","format":"standard","meta":{"footnotes":""},"categories":[2,124],"tags":[],"class_list":{"0":"post-9290","1":"post","2":"type-post","3":"status-publish","4":"format-standard","5":"has-post-thumbnail","7":"category-diplomatie","8":"category-la-une"},"_links":{"self":[{"href":"https:\/\/corpsdiplomaticnews.tg\/index.php\/wp-json\/wp\/v2\/posts\/9290","targetHints":{"allow":["GET"]}}],"collection":[{"href":"https:\/\/corpsdiplomaticnews.tg\/index.php\/wp-json\/wp\/v2\/posts"}],"about":[{"href":"https:\/\/corpsdiplomaticnews.tg\/index.php\/wp-json\/wp\/v2\/types\/post"}],"author":[{"embeddable":true,"href":"https:\/\/corpsdiplomaticnews.tg\/index.php\/wp-json\/wp\/v2\/users\/2"}],"replies":[{"embeddable":true,"href":"https:\/\/corpsdiplomaticnews.tg\/index.php\/wp-json\/wp\/v2\/comments?post=9290"}],"version-history":[{"count":1,"href":"https:\/\/corpsdiplomaticnews.tg\/index.php\/wp-json\/wp\/v2\/posts\/9290\/revisions"}],"predecessor-version":[{"id":9292,"href":"https:\/\/corpsdiplomaticnews.tg\/index.php\/wp-json\/wp\/v2\/posts\/9290\/revisions\/9292"}],"wp:featuredmedia":[{"embeddable":true,"href":"https:\/\/corpsdiplomaticnews.tg\/index.php\/wp-json\/wp\/v2\/media\/9291"}],"wp:attachment":[{"href":"https:\/\/corpsdiplomaticnews.tg\/index.php\/wp-json\/wp\/v2\/media?parent=9290"}],"wp:term":[{"taxonomy":"category","embeddable":true,"href":"https:\/\/corpsdiplomaticnews.tg\/index.php\/wp-json\/wp\/v2\/categories?post=9290"},{"taxonomy":"post_tag","embeddable":true,"href":"https:\/\/corpsdiplomaticnews.tg\/index.php\/wp-json\/wp\/v2\/tags?post=9290"}],"curies":[{"name":"wp","href":"https:\/\/api.w.org\/{rel}","templated":true}]}}