{"id":9246,"date":"2024-12-22T21:47:25","date_gmt":"2024-12-22T21:47:25","guid":{"rendered":"https:\/\/corpsdiplomaticnews.tg\/?p=9246"},"modified":"2024-12-24T03:35:55","modified_gmt":"2024-12-24T03:35:55","slug":"dr-jose-kwassi-symenouh-apporte-une-nouvelle-touche-a-la-quinzaine-commerciale","status":"publish","type":"post","link":"https:\/\/corpsdiplomaticnews.tg\/index.php\/2024\/12\/22\/dr-jose-kwassi-symenouh-apporte-une-nouvelle-touche-a-la-quinzaine-commerciale\/","title":{"rendered":"Dr Jos\u00e9 Kwassi SYMENOUH apporte une nouvelle touche \u00e0 la quinzaine commerciale \u00a0"},"content":{"rendered":"\n<p>La 39<sup>e<\/sup> \u00e9dition de la grande quinzaine commerciale a\u00a0 \u00e9t\u00e9 officiellement lanc\u00e9e ce jeudi 19 d\u00e9cembre 2024\u00a0 \u00e0 Lom\u00e9. Ce rendez-vous commercial\u00a0 a \u00e9t\u00e9  ouvert par le ministre du commerce, de l\u2019artisanat et de la consommation locale, Rose Kayi\u00a0 MIVEDOR-SAMBIANI\u00a0 en pr\u00e9sence de plusieurs autres personnalit\u00e9s.<\/p>\n\n\n\n<figure class=\"wp-block-image size-large\"><img loading=\"lazy\" loading=\"lazy\" decoding=\"async\" width=\"1024\" height=\"680\" src=\"https:\/\/corpsdiplomaticnews.tg\/wp-content\/uploads\/2024\/12\/S1-1024x680.jpg\" alt=\"\" class=\"wp-image-9247\" srcset=\"https:\/\/corpsdiplomaticnews.tg\/wp-content\/uploads\/2024\/12\/S1-1024x680.jpg 1024w, https:\/\/corpsdiplomaticnews.tg\/wp-content\/uploads\/2024\/12\/S1-300x199.jpg 300w, https:\/\/corpsdiplomaticnews.tg\/wp-content\/uploads\/2024\/12\/S1-768x510.jpg 768w, https:\/\/corpsdiplomaticnews.tg\/wp-content\/uploads\/2024\/12\/S1-330x220.jpg 330w, https:\/\/corpsdiplomaticnews.tg\/wp-content\/uploads\/2024\/12\/S1-420x280.jpg 420w, https:\/\/corpsdiplomaticnews.tg\/wp-content\/uploads\/2024\/12\/S1-860x571.jpg 860w, https:\/\/corpsdiplomaticnews.tg\/wp-content\/uploads\/2024\/12\/S1.jpg 1080w\" sizes=\"auto, (max-width: 1024px) 100vw, 1024px\" \/><\/figure>\n\n\n\n<p><strong>Coupure du ruban symbolisant l&rsquo;ouverture de la Quinzaine commerciale <\/strong><\/p>\n\n\n\n<p>L\u2019initiatrice de la quinzaine commerciale n\u2019est nulle autre&nbsp; structure&nbsp; que la Chambre de Commerce et d\u2019industrie du Togo (CCI-Togo). Son tout nouveau pr\u00e9sident, Dr Jos\u00e9 &nbsp;Kwassi SYMENOUH&nbsp; a d\u00e9livr\u00e9&nbsp; \u00e0 cette occasion, un discours&nbsp; plein de reconnaissance et &nbsp;d\u2019innovations.<\/p>\n\n\n\n<p>Dans son discours, il a t\u00e9moign\u00e9 sa gratitude au Chef de l\u2019Etat, au Chef du gouvernement. Il a \u00e9galement\u00a0 tourn\u00e9 ses regards vers\u00a0 le\u00a0 ministre du commerce, de l\u2019artisanat\u00a0 et de la\u00a0 consommation locale qui, selon ses termes, fait de la CCI-Togo, \u00ab\u00a0une institution dynamique et forte, capable de tirer les entreprises\u00a0 vers une croissance durable\u00a0\u00bb. <\/p>\n\n\n\n<figure class=\"wp-block-image size-full\"><img loading=\"lazy\" loading=\"lazy\" decoding=\"async\" width=\"1020\" height=\"689\" src=\"https:\/\/corpsdiplomaticnews.tg\/wp-content\/uploads\/2024\/12\/SYMENOUH-00.jpg\" alt=\"\" class=\"wp-image-9260\" srcset=\"https:\/\/corpsdiplomaticnews.tg\/wp-content\/uploads\/2024\/12\/SYMENOUH-00.jpg 1020w, https:\/\/corpsdiplomaticnews.tg\/wp-content\/uploads\/2024\/12\/SYMENOUH-00-300x203.jpg 300w, https:\/\/corpsdiplomaticnews.tg\/wp-content\/uploads\/2024\/12\/SYMENOUH-00-768x519.jpg 768w, https:\/\/corpsdiplomaticnews.tg\/wp-content\/uploads\/2024\/12\/SYMENOUH-00-860x581.jpg 860w\" sizes=\"auto, (max-width: 1020px) 100vw, 1020px\" \/><\/figure>\n\n\n\n<p><strong>Monsieur SYMENOUH pronon\u00e7ant son discours <\/strong><\/p>\n\n\n\n<p>Aussi a-t-il remerci\u00e9 les exposants et les partenaires \u00absans qui rien ne serait possible\u00bb&nbsp;: \u00ab&nbsp;votre engagement t\u00e9moigne de votre attachement \u00e0 notre \u00e9v\u00e9nement &nbsp;et votre volont\u00e9 de promouvoir les activit\u00e9s de nos commer\u00e7ants et des produits qu\u2019ils proposent&nbsp;\u00bb &nbsp;a&nbsp; avou\u00e9 &nbsp;Monsieur SYMENOUH.<\/p>\n\n\n\n<p>&nbsp;Cette ann\u00e9e, la&nbsp; grande quinzaine commerciale&nbsp; se tient du 18 au 05 janvier 2025.&nbsp; &nbsp;Pour le pr\u00e9sident de la CCI-Togo, \u00ab&nbsp;Cet \u00e9v\u00e9nement&nbsp; est tr\u00e8s attendu&nbsp; par les commer\u00e7antes et les commer\u00e7ants&nbsp; de la ville&nbsp; de Lom\u00e9 et c\u2019est&nbsp; chaque ann\u00e9e un&nbsp; v\u00e9ritable&nbsp; bonheur pour la Chambre&nbsp; de commerce&nbsp; de satisfaire \u00e0 ce qui est devenu &nbsp;une v\u00e9ritable tradition, un \u00e9v\u00e9nement embl\u00e9matique de l\u2019engagement de la Chambre de commerce au plus pr\u00e8s des commer\u00e7ants et des producteurs locaux.\u00bb.<\/p>\n\n\n\n<p><strong>La quinzaine commerciale, un \u00e9v\u00e9nement historique empreint d\u2019innovations<\/strong><\/p>\n\n\n\n<p>Dans son allocution&nbsp; de circonstance, Monsieur SYMENOUH &nbsp;est &nbsp;par&nbsp; ailleurs revenu sur l\u2019historique&nbsp; de la manifestation du jour&nbsp; et dont les origines&nbsp; remontent &nbsp;\u00e0&nbsp; la volont\u00e9&nbsp; de certains &nbsp;jeunes \u00e9tudiants de cette&nbsp; \u00e9poque vieille&nbsp; de 40 ans: &nbsp;\u00ab&nbsp;Il&nbsp; y a&nbsp; 40 ans, un groupe de jeunes \u00e9tudiants, membres de l\u2019Association&nbsp; internationale des \u00e9tudiants en sciences \u00e9conomiques et commerciales, AIESEC-Togo, ont eu&nbsp; la lumineuse&nbsp; id\u00e9e d\u2019initier une manifestation foraine&nbsp; qui aurait pour finalit\u00e9 de permettre aux commer\u00e7antes d\u2019\u00e9couter, dans l\u2019ambiance euphorique&nbsp; &nbsp;des f\u00eates,&nbsp; leurs fins de stocks. Ils ont alors sollicit\u00e9&nbsp; l\u2019expertise&nbsp; de la &nbsp;Chambre Consulaire en mati\u00e8re&nbsp; d\u2019organisation&nbsp; d\u2019\u00e9v\u00e9nements \u00e9conomiques. Aujourd\u2019hui&nbsp; vous voyez, Mesdames et Messieurs, combien la Chambre a \u00e9t\u00e9 inspir\u00e9e en acceptant&nbsp; cette collaboration&nbsp; car, une manifestation&nbsp; qui se tient pendant 39 \u00e9ditions, a&nbsp; forc\u00e9ment&nbsp; des raisons d\u2019exister et apporte forc\u00e9ment&nbsp; au secteur priv\u00e9 et public&nbsp;\u00bb,&nbsp; a reconnu Dr SYMENOUH.<\/p>\n\n\n\n<p>&nbsp;Et de poursuivre: \u00ab&nbsp;apr\u00e8s une interruption de sept&nbsp; ans, nous sommes heureux,&nbsp; au tout d\u00e9but de cette nouvelle mandature, de reprendre cette collaboration&nbsp; avec&nbsp; l\u2019AIESEC.&nbsp; Ils ont tant \u00e0 donner&nbsp; mais aussi \u00e0 apprendre.\u00bb, a-t-il dit.<\/p>\n\n\n\n<p>Pour le pr\u00e9sident de la CCI-Togo, la quinzaine&nbsp; commerciale&nbsp; est une opportunit\u00e9&nbsp; pour ces \u00e9tudiants \u00ab&nbsp;de mettre en pratique la&nbsp; formation qu\u2019ils re\u00e7oivent et de s\u2019accomplir en valorisant leur savoir-faire et leur savoir-\u00eatre au contact d\u2019op\u00e9rateurs \u00e9conomiques&nbsp;\u00bb.<\/p>\n\n\n\n<p>Une innovation majeure qu\u2019il&nbsp; va falloir mettre&nbsp; \u00e0 l\u2019actif du nouveau de la CCI-Togo est la cr\u00e9ation d\u2019ici &nbsp;le &nbsp;mois de Mars 2025, d\u2019une association des&nbsp; retrait\u00e9s de la Chambre consulaire. \u00ab&nbsp;D\u2019ici&nbsp; le mois de mars 2025,&nbsp; ils (ndlr: les retrait\u00e9s) &nbsp;feront na\u00eetre leur association&nbsp; selon le chronogramme \u00e9tabli \u00e0 cet effet,&nbsp; car nous croyons passionn\u00e9ment au capital humain&nbsp;\u00bb, &nbsp;a martel\u00e9 Dr SYMENOUH.<\/p>\n\n\n\n<p>A noter \u00e9galement que traditionnellement boucl\u00e9e le 31 d\u00e9cembre, la 39<sup>\u00e8me<\/sup> \u00e9dition de la Quinzaine commerciale se poursuivra jusqu\u2019au 05 janvier 2025.il s\u2019agit l\u00e0 d\u2019une autre innovation notoire&nbsp;&nbsp; de cette \u00e9dition.<\/p>\n\n\n\n<p>Il a enfin t\u00e9moign\u00e9 sa gratitude aux sponsors et partenaires \u00ab&nbsp;pour leurs appuis multiformes\u00bb.&nbsp;<\/p>\n\n\n\n<p><\/p>\n\n\n\n<figure class=\"wp-block-image size-large\"><img loading=\"lazy\" loading=\"lazy\" decoding=\"async\" width=\"1024\" height=\"680\" src=\"https:\/\/corpsdiplomaticnews.tg\/wp-content\/uploads\/2024\/12\/S2-1024x680.jpg\" alt=\"\" class=\"wp-image-9256\" srcset=\"https:\/\/corpsdiplomaticnews.tg\/wp-content\/uploads\/2024\/12\/S2-1024x680.jpg 1024w, https:\/\/corpsdiplomaticnews.tg\/wp-content\/uploads\/2024\/12\/S2-300x199.jpg 300w, https:\/\/corpsdiplomaticnews.tg\/wp-content\/uploads\/2024\/12\/S2-768x510.jpg 768w, https:\/\/corpsdiplomaticnews.tg\/wp-content\/uploads\/2024\/12\/S2-330x220.jpg 330w, https:\/\/corpsdiplomaticnews.tg\/wp-content\/uploads\/2024\/12\/S2-420x280.jpg 420w, https:\/\/corpsdiplomaticnews.tg\/wp-content\/uploads\/2024\/12\/S2-860x571.jpg 860w, https:\/\/corpsdiplomaticnews.tg\/wp-content\/uploads\/2024\/12\/S2.jpg 1080w\" sizes=\"auto, (max-width: 1024px) 100vw, 1024px\" \/><\/figure>\n\n\n\n<p>Pour sa part, le ministre du commerce, de l\u2019artisanat et de la consommation locale, Kayi MIVEDOR-SAMBIANI\u00a0(<strong>en photo<\/strong>)  a remerci\u00e9 le Pr\u00e9sident de la CCI-Togo et son \u00e9quipe pour \u00ab\u00a0leur d\u00e9termination \u00e0 perp\u00e9tuer cette belle tradition\u00a0\u00bb.<\/p>\n\n\n\n<p>Elle a adress\u00e9 une mention sp\u00e9ciale aux exposants pour \u00ab&nbsp;leur engagement \u00e0 &nbsp;mettre en lumi\u00e8re le potentiel &nbsp;&nbsp;\u00e9conomique du Togo&nbsp;\u00bb.<\/p>\n\n\n\n<p>Il sied\u00a0 de pr\u00e9ciser que la c\u00e9r\u00e9monie d\u2019ouverture de cette messe commerciale a \u00e9t\u00e9 \u00a0agr\u00e9ment\u00e9e\u00a0 par des prestations folkloriques. <\/p>\n\n\n\n<figure class=\"wp-block-image size-large\"><img loading=\"lazy\" loading=\"lazy\" decoding=\"async\" width=\"1024\" height=\"680\" src=\"https:\/\/corpsdiplomaticnews.tg\/wp-content\/uploads\/2024\/12\/S3-1024x680.jpg\" alt=\"\" class=\"wp-image-9257\" srcset=\"https:\/\/corpsdiplomaticnews.tg\/wp-content\/uploads\/2024\/12\/S3-1024x680.jpg 1024w, https:\/\/corpsdiplomaticnews.tg\/wp-content\/uploads\/2024\/12\/S3-300x199.jpg 300w, https:\/\/corpsdiplomaticnews.tg\/wp-content\/uploads\/2024\/12\/S3-768x510.jpg 768w, https:\/\/corpsdiplomaticnews.tg\/wp-content\/uploads\/2024\/12\/S3-330x220.jpg 330w, https:\/\/corpsdiplomaticnews.tg\/wp-content\/uploads\/2024\/12\/S3-420x280.jpg 420w, https:\/\/corpsdiplomaticnews.tg\/wp-content\/uploads\/2024\/12\/S3-860x571.jpg 860w, https:\/\/corpsdiplomaticnews.tg\/wp-content\/uploads\/2024\/12\/S3.jpg 1080w\" sizes=\"auto, (max-width: 1024px) 100vw, 1024px\" \/><\/figure>\n\n\n\n<p>Pour favoriser les visites<em>, \u00a0<\/em>94 stands de 16,9 et 12 m2 sous le grand chapiteau  sont consacr\u00e9s  au Commerce g\u00e9n\u00e9ral tandis que 32 stands de 16,12 et 18 m2 dans un espace a\u00e9r\u00e9 et convivial sont r\u00e9serv\u00e9s \u00e0 la restauration. De plus un stand  est ouvert   et am\u00e9nag\u00e9 pour la Fili\u00e8re Riz, donc pour la promotion des diff\u00e9rentes vari\u00e9t\u00e9s de riz local que la CCI-Togo \u00a0compte mettre en lumi\u00e8re  \u00e0 travers son projet PAVRIT (Projet d\u2019appui \u00e0 la valorisation du riz togolais). <\/p>\n\n\n\n<p><\/p>\n","protected":false},"excerpt":{"rendered":"<p>La 39e \u00e9dition de la grande quinzaine commerciale a\u00a0 \u00e9t\u00e9 officiellement lanc\u00e9e ce jeudi 19 d\u00e9cembre 2024\u00a0 \u00e0 Lom\u00e9. Ce rendez-vous commercial\u00a0 a \u00e9t\u00e9 ouvert par le ministre du commerce, de l\u2019artisanat et de la consommation locale, Rose Kayi\u00a0 MIVEDOR-SAMBIANI\u00a0 en pr\u00e9sence de plusieurs autres personnalit\u00e9s. Coupure du ruban symbolisant l&rsquo;ouverture de la Quinzaine commerciale [&hellip;]<\/p>\n","protected":false},"author":2,"featured_media":9247,"comment_status":"open","ping_status":"open","sticky":false,"template":"","format":"standard","meta":{"footnotes":""},"categories":[104,124],"tags":[],"class_list":{"0":"post-9246","1":"post","2":"type-post","3":"status-publish","4":"format-standard","5":"has-post-thumbnail","7":"category-economie","8":"category-la-une"},"_links":{"self":[{"href":"https:\/\/corpsdiplomaticnews.tg\/index.php\/wp-json\/wp\/v2\/posts\/9246","targetHints":{"allow":["GET"]}}],"collection":[{"href":"https:\/\/corpsdiplomaticnews.tg\/index.php\/wp-json\/wp\/v2\/posts"}],"about":[{"href":"https:\/\/corpsdiplomaticnews.tg\/index.php\/wp-json\/wp\/v2\/types\/post"}],"author":[{"embeddable":true,"href":"https:\/\/corpsdiplomaticnews.tg\/index.php\/wp-json\/wp\/v2\/users\/2"}],"replies":[{"embeddable":true,"href":"https:\/\/corpsdiplomaticnews.tg\/index.php\/wp-json\/wp\/v2\/comments?post=9246"}],"version-history":[{"count":6,"href":"https:\/\/corpsdiplomaticnews.tg\/index.php\/wp-json\/wp\/v2\/posts\/9246\/revisions"}],"predecessor-version":[{"id":9264,"href":"https:\/\/corpsdiplomaticnews.tg\/index.php\/wp-json\/wp\/v2\/posts\/9246\/revisions\/9264"}],"wp:featuredmedia":[{"embeddable":true,"href":"https:\/\/corpsdiplomaticnews.tg\/index.php\/wp-json\/wp\/v2\/media\/9247"}],"wp:attachment":[{"href":"https:\/\/corpsdiplomaticnews.tg\/index.php\/wp-json\/wp\/v2\/media?parent=9246"}],"wp:term":[{"taxonomy":"category","embeddable":true,"href":"https:\/\/corpsdiplomaticnews.tg\/index.php\/wp-json\/wp\/v2\/categories?post=9246"},{"taxonomy":"post_tag","embeddable":true,"href":"https:\/\/corpsdiplomaticnews.tg\/index.php\/wp-json\/wp\/v2\/tags?post=9246"}],"curies":[{"name":"wp","href":"https:\/\/api.w.org\/{rel}","templated":true}]}}