{"id":9204,"date":"2024-12-20T08:19:17","date_gmt":"2024-12-20T08:19:17","guid":{"rendered":"https:\/\/corpsdiplomaticnews.tg\/?p=9204"},"modified":"2024-12-20T16:19:12","modified_gmt":"2024-12-20T16:19:12","slug":"robert-dussey-celebre-pour-la-10e-fois-consecutive-lexcellence-avec-son-personnel","status":"publish","type":"post","link":"https:\/\/corpsdiplomaticnews.tg\/index.php\/2024\/12\/20\/robert-dussey-celebre-pour-la-10e-fois-consecutive-lexcellence-avec-son-personnel\/","title":{"rendered":"Robert DUSSEY c\u00e9l\u00e8bre pour la 10e fois cons\u00e9cutive l\u2019excellence avec son personnel"},"content":{"rendered":"\n<p>Pour la 10<sup>e<\/sup> fois cons\u00e9cutive, le minist\u00e8re des affaires \u00e9trang\u00e8res, de l\u2019int\u00e9gration r\u00e9gionale et des Togolais de l\u2019ext\u00e9rieur \u00a0a organis\u00e9 la c\u00e9r\u00e9monie de c\u00e9l\u00e9bration \u00a0de l\u2019excellence. L\u2019\u00e9v\u00e9nement \u00a0a consist\u00e9 \u00a0\u00e0 primer \u00a0les meilleurs agents de ce d\u00e9partement qui se sont illustr\u00e9s par le d\u00e9vouement\u00a0 au travail\u00a0 de l\u2019ann\u00e9e 2024.\u00a0 La \u00a0c\u00e9r\u00e9monie solennelle s\u2019est d\u00e9roul\u00e9e lundi 16 d\u00e9cembre 2024 au Minist\u00e8re en pr\u00e9sence du maitre des lieux, Prof. Robert DUSSEY et des personnalit\u00e9s dont le Pr\u00e9sident de la Commission nationale du MAEP, Victor WOMITSO et de l\u2019Ambassadeur de Chine au Togo, Chao Weidong. \u00a0<\/p>\n\n\n\n<figure class=\"wp-block-image size-large\"><img loading=\"lazy\" loading=\"lazy\" decoding=\"async\" width=\"1024\" height=\"683\" src=\"https:\/\/corpsdiplomaticnews.tg\/wp-content\/uploads\/2024\/12\/DDUSSEY-1024x683.jpg\" alt=\"\" class=\"wp-image-9205\" srcset=\"https:\/\/corpsdiplomaticnews.tg\/wp-content\/uploads\/2024\/12\/DDUSSEY-1024x683.jpg 1024w, https:\/\/corpsdiplomaticnews.tg\/wp-content\/uploads\/2024\/12\/DDUSSEY-300x200.jpg 300w, https:\/\/corpsdiplomaticnews.tg\/wp-content\/uploads\/2024\/12\/DDUSSEY-768x512.jpg 768w, https:\/\/corpsdiplomaticnews.tg\/wp-content\/uploads\/2024\/12\/DDUSSEY-330x220.jpg 330w, https:\/\/corpsdiplomaticnews.tg\/wp-content\/uploads\/2024\/12\/DDUSSEY-420x280.jpg 420w, https:\/\/corpsdiplomaticnews.tg\/wp-content\/uploads\/2024\/12\/DDUSSEY-615x410.jpg 615w, https:\/\/corpsdiplomaticnews.tg\/wp-content\/uploads\/2024\/12\/DDUSSEY-860x573.jpg 860w, https:\/\/corpsdiplomaticnews.tg\/wp-content\/uploads\/2024\/12\/DDUSSEY.jpg 1080w\" sizes=\"auto, (max-width: 1024px) 100vw, 1024px\" \/><\/figure>\n\n\n\n<p>Cette tradition institu\u00e9e depuis 2014 par <strong>&nbsp;<\/strong>Robert DUSSEY, ministre des affaires \u00e9trang\u00e8res, de l\u2019int\u00e9gration r\u00e9gionale et des Togolais de l\u2019ext\u00e9rieur, vise \u00e0 honorer les agents du minist\u00e8re les plus m\u00e9ritants qui se sont illustr\u00e9s, durant l\u2019ann\u00e9e, par l\u2019engagement et la d\u00e9termination dans l\u2019exercice de leurs diff\u00e9rentes fonctions.&nbsp;<\/p>\n\n\n\n<p>L\u2019objectif vis\u00e9 est d\u2019encourager le personnel \u00e0 faire preuve de d\u00e9passement de soi pour le rayonnement de la diplomatie togolaise dans le monde.<\/p>\n\n\n\n<p>Le processus d\u2019\u00e9valuation officiellement lanc\u00e9 le 16 septembre 2024 a \u00e9t\u00e9 marqu\u00e9 par trois \u00e9tapes ci-apr\u00e8s :&nbsp;<\/p>\n\n\n\n<ul class=\"wp-block-list\">\n<li>une notation des candidats dans les diff\u00e9rentes directions du minist\u00e8re bas\u00e9e, entre autres, sur les crit\u00e8res objectifs de ponctualit\u00e9, de pr\u00e9sentation physique, de c\u00e9l\u00e9rit\u00e9 et la qualit\u00e9 dans le traitement des dossiers, de respect de la hi\u00e9rarchie, des relations avec les coll\u00e8gues, la qualit\u00e9s manag\u00e9riales&nbsp; ainsi que de respect de la chose publique;<\/li>\n\n\n\n<li>une \u00ab \u00e9valuation par les pairs \u00bb qui r\u00e9v\u00e8le l\u2019appr\u00e9ciation de l\u2019agent par ses coll\u00e8gues : les membres du personnel d\u00e9signent par vote, sur une liste d\u2019agents nomin\u00e9s par les directeurs, celui ou celle qu\u2019ils estiment plus m\u00e9ritant. Cette phase compte pour 25% pour les charg\u00e9s d\u2019\u00e9tudes (Prix du meilleur charg\u00e9 d\u2019\u00e9tudes), 25% pour les chefs de division (Prix du meilleur manager d\u2019\u00e9quipe), 50% pour les secr\u00e9taires (Prix de la meilleure secr\u00e9taire) et 50% pour le Prix du meilleur personnel d\u2019appui (aide comptables, employ\u00e9s de bureau, vaguemestres, chauffeurs, techniciens de surface et autres) ;&nbsp;<\/li>\n\n\n\n<li>et une \u00e9valuation des aptitudes et comp\u00e9tences professionnelles par un jury neutre et ind\u00e9pendant mis \u00e0 la disposition du minist\u00e8re par l\u2019agence nationale pour l\u2019emploi (ANPE) auquel s\u2019associe un ancien ambassadeur du Togo ou un expert en diplomatie, protocole et les relations internationales. L\u2019\u00e9valuation par le jury repr\u00e9sente 75% pour les charg\u00e9s d\u2019\u00e9tudes (prix du meilleur charg\u00e9 d\u2019\u00e9tudes) et les chefs de division (prix du meilleur manager d\u2019\u00e9quipe) et 50% pour les secr\u00e9taires (prix de la meilleure secr\u00e9taire) et le personnel d\u2019appui (prix du meilleur personnel d\u2019appui). <\/li>\n<\/ul>\n\n\n\n<figure class=\"wp-block-image size-full\"><img loading=\"lazy\" loading=\"lazy\" decoding=\"async\" width=\"1024\" height=\"683\" src=\"https:\/\/corpsdiplomaticnews.tg\/wp-content\/uploads\/2024\/12\/DUS1.webp\" alt=\"\" class=\"wp-image-9206\" srcset=\"https:\/\/corpsdiplomaticnews.tg\/wp-content\/uploads\/2024\/12\/DUS1.webp 1024w, https:\/\/corpsdiplomaticnews.tg\/wp-content\/uploads\/2024\/12\/DUS1-300x200.webp 300w, https:\/\/corpsdiplomaticnews.tg\/wp-content\/uploads\/2024\/12\/DUS1-768x512.webp 768w, https:\/\/corpsdiplomaticnews.tg\/wp-content\/uploads\/2024\/12\/DUS1-330x220.webp 330w, https:\/\/corpsdiplomaticnews.tg\/wp-content\/uploads\/2024\/12\/DUS1-420x280.webp 420w, https:\/\/corpsdiplomaticnews.tg\/wp-content\/uploads\/2024\/12\/DUS1-615x410.webp 615w, https:\/\/corpsdiplomaticnews.tg\/wp-content\/uploads\/2024\/12\/DUS1-860x574.webp 860w\" sizes=\"auto, (max-width: 1024px) 100vw, 1024px\" \/><\/figure>\n\n\n\n<p>A l\u2019issue de ce long processus, les douze  laur\u00e9ats de la 10<sup>e<\/sup> \u00e9dition\u00a0 du Prix de l\u2019excellence 2024 sont :<\/p>\n\n\n\n<ul class=\"wp-block-list\">\n<li><strong><em>Cat\u00e9gorie \u00ab&nbsp;Prix du Meilleur Manager d\u2019Equipe&nbsp;\u00bb<\/em><\/strong><\/li>\n<\/ul>\n\n\n\n<p>1<sup>er<\/sup> : M. NOUWODOU SOKEMAWU, chef de la division d\u00e9placements officiels \u00e0 la direction du protocole d\u2019\u00c9tat&nbsp;;<\/p>\n\n\n\n<p>2<sup>e<\/sup> : M. GBANDE KODJO, chef de la division planification au secr\u00e9tariat g\u00e9n\u00e9ral\u00a0;<\/p>\n\n\n\n<p>3<sup>e<\/sup> : M. NAKPERGOU NOUNDJA, chef de la division affaires juridiques \u00e0 la direction des affaires juridiques et du contentieux.<\/p>\n\n\n\n<figure class=\"wp-block-image size-large\"><img loading=\"lazy\" loading=\"lazy\" decoding=\"async\" width=\"1024\" height=\"768\" src=\"https:\/\/corpsdiplomaticnews.tg\/wp-content\/uploads\/2024\/12\/D111-1024x768.jpg\" alt=\"\" class=\"wp-image-9210\" srcset=\"https:\/\/corpsdiplomaticnews.tg\/wp-content\/uploads\/2024\/12\/D111-1024x768.jpg 1024w, https:\/\/corpsdiplomaticnews.tg\/wp-content\/uploads\/2024\/12\/D111-300x225.jpg 300w, https:\/\/corpsdiplomaticnews.tg\/wp-content\/uploads\/2024\/12\/D111-768x576.jpg 768w, https:\/\/corpsdiplomaticnews.tg\/wp-content\/uploads\/2024\/12\/D111-860x645.jpg 860w, https:\/\/corpsdiplomaticnews.tg\/wp-content\/uploads\/2024\/12\/D111.jpg 1280w\" sizes=\"auto, (max-width: 1024px) 100vw, 1024px\" \/><\/figure>\n\n\n\n<p><strong>Prof DUSSEY remettant le prix \u00e0 un collaborateur <\/strong><\/p>\n\n\n\n<ul class=\"wp-block-list\">\n<li><strong><em>Cat\u00e9gorie \u00ab&nbsp;Prix du meilleur Charg\u00e9 d\u2019Etudes&nbsp;\u00bb&nbsp;<\/em><\/strong><\/li>\n<\/ul>\n\n\n\n<p>1<sup>er<\/sup> : M. TOGBEDJI MESSAN KODJO, informaticien au secr\u00e9taire g\u00e9n\u00e9ral ;&nbsp;<\/p>\n\n\n\n<p>2<sup>e<\/sup> : M. MOROU ISSIFOU SADIKI, charg\u00e9 d\u2019\u00e9tudes \u00e0 l\u2019inspection g\u00e9n\u00e9rale des missions diplomatiques et postes consulaires ;<\/p>\n\n\n\n<p>3<sup>e<\/sup> : M. BAMAZE HEZOUWE, charg\u00e9 d\u2019\u00e9tudes \u00e0 la direction des affaires de d\u00e9fense et de s\u00e9curit\u00e9.\u00a0<\/p>\n\n\n\n<ul class=\"wp-block-list\">\n<li><strong><em>Cat\u00e9gorie \u00ab&nbsp;Prix de la meilleure secr\u00e9taire&nbsp;\u00bb<\/em><\/strong><\/li>\n<\/ul>\n\n\n\n<p>1<sup>\u00e8re<\/sup> : Mme WOULI AKOUVI DZIDENDI, secr\u00e9taire particuli\u00e8re du directeur de la coop\u00e9ration internationale&nbsp;;<\/p>\n\n\n\n<p>2<sup>e<\/sup> : Mme KOUKOU-FONDO DENINI SAHADIA secr\u00e9taire particuli\u00e8re du secr\u00e9taire g\u00e9n\u00e9ral\u00a0; \u00a0<\/p>\n\n\n\n<p>3<sup>e<\/sup> : TETE AKOU AFEFA, secr\u00e9taire particuli\u00e8re du ministre.\u00a0<\/p>\n\n\n\n<p><\/p>\n\n\n\n<figure class=\"wp-block-image size-large\"><img loading=\"lazy\" loading=\"lazy\" decoding=\"async\" width=\"1024\" height=\"768\" src=\"https:\/\/corpsdiplomaticnews.tg\/wp-content\/uploads\/2024\/12\/V-1024x768.jpg\" alt=\"\" class=\"wp-image-9208\" srcset=\"https:\/\/corpsdiplomaticnews.tg\/wp-content\/uploads\/2024\/12\/V-1024x768.jpg 1024w, https:\/\/corpsdiplomaticnews.tg\/wp-content\/uploads\/2024\/12\/V-300x225.jpg 300w, https:\/\/corpsdiplomaticnews.tg\/wp-content\/uploads\/2024\/12\/V-768x576.jpg 768w, https:\/\/corpsdiplomaticnews.tg\/wp-content\/uploads\/2024\/12\/V-860x645.jpg 860w, https:\/\/corpsdiplomaticnews.tg\/wp-content\/uploads\/2024\/12\/V.jpg 1280w\" sizes=\"auto, (max-width: 1024px) 100vw, 1024px\" \/><\/figure>\n\n\n\n<p><strong>M. Victor WOMITSO (\u00e0 droite) remettant le prix \u00e0 un agent du minist\u00e8re <\/strong><\/p>\n\n\n\n<ul class=\"wp-block-list\">\n<li><strong><em>Cat\u00e9gorie \u00ab&nbsp;Prix du meilleur personnel d\u2019appui&nbsp;\u00bb<\/em><\/strong><\/li>\n<\/ul>\n\n\n\n<p>1<sup>er<\/sup> : M. HLOMADOR JEAN, technicien de surface&nbsp;;<\/p>\n\n\n\n<p>2<sup>e<\/sup> : M. ADOMAYAKPOR TETE, technicien \u00e9lectricit\u00e9 et climatisation ;\u00a0<\/p>\n\n\n\n<p>3<sup>e<\/sup> : M. LARE BAYAMINGABT, Charg\u00e9 du service courrier arriv\u00e9e-d\u00e9part.<\/p>\n\n\n\n<p>Les laur\u00e9ats remportent des troph\u00e9es, des bourses d\u2019\u00e9tudes, des enveloppes, des lots d\u2019\u00e9quipements et bien d\u2019autres gratifications.<\/p>\n\n\n\n<p>Le minist\u00e8re des affaires \u00e9trang\u00e8res, de l\u2019int\u00e9gration r\u00e9gionale et des Togolais de l\u2019ext\u00e9rieur\u00a0 saisit cette occasion pour t\u00e9moigner sa reconnaissance au Pr\u00e9sident de la R\u00e9publique\u00a0 Son Excellence Monsieur Faure Essozimna GNASSINGBE pour sa vision et\u00a0 ses orientations strat\u00e9giques\u00a0 qui permettent une diplomatie togolaise proactive\u00a0 sur la sc\u00e8ne sous -r\u00e9gionale, continentale et internationale. <\/p>\n\n\n\n<figure class=\"wp-block-image size-large\"><img loading=\"lazy\" loading=\"lazy\" decoding=\"async\" width=\"683\" height=\"1024\" src=\"https:\/\/corpsdiplomaticnews.tg\/wp-content\/uploads\/2024\/12\/D12222-683x1024.jpg\" alt=\"\" class=\"wp-image-9213\" srcset=\"https:\/\/corpsdiplomaticnews.tg\/wp-content\/uploads\/2024\/12\/D12222-683x1024.jpg 683w, https:\/\/corpsdiplomaticnews.tg\/wp-content\/uploads\/2024\/12\/D12222-200x300.jpg 200w, https:\/\/corpsdiplomaticnews.tg\/wp-content\/uploads\/2024\/12\/D12222.jpg 720w\" sizes=\"auto, (max-width: 683px) 100vw, 683px\" \/><\/figure>\n\n\n\n<p><strong>L&rsquo;Ambassadeur Weidong remetant le prix \u00e0 un laur\u00e9at  <\/strong><\/p>\n\n\n\n<p>Il sied de rappeler que cette initiative de la diplomatie togolaise est soutenue de fa\u00e7on constante que l&rsquo;Ambassade de Chine au Togo. <\/p>\n\n\n\n<p><\/p>\n","protected":false},"excerpt":{"rendered":"<p>Pour la 10e fois cons\u00e9cutive, le minist\u00e8re des affaires \u00e9trang\u00e8res, de l\u2019int\u00e9gration r\u00e9gionale et des Togolais de l\u2019ext\u00e9rieur \u00a0a organis\u00e9 la c\u00e9r\u00e9monie de c\u00e9l\u00e9bration \u00a0de l\u2019excellence. L\u2019\u00e9v\u00e9nement \u00a0a consist\u00e9 \u00a0\u00e0 primer \u00a0les meilleurs agents de ce d\u00e9partement qui se sont illustr\u00e9s par le d\u00e9vouement\u00a0 au travail\u00a0 de l\u2019ann\u00e9e 2024.\u00a0 La \u00a0c\u00e9r\u00e9monie solennelle s\u2019est d\u00e9roul\u00e9e lundi [&hellip;]<\/p>\n","protected":false},"author":2,"featured_media":9206,"comment_status":"open","ping_status":"open","sticky":false,"template":"","format":"standard","meta":{"footnotes":""},"categories":[2,124,1],"tags":[],"class_list":{"0":"post-9204","1":"post","2":"type-post","3":"status-publish","4":"format-standard","5":"has-post-thumbnail","7":"category-diplomatie","8":"category-la-une","9":"category-non-classe"},"_links":{"self":[{"href":"https:\/\/corpsdiplomaticnews.tg\/index.php\/wp-json\/wp\/v2\/posts\/9204","targetHints":{"allow":["GET"]}}],"collection":[{"href":"https:\/\/corpsdiplomaticnews.tg\/index.php\/wp-json\/wp\/v2\/posts"}],"about":[{"href":"https:\/\/corpsdiplomaticnews.tg\/index.php\/wp-json\/wp\/v2\/types\/post"}],"author":[{"embeddable":true,"href":"https:\/\/corpsdiplomaticnews.tg\/index.php\/wp-json\/wp\/v2\/users\/2"}],"replies":[{"embeddable":true,"href":"https:\/\/corpsdiplomaticnews.tg\/index.php\/wp-json\/wp\/v2\/comments?post=9204"}],"version-history":[{"count":4,"href":"https:\/\/corpsdiplomaticnews.tg\/index.php\/wp-json\/wp\/v2\/posts\/9204\/revisions"}],"predecessor-version":[{"id":9216,"href":"https:\/\/corpsdiplomaticnews.tg\/index.php\/wp-json\/wp\/v2\/posts\/9204\/revisions\/9216"}],"wp:featuredmedia":[{"embeddable":true,"href":"https:\/\/corpsdiplomaticnews.tg\/index.php\/wp-json\/wp\/v2\/media\/9206"}],"wp:attachment":[{"href":"https:\/\/corpsdiplomaticnews.tg\/index.php\/wp-json\/wp\/v2\/media?parent=9204"}],"wp:term":[{"taxonomy":"category","embeddable":true,"href":"https:\/\/corpsdiplomaticnews.tg\/index.php\/wp-json\/wp\/v2\/categories?post=9204"},{"taxonomy":"post_tag","embeddable":true,"href":"https:\/\/corpsdiplomaticnews.tg\/index.php\/wp-json\/wp\/v2\/tags?post=9204"}],"curies":[{"name":"wp","href":"https:\/\/api.w.org\/{rel}","templated":true}]}}