{"id":9196,"date":"2024-12-15T17:16:53","date_gmt":"2024-12-15T17:16:53","guid":{"rendered":"https:\/\/corpsdiplomaticnews.tg\/?p=9196"},"modified":"2024-12-15T17:16:55","modified_gmt":"2024-12-15T17:16:55","slug":"lambassadeur-bresilien-au-togo-nei-bitencourt-est-decede","status":"publish","type":"post","link":"https:\/\/corpsdiplomaticnews.tg\/index.php\/2024\/12\/15\/lambassadeur-bresilien-au-togo-nei-bitencourt-est-decede\/","title":{"rendered":"L\u2019Ambassadeur\u00a0 br\u00e9silien \u00a0au Togo,\u00a0 Nei Bitencourt, est d\u00e9c\u00e9d\u00e9 \u00a0"},"content":{"rendered":"\n<p>Les membres du corps diplomatique\u00a0 accr\u00e9dit\u00e9 au Togo sont en deuil. Et pour cause, ils\u00a0 ont perdu\u00a0 un des leurs. C\u2019est la triste nouvelle a frapp\u00e9\u00a0\u00a0 du d\u00e9c\u00e8s\u00a0 de Nei \u00a0Futuro Bitencourt, ambassadeur du Br\u00e9sil au Togo. La triste nouvelle\u00a0 est\u00a0 rendue publique vendredi 13 d\u00e9cembre. Le diplomate est d\u00e9c\u00e9d\u00e9\u00a0 suite \u00e0 une crise, lit-on dans le communiqu\u00e9 publi\u00e9 par le ministre br\u00e9silien des affaires \u00e9trang\u00e8res. <\/p>\n\n\n\n<p><\/p>\n\n\n\n<figure class=\"wp-block-image size-full\"><img loading=\"lazy\" loading=\"lazy\" decoding=\"async\" width=\"860\" height=\"645\" src=\"https:\/\/corpsdiplomaticnews.tg\/wp-content\/uploads\/2024\/12\/Nei_Bitencourt-860x645-1.jpg\" alt=\"\" class=\"wp-image-9197\" srcset=\"https:\/\/corpsdiplomaticnews.tg\/wp-content\/uploads\/2024\/12\/Nei_Bitencourt-860x645-1.jpg 860w, https:\/\/corpsdiplomaticnews.tg\/wp-content\/uploads\/2024\/12\/Nei_Bitencourt-860x645-1-300x225.jpg 300w, https:\/\/corpsdiplomaticnews.tg\/wp-content\/uploads\/2024\/12\/Nei_Bitencourt-860x645-1-768x576.jpg 768w\" sizes=\"auto, (max-width: 860px) 100vw, 860px\" \/><\/figure>\n\n\n\n<p>En poste \u00e0 Lom\u00e9 depuis 2021, <strong>Nei Futuro\u00a0 Bitencourt<\/strong> (en photo)\u00a0 a une\u00a0 riche carri\u00e8re diplomatique.\u00a0 Il a\u00a0 occup\u00e9 des fonctions au Cameroun, renfor\u00e7ant les relations bilat\u00e9rales entre le Br\u00e9sil et les pays d\u2019Afrique subsaharienne.<\/p>\n\n\n\n<p>Au cours de sa carri\u00e8re de diplomate, il a travaill\u00e9 dans les ambassades de Varsovie, Tokyo, Londres, Washington et Maputo ainsi qu\u2019au consulat g\u00e9n\u00e9ral de Barcelone. Il a \u00e9galement \u00e9t\u00e9 consul g\u00e9n\u00e9ral \u00e0 Nagoya.<\/p>\n\n\n\n<p>Sa mission au Togo \u00e9tait marqu\u00e9e par une volont\u00e9 constante de resserrer les liens entre les deux pays. Sous son mandat, les relations diplomatiques se sont enrichies de plusieurs projets dans des domaines cl\u00e9s tels que l\u2019agriculture, la formation militaire, la culture et la coop\u00e9ration technique.<\/p>\n\n\n\n<p>Il avait succ\u00e9d\u00e9 au Togo\u00a0 \u00e0 Ant\u00f4nio Carlos De Salles Menezes. <\/p>\n","protected":false},"excerpt":{"rendered":"<p>Les membres du corps diplomatique\u00a0 accr\u00e9dit\u00e9 au Togo sont en deuil. Et pour cause, ils\u00a0 ont perdu\u00a0 un des leurs. C\u2019est la triste nouvelle a frapp\u00e9\u00a0\u00a0 du d\u00e9c\u00e8s\u00a0 de Nei \u00a0Futuro Bitencourt, ambassadeur du Br\u00e9sil au Togo. La triste nouvelle\u00a0 est\u00a0 rendue publique vendredi 13 d\u00e9cembre. Le diplomate est d\u00e9c\u00e9d\u00e9\u00a0 suite \u00e0 une crise, lit-on [&hellip;]<\/p>\n","protected":false},"author":2,"featured_media":9197,"comment_status":"open","ping_status":"open","sticky":false,"template":"","format":"standard","meta":{"footnotes":""},"categories":[2,124],"tags":[],"class_list":{"0":"post-9196","1":"post","2":"type-post","3":"status-publish","4":"format-standard","5":"has-post-thumbnail","7":"category-diplomatie","8":"category-la-une"},"_links":{"self":[{"href":"https:\/\/corpsdiplomaticnews.tg\/index.php\/wp-json\/wp\/v2\/posts\/9196","targetHints":{"allow":["GET"]}}],"collection":[{"href":"https:\/\/corpsdiplomaticnews.tg\/index.php\/wp-json\/wp\/v2\/posts"}],"about":[{"href":"https:\/\/corpsdiplomaticnews.tg\/index.php\/wp-json\/wp\/v2\/types\/post"}],"author":[{"embeddable":true,"href":"https:\/\/corpsdiplomaticnews.tg\/index.php\/wp-json\/wp\/v2\/users\/2"}],"replies":[{"embeddable":true,"href":"https:\/\/corpsdiplomaticnews.tg\/index.php\/wp-json\/wp\/v2\/comments?post=9196"}],"version-history":[{"count":1,"href":"https:\/\/corpsdiplomaticnews.tg\/index.php\/wp-json\/wp\/v2\/posts\/9196\/revisions"}],"predecessor-version":[{"id":9198,"href":"https:\/\/corpsdiplomaticnews.tg\/index.php\/wp-json\/wp\/v2\/posts\/9196\/revisions\/9198"}],"wp:featuredmedia":[{"embeddable":true,"href":"https:\/\/corpsdiplomaticnews.tg\/index.php\/wp-json\/wp\/v2\/media\/9197"}],"wp:attachment":[{"href":"https:\/\/corpsdiplomaticnews.tg\/index.php\/wp-json\/wp\/v2\/media?parent=9196"}],"wp:term":[{"taxonomy":"category","embeddable":true,"href":"https:\/\/corpsdiplomaticnews.tg\/index.php\/wp-json\/wp\/v2\/categories?post=9196"},{"taxonomy":"post_tag","embeddable":true,"href":"https:\/\/corpsdiplomaticnews.tg\/index.php\/wp-json\/wp\/v2\/tags?post=9196"}],"curies":[{"name":"wp","href":"https:\/\/api.w.org\/{rel}","templated":true}]}}