{"id":9183,"date":"2024-12-13T07:47:05","date_gmt":"2024-12-13T07:47:05","guid":{"rendered":"https:\/\/corpsdiplomaticnews.tg\/?p=9183"},"modified":"2024-12-13T07:47:08","modified_gmt":"2024-12-13T07:47:08","slug":"atelier-du-hcrrun-sur-les-reparations-memorielles-voici-lappel-des-participants-aux-acteurs-sociopolitiques","status":"publish","type":"post","link":"https:\/\/corpsdiplomaticnews.tg\/index.php\/2024\/12\/13\/atelier-du-hcrrun-sur-les-reparations-memorielles-voici-lappel-des-participants-aux-acteurs-sociopolitiques\/","title":{"rendered":"Atelier du HCRRUN sur les r\u00e9parations m\u00e9morielles: voici l\u2019appel des participants aux acteurs sociopolitiques"},"content":{"rendered":"\n<p>Du 10 au 12 d\u00e9cembre 2024 \u00e0 Lom\u00e9, le Haut-Commissariat \u00e0 la r\u00e9conciliation et au renforcement de l\u2019unit\u00e9 nationale (HCRRUN) a initi\u00e9 un atelier sur les r\u00e9parations m\u00e9morielles. A l\u2019issue des trois jours, les participants ont lanc\u00e9 un appel \u00e0 l\u2019endroit&nbsp; des acteurs sociopolitiques. &nbsp;<\/p>\n\n\n\n<p><\/p>\n\n\n\n<figure class=\"wp-block-image size-full\"><img loading=\"lazy\" loading=\"lazy\" decoding=\"async\" width=\"1000\" height=\"429\" src=\"https:\/\/corpsdiplomaticnews.tg\/wp-content\/uploads\/2024\/12\/HCRUNN-11.jpg\" alt=\"\" class=\"wp-image-9185\" srcset=\"https:\/\/corpsdiplomaticnews.tg\/wp-content\/uploads\/2024\/12\/HCRUNN-11.jpg 1000w, https:\/\/corpsdiplomaticnews.tg\/wp-content\/uploads\/2024\/12\/HCRUNN-11-300x129.jpg 300w, https:\/\/corpsdiplomaticnews.tg\/wp-content\/uploads\/2024\/12\/HCRUNN-11-768x329.jpg 768w, https:\/\/corpsdiplomaticnews.tg\/wp-content\/uploads\/2024\/12\/HCRUNN-11-860x369.jpg 860w\" sizes=\"auto, (max-width: 1000px) 100vw, 1000px\" \/><\/figure>\n\n\n\n<p><strong>APPEL DES PARTICIPANTS<\/strong>  <strong>AUX ACTEURS SOCIOPOLITIQUES DU TOGO<\/strong><\/p>\n\n\n\n<p><strong>&#8212;&#8212;&#8212;&#8212;&#8212;&#8212;&#8212;&#8212;&#8212;&#8212;&#8212;&#8211;<\/strong><\/p>\n\n\n\n<p>Le Togo a travers\u00e9 des p\u00e9riodes de violences politiques, de violations des droits de l&rsquo;homme et de souffrances collectives. Pour avancer vers une v\u00e9ritable r\u00e9conciliation et construire une soci\u00e9t\u00e9 plus juste, plus d\u00e9mocratique et apais\u00e9e, il est essentiel de mettre en place des actions de r\u00e9parations m\u00e9morielles. Ces r\u00e9parations visent \u00e0 reconna\u00eetre les souffrances pass\u00e9es, \u00e0 rendre hommage aux victimes et \u00e0 restaurer la dignit\u00e9 des personnes affect\u00e9es et la m\u00e9moire collective du Togo.<\/p>\n\n\n\n<p>Pour l\u2019atteinte de ces objectifs et dans le cadre de la mise en \u0153uvre des recommandations de la CVJR, le HCRRUN a organis\u00e9 du 10 au 12 d\u00e9cembre 2024 \u00e0 l\u2019h\u00f4tel du 2 F\u00e9vrier \u00e0 Lom\u00e9, un atelier national d\u2019\u00e9changes et de renforcement de capacit\u00e9s sur les r\u00e9parations m\u00e9morielles.<\/p>\n\n\n\n<p>Au terme des \u00e9changes riches d\u2019exp\u00e9riences et d\u2019enseignements et consid\u00e9rant les propositions et suggestions issues des panels et des travaux en commissions, l\u2019atelier lance un appel&nbsp;:<\/p>\n\n\n\n<ol style=\"list-style-type:upper-roman\" class=\"wp-block-list\">\n<li><strong>A l\u2019endroit des pouvoirs publics<\/strong><\/li>\n<\/ol>\n\n\n\n<ul class=\"wp-block-list\">\n<li>Veiller \u00e0 mener \u00e0 terme le processus de r\u00e9conciliation et de justice transitionnelle au Togo conform\u00e9ment \u00e0 la volont\u00e9 politique affich\u00e9e et maintes fois r\u00e9affirm\u00e9e des plus Hautes Autorit\u00e9s du pays et de l\u2019ensemble de la classe politique nationale.<\/li>\n<\/ul>\n\n\n\n<ul class=\"wp-block-list\">\n<li>Poursuivre les efforts de mise \u00e0 disposition des ressources humaines, mat\u00e9rielles et financi\u00e8res ad\u00e9quates pour l\u2019ex\u00e9cution du programme de r\u00e9paration.<\/li>\n<\/ul>\n\n\n\n<ul class=\"wp-block-list\">\n<li>Examiner la possibilit\u00e9 d\u2019\u00e9laborer une politique en mati\u00e8re de r\u00e9paration m\u00e9morielle.<\/li>\n<\/ul>\n\n\n\n<ul class=\"wp-block-list\">\n<li>Elaborer une r\u00e9glementation en mati\u00e8re de r\u00e9paration m\u00e9morielle par l\u2019adoption de lois ad\u00e9quates.<\/li>\n<\/ul>\n\n\n\n<ul class=\"wp-block-list\">\n<li>Elaborer et int\u00e9grer dans les programmes scolaires des modules concernant les r\u00e9parations m\u00e9morielles.<\/li>\n<\/ul>\n\n\n\n<ul class=\"wp-block-list\">\n<li>Edifier des monuments et d\u00e9nommer des lieux de m\u00e9moire en hommage aux victimes des violences politiques.<\/li>\n<\/ul>\n\n\n\n<ul class=\"wp-block-list\">\n<li>Organiser des journ\u00e9es comm\u00e9moratives pour honorer la m\u00e9moire des victimes.<\/li>\n<\/ul>\n\n\n\n<ol style=\"list-style-type:upper-roman\" class=\"wp-block-list\">\n<li><strong>A l\u2019endroit des partis politiques<\/strong><\/li>\n<\/ol>\n\n\n\n<ul class=\"wp-block-list\">\n<li>Poursuivre et intensifier le dialogue inclusif entam\u00e9 depuis l\u2019Accord Politique Global (APG).<\/li>\n<\/ul>\n\n\n\n<ul class=\"wp-block-list\">\n<li>Promouvoir un discours politique qui favorise la r\u00e9conciliation nationale et qui proscrit la haine et la division.<\/li>\n<\/ul>\n\n\n\n<ul class=\"wp-block-list\">\n<li>Offrir des formations aux membres des partis sur les droits humains et la culture du pardon.<\/li>\n<\/ul>\n\n\n\n<ul class=\"wp-block-list\">\n<li>Veiller \u00e0 la mise en \u0153uvre effective de la recommandation 41 de la CVJR relative aux excuses publiques des partis politiques.<\/li>\n<\/ul>\n\n\n\n<ul class=\"wp-block-list\">\n<li>Int\u00e9grer des propositions concr\u00e8tes de r\u00e9parations m\u00e9morielles dans les programmes politiques futurs des partis politiques et les transmettre au besoin au HCRRUN en guise de contribution.<\/li>\n<\/ul>\n\n\n\n<ul class=\"wp-block-list\">\n<li>\u00a0\u0152uvrer \u00e0 mettre en lumi\u00e8re et reconna\u00eetre les souffrances des victimes.<\/li>\n<\/ul>\n\n\n\n<ul class=\"wp-block-list\">\n<li>Inclure dans les programmes politiques des engagements clairs sur la reconnaissance des violences pass\u00e9es et la volont\u00e9 de r\u00e9paration.<\/li>\n<\/ul>\n\n\n\n<ol style=\"list-style-type:upper-roman\" class=\"wp-block-list\">\n<li><strong>\u00a0A l\u2019endroit des organisations de la soci\u00e9t\u00e9 civile<\/strong><\/li>\n<\/ol>\n\n\n\n<ul class=\"wp-block-list\">\n<li>Renforcer les actions de plaidoyer aupr\u00e8s du HCRRUN pour que toutes les victimes identifi\u00e9es par la CVJR soient reconnues et pour que leurs droits aux r\u00e9parations m\u00e9morielles soient respect\u00e9s.<\/li>\n<\/ul>\n\n\n\n<ul class=\"wp-block-list\">\n<li>Mener des campagnes de sensibilisation sur les cons\u00e9quences des violences politiques et l&rsquo;importance de la m\u00e9moire collective.<\/li>\n<\/ul>\n\n\n\n<ul class=\"wp-block-list\">\n<li>Favoriser la coop\u00e9ration entre les diff\u00e9rentes organisations de la soci\u00e9t\u00e9 civile et le HCRRUN, d\u2019une part, avec les victimes d\u2019autre part, pour construire un mouvement coh\u00e9rent en faveur des r\u00e9parations m\u00e9morielles.<\/li>\n<\/ul>\n\n\n\n<ol style=\"list-style-type:upper-roman\" class=\"wp-block-list\">\n<li><strong>A l\u2019endroit des m\u00e9dias<\/strong><\/li>\n<\/ol>\n\n\n\n<ul class=\"wp-block-list\">\n<li>Les m\u00e9dias doivent fournir une couverture \u00e9quilibr\u00e9e et inform\u00e9e des questions de r\u00e9parations m\u00e9morielles, en \u00e9vitant de minimiser l&rsquo;impact des violations pass\u00e9es.<\/li>\n<\/ul>\n\n\n\n<ul class=\"wp-block-list\">\n<li>Faciliter des discussions publiques sur les r\u00e9parations m\u00e9morielles et le respect des droits humains \u00e0 travers des \u00e9missions, des articles et des fora.<\/li>\n<\/ul>\n\n\n\n<ul class=\"wp-block-list\">\n<li>S&rsquo;assurer que la couverture m\u00e9diatique des questions de r\u00e9parations m\u00e9morielles soit respectueuse et empathique envers les victimes.<\/li>\n<\/ul>\n\n\n\n<p>\u00a0\u00a0\u00a0\u00a0\u00a0\u00a0\u00a0\u00a0\u00a0\u00a0\u00a0\u00a0\u00a0<strong> Fait \u00e0 Lom\u00e9, le 12 d\u00e9cembre 2024<\/strong><\/p>\n\n\n\n<p>\u00a0\u00a0\u00a0\u00a0\u00a0\u00a0\u00a0\u00a0\u00a0\u00a0\u00a0\u00a0\u00a0<strong> Les participants <\/strong><\/p>\n\n\n\n<p><\/p>\n","protected":false},"excerpt":{"rendered":"<p>Du 10 au 12 d\u00e9cembre 2024 \u00e0 Lom\u00e9, le Haut-Commissariat \u00e0 la r\u00e9conciliation et au renforcement de l\u2019unit\u00e9 nationale (HCRRUN) a initi\u00e9 un atelier sur les r\u00e9parations m\u00e9morielles. A l\u2019issue des trois jours, les participants ont lanc\u00e9 un appel \u00e0 l\u2019endroit&nbsp; des acteurs sociopolitiques. &nbsp; APPEL DES PARTICIPANTS AUX ACTEURS SOCIOPOLITIQUES DU TOGO &#8212;&#8212;&#8212;&#8212;&#8212;&#8212;&#8212;&#8212;&#8212;&#8212;&#8212;&#8211; Le [&hellip;]<\/p>\n","protected":false},"author":2,"featured_media":9185,"comment_status":"open","ping_status":"open","sticky":false,"template":"","format":"standard","meta":{"footnotes":""},"categories":[9,124],"tags":[],"class_list":{"0":"post-9183","1":"post","2":"type-post","3":"status-publish","4":"format-standard","5":"has-post-thumbnail","7":"category-azimuts","8":"category-la-une"},"_links":{"self":[{"href":"https:\/\/corpsdiplomaticnews.tg\/index.php\/wp-json\/wp\/v2\/posts\/9183","targetHints":{"allow":["GET"]}}],"collection":[{"href":"https:\/\/corpsdiplomaticnews.tg\/index.php\/wp-json\/wp\/v2\/posts"}],"about":[{"href":"https:\/\/corpsdiplomaticnews.tg\/index.php\/wp-json\/wp\/v2\/types\/post"}],"author":[{"embeddable":true,"href":"https:\/\/corpsdiplomaticnews.tg\/index.php\/wp-json\/wp\/v2\/users\/2"}],"replies":[{"embeddable":true,"href":"https:\/\/corpsdiplomaticnews.tg\/index.php\/wp-json\/wp\/v2\/comments?post=9183"}],"version-history":[{"count":1,"href":"https:\/\/corpsdiplomaticnews.tg\/index.php\/wp-json\/wp\/v2\/posts\/9183\/revisions"}],"predecessor-version":[{"id":9186,"href":"https:\/\/corpsdiplomaticnews.tg\/index.php\/wp-json\/wp\/v2\/posts\/9183\/revisions\/9186"}],"wp:featuredmedia":[{"embeddable":true,"href":"https:\/\/corpsdiplomaticnews.tg\/index.php\/wp-json\/wp\/v2\/media\/9185"}],"wp:attachment":[{"href":"https:\/\/corpsdiplomaticnews.tg\/index.php\/wp-json\/wp\/v2\/media?parent=9183"}],"wp:term":[{"taxonomy":"category","embeddable":true,"href":"https:\/\/corpsdiplomaticnews.tg\/index.php\/wp-json\/wp\/v2\/categories?post=9183"},{"taxonomy":"post_tag","embeddable":true,"href":"https:\/\/corpsdiplomaticnews.tg\/index.php\/wp-json\/wp\/v2\/tags?post=9183"}],"curies":[{"name":"wp","href":"https:\/\/api.w.org\/{rel}","templated":true}]}}