{"id":9144,"date":"2024-12-10T23:59:31","date_gmt":"2024-12-10T23:59:31","guid":{"rendered":"https:\/\/corpsdiplomaticnews.tg\/?p=9144"},"modified":"2024-12-13T09:29:59","modified_gmt":"2024-12-13T09:29:59","slug":"togo-lunrec-et-lies-associent-les-jeunes-a-la-lutte-contre-la-proliferation-des-armes","status":"publish","type":"post","link":"https:\/\/corpsdiplomaticnews.tg\/index.php\/2024\/12\/10\/togo-lunrec-et-lies-associent-les-jeunes-a-la-lutte-contre-la-proliferation-des-armes\/","title":{"rendered":"Togo: l\u2019UNREC\u00a0 et l\u2019IES\u00a0 associent les \u00a0jeunes \u00a0\u00e0 la lutte contre la prolif\u00e9ration \u00a0des armes"},"content":{"rendered":"\n<p>Le Centre r\u00e9gional des Nations Unies pour la Paix et le D\u00e9sarmement en Afrique (UNREC) en collaboration avec l\u2019Universit\u00e9 &nbsp;de Lom\u00e9 \u00e0 travers l\u2019Institut des Etudes Strat\u00e9giques (IES) a organis\u00e9 le vendredi 06 d\u00e9cembre 2024, une conf\u00e9rence&nbsp; publique. Cette rencontre qui s\u2019est d\u00e9roul\u00e9e au campus de Lom\u00e9 vise \u00e0&nbsp; am\u00e9liorer les connaissances des jeunes \u00e9tudiants sur le programme d&rsquo;action des Nations Unies sur les armes l\u00e9g\u00e8res et de petit calibre (UN PoA) et de discuter des implications li\u00e9es \u00e0 la jeunesse et aux questions de genre dans sa mise en \u0153uvre.<\/p>\n\n\n\n<figure class=\"wp-block-image size-large\"><img loading=\"lazy\" loading=\"lazy\" decoding=\"async\" width=\"1024\" height=\"683\" src=\"https:\/\/corpsdiplomaticnews.tg\/wp-content\/uploads\/2024\/12\/IES-4-1024x683.jpg\" alt=\"\" class=\"wp-image-9150\" srcset=\"https:\/\/corpsdiplomaticnews.tg\/wp-content\/uploads\/2024\/12\/IES-4-1024x683.jpg 1024w, https:\/\/corpsdiplomaticnews.tg\/wp-content\/uploads\/2024\/12\/IES-4-300x200.jpg 300w, https:\/\/corpsdiplomaticnews.tg\/wp-content\/uploads\/2024\/12\/IES-4-768x512.jpg 768w, https:\/\/corpsdiplomaticnews.tg\/wp-content\/uploads\/2024\/12\/IES-4-330x220.jpg 330w, https:\/\/corpsdiplomaticnews.tg\/wp-content\/uploads\/2024\/12\/IES-4-420x280.jpg 420w, https:\/\/corpsdiplomaticnews.tg\/wp-content\/uploads\/2024\/12\/IES-4-615x410.jpg 615w, https:\/\/corpsdiplomaticnews.tg\/wp-content\/uploads\/2024\/12\/IES-4-860x574.jpg 860w, https:\/\/corpsdiplomaticnews.tg\/wp-content\/uploads\/2024\/12\/IES-4.jpg 1174w\" sizes=\"auto, (max-width: 1024px) 100vw, 1024px\" \/><\/figure>\n\n\n\n<p>\u00a0               <strong>Monsieur  <em>Anselme \u00a0YABOURI<\/em>, Directeur de l\u2019UNREC <\/strong><\/p>\n\n\n\n<p><em>Anselme \u00a0YABOURI<\/em>, Directeur de l\u2019UNREC   dans son mot d\u2019ouverture a d\u00e9clar\u00e9 que son institution \u00a0s\u2019investit dans l\u2019implication des jeunes \u00e0 la lutte contre \u00e0 la prolif\u00e9ration des armes:<\/p>\n\n\n\n<p>\u00ab&nbsp;Nous devons travailler pour lutter contre le trafic illicite des armes,&nbsp; soutenir les m\u00e9canismes de contr\u00f4le et de suivi et&nbsp; surtout&nbsp; engager la jeunesse&nbsp; dans ce combat. L\u2019ODD 4 porte sur l\u2019\u00e9ducation&nbsp; de qualit\u00e9 est \u00e9galement pris en&nbsp; compte car l\u2019\u00e9ducation est&nbsp; n\u00e9cessaire pour le changement. En sensibilisant les&nbsp; jeunes sur le programme des Nations Unies sur les armes l\u00e9g\u00e8res et de petit calibre, nous pouvons leur donner les moyens de devenir des acteurs&nbsp; du&nbsp;&nbsp; changement,&nbsp; les leaders communautaires et les d\u00e9fenseurs de la paix&nbsp;\u00bb, a martel\u00e9 le patron de l\u2019UNREC.<\/p>\n\n\n\n<p>Il a par ailleurs, \u00a0\u00a0poursuivi\u00a0 en saluant l\u2019organisation de cette plateforme de rencontre\u00a0: \u00ab\u00a0A travers les plateformes comme\u00a0 celle\u00a0 qui\u00a0 nous rassemble, nous pouvons ensemble\u00a0 faire de l\u2019\u00e9ducation\u00a0 un levier pour transformer les mentalit\u00e9s et inspirer des solutions\u00a0 durables\u00a0\u00bb, a-t-il soutenu. <\/p>\n\n\n\n<figure class=\"wp-block-image size-large\"><img loading=\"lazy\" loading=\"lazy\" decoding=\"async\" width=\"1024\" height=\"768\" src=\"https:\/\/corpsdiplomaticnews.tg\/wp-content\/uploads\/2024\/12\/IES-1-1024x768.jpg\" alt=\"\" class=\"wp-image-9145\" srcset=\"https:\/\/corpsdiplomaticnews.tg\/wp-content\/uploads\/2024\/12\/IES-1-1024x768.jpg 1024w, https:\/\/corpsdiplomaticnews.tg\/wp-content\/uploads\/2024\/12\/IES-1-300x225.jpg 300w, https:\/\/corpsdiplomaticnews.tg\/wp-content\/uploads\/2024\/12\/IES-1-768x576.jpg 768w, https:\/\/corpsdiplomaticnews.tg\/wp-content\/uploads\/2024\/12\/IES-1-860x645.jpg 860w, https:\/\/corpsdiplomaticnews.tg\/wp-content\/uploads\/2024\/12\/IES-1.jpg 1280w\" sizes=\"auto, (max-width: 1024px) 100vw, 1024px\" \/><\/figure>\n\n\n\n<p>                                            <strong>Dr Gadah\u00a0Eku\u00e9,\u00a0 Directeur G\u00e9n\u00e9ral de l&rsquo;IES <\/strong><\/p>\n\n\n\n<p>Quant au&nbsp; Dr Gadah&nbsp;Eku\u00e9,&nbsp; Directeur G\u00e9n\u00e9ral de l\u2019Institut des Etudes Strat\u00e9giques (IES): \u00ab&nbsp;les \u00e9tudiants sont consid\u00e9r\u00e9s dans ce combat comme des acteurs indispensables.&nbsp;Les notions des armes l\u00e9g\u00e8res et de petit calibre&nbsp; et le trafic illicite de ces armes &nbsp;leur sont &nbsp;m\u00e9connues. Et c\u2019est ce qui justifie cette rencontre \u00e0 leur \u00e9gard&nbsp;\u00bb, a d\u00e9clar\u00e9 Monsieur Gadah avant de mentionner qu\u2019il y a &nbsp;au menu de&nbsp; la rencontre des panels pour \u00e9clairer leurs lanternes.<\/p>\n\n\n\n<p>Et justement des questions relatives au d\u00e9sarmement, &nbsp;aux armes l\u00e9g\u00e8res et de petit calibre, ont \u00e9t\u00e9 abord\u00e9es&nbsp; au cours&nbsp; des panels.&nbsp;<\/p>\n\n\n\n<p><em>Entre autres communications figurent\u00a0 celles\u00a0 de Messieurs <\/em><em>\u00a0<\/em>Mazah  <em>PAKA<\/em><em>, <\/em>Secr\u00e9taire Permanent de la <em>Commission<\/em> nationale \u00a0de lutte contre la prolif\u00e9ration des<em>armes l\u00e9g\u00e8res et de petit calibre \u00a0et de Kampatibe KARIYIARE, <\/em>Pr\u00e9sident de l\u2019Association des usagers du service\u00a0 public (AUSEP).\u00a0 \u00a0<\/p>\n\n\n\n<figure class=\"wp-block-image size-large\"><img loading=\"lazy\" loading=\"lazy\" decoding=\"async\" width=\"1024\" height=\"576\" src=\"https:\/\/corpsdiplomaticnews.tg\/wp-content\/uploads\/2024\/12\/IES-2-1024x576.jpg\" alt=\"\" class=\"wp-image-9147\" srcset=\"https:\/\/corpsdiplomaticnews.tg\/wp-content\/uploads\/2024\/12\/IES-2-1024x576.jpg 1024w, https:\/\/corpsdiplomaticnews.tg\/wp-content\/uploads\/2024\/12\/IES-2-300x169.jpg 300w, https:\/\/corpsdiplomaticnews.tg\/wp-content\/uploads\/2024\/12\/IES-2-768x432.jpg 768w, https:\/\/corpsdiplomaticnews.tg\/wp-content\/uploads\/2024\/12\/IES-2-860x484.jpg 860w, https:\/\/corpsdiplomaticnews.tg\/wp-content\/uploads\/2024\/12\/IES-2.jpg 1280w\" sizes=\"auto, (max-width: 1024px) 100vw, 1024px\" \/><\/figure>\n\n\n\n<p><strong>\u00a0Ici Monsieur Kampatibe KARIYIARE (en habit brod\u00e9 au milieu) et M. PAKA \u00e0 sa gauche <\/strong><\/p>\n\n\n\n<p>Ce dernier a pr\u00e9sent\u00e9 le th\u00e8me: \u00ab\u00a0Jeunes, acteurs de pr\u00e9vention et de r\u00e8glement des conflits dans les communaut\u00e9s de base\u00a0\u00bb. En sa qualit\u00e9\u00a0 de \u00a0sociologue du d\u00e9veloppement local. \u00a0\u00a0\u00a0Il a reconnu la place pr\u00e9pond\u00e9rante qu\u2019il faut accorder \u00e0 la jeunesse dans la pr\u00e9vention des conflits.<strong> \u00ab<\/strong>Pour alimenter les conflits, les protagonistes ont souvent recours \u00e0 une jeunesse manipul\u00e9e,\u00a0 d\u00e9s\u0153uvr\u00e9e\u00a0 et moins inform\u00e9e\u00a0 des enjeux dans lesquels elle est embarqu\u00e9e. A l\u2019heure venue de fumer le calumet de la paix, cette jeunesse se trouve, \u00e0 son corps d\u00e9fendant, \u00e9cart\u00e9e de la table des discussions, de sorte que ses points de vue ne sont jamais pris en compte. Or, elle repr\u00e9sente un vivier d\u2019actions et de propositions pour une paix constructive et durable.\u00a0\u00bb, a soutenu Monsieur Kariyiar\u00e9. \u00a0 Citant  Jean &#8211; Claude CARRIERE, dans son ouvrage \u00ab\u00a0La Paix\u00a0\u00bb \u00a0o\u00f9 il est \u00e9crit <strong>: \u00abUne guerre ne peut \u00e9clater qu\u2019en temps de paix. C\u2019est donc\u00a0 de la paix qu\u2019il faut se m\u00e9fier\u00a0\u00bb, <\/strong>le Pr\u00e9sident de l\u2019AUSEP\u00a0 a exhort\u00e9\u00a0 les d\u00e9cideurs \u00e0 ne n\u00e9gliger aucune couche sociale dans l\u2019\u00e9dification \u00a0dans la dur\u00e9e d\u2019une architecture nationale de paix.\u00a0 \u00ab\u00a0A l\u2019heure o\u00f9 le Togo ploie sous le poids des crises permanemment refoul\u00e9es,\u00a0cette alerte de l\u2019auteur\u00a0 nous invite \u00e0 cette m\u00e9ditation profonde sur le type de pays \u00a0que nous voudrions laisser\u00a0 aux g\u00e9n\u00e9rations futures\u00bb, a pest\u00e9 Kampatibe KARIYIARE. <\/p>\n\n\n\n<figure class=\"wp-block-image size-large\"><img loading=\"lazy\" loading=\"lazy\" decoding=\"async\" width=\"1024\" height=\"768\" src=\"https:\/\/corpsdiplomaticnews.tg\/wp-content\/uploads\/2024\/12\/IES-3-1024x768.jpg\" alt=\"\" class=\"wp-image-9149\" srcset=\"https:\/\/corpsdiplomaticnews.tg\/wp-content\/uploads\/2024\/12\/IES-3-1024x768.jpg 1024w, https:\/\/corpsdiplomaticnews.tg\/wp-content\/uploads\/2024\/12\/IES-3-300x225.jpg 300w, https:\/\/corpsdiplomaticnews.tg\/wp-content\/uploads\/2024\/12\/IES-3-768x576.jpg 768w, https:\/\/corpsdiplomaticnews.tg\/wp-content\/uploads\/2024\/12\/IES-3-860x645.jpg 860w, https:\/\/corpsdiplomaticnews.tg\/wp-content\/uploads\/2024\/12\/IES-3.jpg 1280w\" sizes=\"auto, (max-width: 1024px) 100vw, 1024px\" \/><\/figure>\n\n\n\n<p><strong>Vue partielle de l&rsquo;assistance lors de la rencontre<\/strong><\/p>\n\n\n\n<p><em>Signalons &nbsp;que <\/em>l\u2019UNREC et l\u2019IES \u00e0 travers cette rencontre entendent accompagner l\u2019Universit\u00e9 de Lom\u00e9 sur les questions strat\u00e9giques&nbsp; de d\u00e9fense, de s\u00e9curit\u00e9&nbsp; et de&nbsp; paix.<\/p>\n\n\n\n<p><strong>Jean-Baptiste ATTISSO<\/strong><\/p>\n\n\n\n<p><\/p>\n","protected":false},"excerpt":{"rendered":"<p>Le Centre r\u00e9gional des Nations Unies pour la Paix et le D\u00e9sarmement en Afrique (UNREC) en collaboration avec l\u2019Universit\u00e9 &nbsp;de Lom\u00e9 \u00e0 travers l\u2019Institut des Etudes Strat\u00e9giques (IES) a organis\u00e9 le vendredi 06 d\u00e9cembre 2024, une conf\u00e9rence&nbsp; publique. Cette rencontre qui s\u2019est d\u00e9roul\u00e9e au campus de Lom\u00e9 vise \u00e0&nbsp; am\u00e9liorer les connaissances des jeunes \u00e9tudiants [&hellip;]<\/p>\n","protected":false},"author":2,"featured_media":9145,"comment_status":"open","ping_status":"open","sticky":false,"template":"","format":"standard","meta":{"footnotes":""},"categories":[105,124],"tags":[],"class_list":{"0":"post-9144","1":"post","2":"type-post","3":"status-publish","4":"format-standard","5":"has-post-thumbnail","7":"category-developpement","8":"category-la-une"},"_links":{"self":[{"href":"https:\/\/corpsdiplomaticnews.tg\/index.php\/wp-json\/wp\/v2\/posts\/9144","targetHints":{"allow":["GET"]}}],"collection":[{"href":"https:\/\/corpsdiplomaticnews.tg\/index.php\/wp-json\/wp\/v2\/posts"}],"about":[{"href":"https:\/\/corpsdiplomaticnews.tg\/index.php\/wp-json\/wp\/v2\/types\/post"}],"author":[{"embeddable":true,"href":"https:\/\/corpsdiplomaticnews.tg\/index.php\/wp-json\/wp\/v2\/users\/2"}],"replies":[{"embeddable":true,"href":"https:\/\/corpsdiplomaticnews.tg\/index.php\/wp-json\/wp\/v2\/comments?post=9144"}],"version-history":[{"count":3,"href":"https:\/\/corpsdiplomaticnews.tg\/index.php\/wp-json\/wp\/v2\/posts\/9144\/revisions"}],"predecessor-version":[{"id":9188,"href":"https:\/\/corpsdiplomaticnews.tg\/index.php\/wp-json\/wp\/v2\/posts\/9144\/revisions\/9188"}],"wp:featuredmedia":[{"embeddable":true,"href":"https:\/\/corpsdiplomaticnews.tg\/index.php\/wp-json\/wp\/v2\/media\/9145"}],"wp:attachment":[{"href":"https:\/\/corpsdiplomaticnews.tg\/index.php\/wp-json\/wp\/v2\/media?parent=9144"}],"wp:term":[{"taxonomy":"category","embeddable":true,"href":"https:\/\/corpsdiplomaticnews.tg\/index.php\/wp-json\/wp\/v2\/categories?post=9144"},{"taxonomy":"post_tag","embeddable":true,"href":"https:\/\/corpsdiplomaticnews.tg\/index.php\/wp-json\/wp\/v2\/tags?post=9144"}],"curies":[{"name":"wp","href":"https:\/\/api.w.org\/{rel}","templated":true}]}}