{"id":9063,"date":"2024-11-29T08:54:19","date_gmt":"2024-11-29T08:54:19","guid":{"rendered":"https:\/\/corpsdiplomaticnews.tg\/?p=9063"},"modified":"2024-11-29T08:54:22","modified_gmt":"2024-11-29T08:54:22","slug":"19e-foire-de-lome-la-journee-du-mali-celebree-avec-faste","status":"publish","type":"post","link":"https:\/\/corpsdiplomaticnews.tg\/index.php\/2024\/11\/29\/19e-foire-de-lome-la-journee-du-mali-celebree-avec-faste\/","title":{"rendered":"19e Foire de Lom\u00e9: la journ\u00e9e du Mali\u00a0 c\u00e9l\u00e9br\u00e9e avec faste"},"content":{"rendered":"\n<p>Au lendemain du lancement officiel des travaux de la 19<sup>e<\/sup> \u00e9dition de la Foire Internationale de Lom\u00e9, la R\u00e9publique du Mali a \u00e9t\u00e9 \u00e0 l\u2019honneur. En effet le samedi 23 novembre au Centre togolais des Expositions et Foires (CETEF), le savoir-faire malien a \u00e9t\u00e9 pr\u00e9sent\u00e9 aux exposants et visiteurs de la foire au cours d\u2019une c\u00e9r\u00e9monie riche en couleurs. &nbsp;Des mets&nbsp; et &nbsp;arts maliens ont \u00e9t\u00e9 pr\u00e9sent\u00e9s au public.<\/p>\n\n\n\n<p>Des autorit\u00e9s maliennes et togolaises ont \u00e9chang\u00e9 des cadeaux dans une ambiance conviviale.<\/p>\n\n\n\n<figure class=\"wp-block-image size-large\"><img loading=\"lazy\" loading=\"lazy\" decoding=\"async\" width=\"1024\" height=\"683\" src=\"https:\/\/corpsdiplomaticnews.tg\/wp-content\/uploads\/2024\/11\/M1--1024x683.jpg\" alt=\"\" class=\"wp-image-9064\" srcset=\"https:\/\/corpsdiplomaticnews.tg\/wp-content\/uploads\/2024\/11\/M1--1024x683.jpg 1024w, https:\/\/corpsdiplomaticnews.tg\/wp-content\/uploads\/2024\/11\/M1--300x200.jpg 300w, https:\/\/corpsdiplomaticnews.tg\/wp-content\/uploads\/2024\/11\/M1--768x512.jpg 768w, https:\/\/corpsdiplomaticnews.tg\/wp-content\/uploads\/2024\/11\/M1--330x220.jpg 330w, https:\/\/corpsdiplomaticnews.tg\/wp-content\/uploads\/2024\/11\/M1--420x280.jpg 420w, https:\/\/corpsdiplomaticnews.tg\/wp-content\/uploads\/2024\/11\/M1--615x410.jpg 615w, https:\/\/corpsdiplomaticnews.tg\/wp-content\/uploads\/2024\/11\/M1--860x573.jpg 860w, https:\/\/corpsdiplomaticnews.tg\/wp-content\/uploads\/2024\/11\/M1-.jpg 1080w\" sizes=\"auto, (max-width: 1024px) 100vw, 1024px\" \/><\/figure>\n\n\n\n<p><strong>Discours de Monsieur MASSOUDOU&nbsp; CISSE, Directeur G\u00e9n\u00e9ral de l\u2019APEX-Mali lors de la journ\u00e9e du Mali \u00e0 la Foire de Lom\u00e9<\/strong><\/p>\n\n\n\n<ul class=\"wp-block-list\">\n<li>Madame le Ministre du Commerce, de l\u2019Artisanat et de la Consommation Locale, Ch\u00e8re s\u0153ur\u00a0;<\/li>\n\n\n\n<li>Monsieur le Directeur G\u00e9n\u00e9ral du centre Togolais des Expositions et Foires\u00a0;<\/li>\n\n\n\n<li>Excellence Monsieur le Consul honoraire du Mali au Togo\u00a0;<\/li>\n\n\n\n<li>Chers compatriotes r\u00e9sidents au Togo\u00a0;<\/li>\n\n\n\n<li>Mesdames, Messieurs les exposants,<\/li>\n\n\n\n<li>Honorables invit\u00e9s, en vos rangs, grades et qualit\u00e9s, tout protocole respect\u00e9 et observ\u00e9\u00a0;<\/li>\n\n\n\n<li>Mesdames, Messieurs, <\/li>\n<\/ul>\n\n\n\n<figure class=\"wp-block-image size-large\"><img loading=\"lazy\" loading=\"lazy\" decoding=\"async\" width=\"1024\" height=\"683\" src=\"https:\/\/corpsdiplomaticnews.tg\/wp-content\/uploads\/2024\/11\/DIS-CHEF-DELAGATION-MALI--1024x683.jpg\" alt=\"\" class=\"wp-image-9059\" srcset=\"https:\/\/corpsdiplomaticnews.tg\/wp-content\/uploads\/2024\/11\/DIS-CHEF-DELAGATION-MALI--1024x683.jpg 1024w, https:\/\/corpsdiplomaticnews.tg\/wp-content\/uploads\/2024\/11\/DIS-CHEF-DELAGATION-MALI--300x200.jpg 300w, https:\/\/corpsdiplomaticnews.tg\/wp-content\/uploads\/2024\/11\/DIS-CHEF-DELAGATION-MALI--768x512.jpg 768w, https:\/\/corpsdiplomaticnews.tg\/wp-content\/uploads\/2024\/11\/DIS-CHEF-DELAGATION-MALI--330x220.jpg 330w, https:\/\/corpsdiplomaticnews.tg\/wp-content\/uploads\/2024\/11\/DIS-CHEF-DELAGATION-MALI--420x280.jpg 420w, https:\/\/corpsdiplomaticnews.tg\/wp-content\/uploads\/2024\/11\/DIS-CHEF-DELAGATION-MALI--615x410.jpg 615w, https:\/\/corpsdiplomaticnews.tg\/wp-content\/uploads\/2024\/11\/DIS-CHEF-DELAGATION-MALI--860x573.jpg 860w, https:\/\/corpsdiplomaticnews.tg\/wp-content\/uploads\/2024\/11\/DIS-CHEF-DELAGATION-MALI-.jpg 1080w\" sizes=\"auto, (max-width: 1024px) 100vw, 1024px\" \/><\/figure>\n\n\n\n<p><strong>Monsieur MASSOUDOU CISSE<\/strong><\/p>\n\n\n\n<p>Je voudrais commencer par rendre gr\u00e2ce \u00e0 Dieu le Tout puissant, le Tout mis\u00e9ricordieux et le tr\u00e8s mis\u00e9ricordieux qui nous a permis de nous retrouver aujourd\u2019hui pour la c\u00e9l\u00e9bration de la <strong>\u00ab&nbsp;Journ\u00e9e Nationale du Mali&nbsp;\u00bb, <\/strong>organis\u00e9e \u00e0 l\u2019occasion de la<strong> 19<sup>e<\/sup> \u00e9dition de la Foire Internationale de Lom\u00e9 <\/strong>dont nous sommes<strong> \u00ab&nbsp;Pays invit\u00e9 d\u2019honneur&nbsp;\u00bb.<\/strong><\/p>\n\n\n\n<p>Ensuite, renouveler mes vifs remerciements et ma profonde gratitude \u00e0 Madame le <strong>Ministre du Commerce, de l\u2019Artisanat et de la Consommation Locale, <\/strong><strong>Madame Rose Kayi Mivedor SAMBIANI, <\/strong>pour avoirsuscit\u00e9 et concr\u00e9tis\u00e9 le choix du Mali, notre pays, comme <strong>\u00ab&nbsp;pays invit\u00e9 d\u2019honneur&nbsp;\u00bb de la 19<sup>\u00e8me<\/sup> \u00e9dition de la Foire Internationale de Lom\u00e9<\/strong>.<\/p>\n\n\n\n<p>Nous avons accueilli cette d\u00e9signation avec beaucoup de bonheur et d\u2019enthousiasme&nbsp;; en t\u00e9moigne la grande d\u00e9l\u00e9gation malienne qui s\u00e9journe actuellement \u00e0 Lom\u00e9 pour l\u2019occasion.<\/p>\n\n\n\n<p>Aussi, voudrais-je encore renouveler \u00e0 Madame le Ministre mes remerciements<strong>, <\/strong>pour l\u2019accueil chaleureux et fraternel r\u00e9serv\u00e9 \u00e0 la d\u00e9l\u00e9gation malienne et les conditions mat\u00e9rielles de s\u00e9jour en terre africaine du TOGO.<\/p>\n\n\n\n<p>Cette Journ\u00e9e Nationale du Mali \u00e0 la Foire Internationale de Lom\u00e9 rev\u00eat une importance particuli\u00e8re, car elle t\u00e9moigne de l\u2019ouverture de notre pays sur le monde et de notre volont\u00e9 de partager nos tr\u00e9sors culturels, \u00e9conomiques et culinaires.<\/p>\n\n\n\n<p>Elle est aussi l\u2019occasion pour nous de promouvoir des fili\u00e8res durables, de soutenir nos petits producteurs et d\u2019encourager une \u00e9conomie circulaire qui respecte les \u00e9cosyst\u00e8mes et valorise les communaut\u00e9s locales.<\/p>\n\n\n\n<ul class=\"wp-block-list\">\n<li><strong>Madame le Ministre ;<\/strong><\/li>\n\n\n\n<li><strong>Honorables invit\u00e9s\u00a0;<\/strong><\/li>\n\n\n\n<li><strong>Mesdames, Messieurs,<\/strong><\/li>\n<\/ul>\n\n\n\n<p>La Journ\u00e9e Nationale du Mali \u00e0 la Foire Internationale de Lom\u00e9 est la &nbsp;&nbsp;c\u00e9l\u00e9bration \u00e0 la fois du savoir-faire agricole de notre pays mais aussi et surtout du g\u00e9nie transformateur malien. Il s\u2019agit donc d\u2019exposer avec fiert\u00e9 les produits agricoles maliens transform\u00e9s ainsi que sa richesse culinaire.<\/p>\n\n\n\n<p>C&rsquo;est l&rsquo;occasion de montrer au monde la diversit\u00e9 et la richesse de notre h\u00e9ritage, de tisser des liens commerciaux, de partenariat et de favoriser une compr\u00e9hension mutuelle entre les peuples maliens et togolais.<\/p>\n\n\n\n<p>De plus, la participation du Mali \u00e0 cette foire internationale ouvre des portes aux opportunit\u00e9s \u00e9conomiques. C&rsquo;est une vitrine pour nos entrepreneurs, nos innovateurs et nos industries, offrant la possibilit\u00e9 d&rsquo;\u00e9tablir des partenariats fructueux, d&rsquo;attirer des investissements et de stimuler la croissance \u00e9conomique.<\/p>\n\n\n\n<ul class=\"wp-block-list\">\n<li><strong>Madame le Ministre ;<\/strong><\/li>\n\n\n\n<li><strong>Honorables invit\u00e9s\u00a0;<\/strong><\/li>\n\n\n\n<li><strong>Mesdames, Messieurs,<\/strong><\/li>\n<\/ul>\n\n\n\n<p>Dans quelques instants, vous aurez droit \u00e0 une s\u00e9lection minutieusement faite de produits Made in Mali et de plats traditionnels maliens, pr\u00e9par\u00e9s avec amour et expertise par nos braves femmes qui comprennent l\u2019importance de pr\u00e9server l\u2019authenticit\u00e9 des recettes tout en les adaptant aux palais modernes.<\/p>\n\n\n\n<p>Le Mali, au-del\u00e0 de ses ressources naturelles et de son patrimoine culturel, est une nation d\u2019entrepreneurs, d\u2019artisans et de producteurs d\u00e9vou\u00e9s. Ces hommes et ces femmes, par leur savoir-faire et leur engagement, donnent vie \u00e0 des produits qui sont \u00e0 la fois les t\u00e9moins de nos traditions et les moteurs de notre croissance \u00e9conomique. \u00c0 travers cette journ\u00e9e de d\u00e9gustation, nous ne souhaitons pas seulement vous offrir un voyage gustatif ; nous voulons \u00e9galement vous montrer comment nos produits sont le reflet de notre r\u00e9silience, de notre cr\u00e9ativit\u00e9 et de notre d\u00e9sir d\u2019innover.<\/p>\n\n\n\n<p>Notre ambition ne se limite pas \u00e0 la valorisation de nos produits. Le Mali travaille \u00e9galement \u00e0 diversifier ses secteurs d\u2019exportation, \u00e0 stimuler l\u2019innovation et \u00e0 cr\u00e9er des opportunit\u00e9s dans des domaines vari\u00e9s. Le d\u00e9veloppement de nos entreprises locales, appuy\u00e9 par des initiatives de formation et de soutien aux exportations, est essentiel pour assurer un avenir prosp\u00e8re \u00e0 notre jeunesse.<\/p>\n\n\n\n<ul class=\"wp-block-list\">\n<li><strong>Madame le Ministre ;<\/strong><\/li>\n\n\n\n<li><strong>Honorables invit\u00e9s\u00a0;<\/strong><\/li>\n\n\n\n<li><strong>Mesdames, Messieurs,<\/strong><\/li>\n<\/ul>\n\n\n\n<p>Le Mali est r\u00e9solument tourn\u00e9 vers l\u2019avenir. En valorisant nos produits, en soutenant nos producteurs et en investissant dans l\u2019innovation, nous \u0153uvrons pour un d\u00e9veloppement durable, participatif et inclusif. Nous vous invitons donc \u00e0 venir d\u00e9couvrir nos stands, \u00e0 rencontrer nos artisans et \u00e0 d\u00e9couvrir les saveurs uniques qui font la richesse de notre pays.<\/p>\n\n\n\n<p>Permettez-moi d\u2019adresser mes vifs remerciements \u00e0 Son Excellence Monsieur le Consul du Mali pour sa disponibilit\u00e9 et son dynamisme qui ont permis la bonne organisation de cette journ\u00e9e&nbsp;; mes remerciements vont \u00e9galement \u00e0 la diaspora malienne du Togo pour sa mobilisation. Je n\u2019oublie pas le Directeur du Centre Togolais des expositions et Foires et tout son personnel.<\/p>\n\n\n\n<p>Mes f\u00e9licitations s\u2019adressent aussi au Directeur G\u00e9n\u00e9ral de l\u2019APEX-Mali ici pr\u00e9sent et toute son \u00e9quipe pour les efforts d\u00e9ploy\u00e9s dans l\u2019organisation de la participation du Mali \u00e0 cette 19<sup>\u00e8me<\/sup> Foire Internationale de Lom\u00e9 et aux exposants du Mali et des autres pays pr\u00e9sents pour leur d\u00e9termination \u00e0 d\u00e9velopper une offre de produits de qualit\u00e9.<\/p>\n\n\n\n<p>Je vous invite \u00e0 pr\u00e9sent, \u00e0 ouvrir vos c\u0153urs et \u00e0 aiguiser vos langues \u00e0 cette exp\u00e9rience sensorielle unique. `<\/p>\n\n\n\n<p>Que cette Journ\u00e9e soit une c\u00e9l\u00e9bration de la diversit\u00e9 culinaire et une ode \u00e0 la richesse des terres maliennes.<\/p>\n\n\n\n<p>Vive l\u2019amiti\u00e9 et la coop\u00e9ration entre le Togo et le Mali\u00a0!<\/p>\n\n\n\n<p>Vive la coop\u00e9ration internationale\u00a0!<\/p>\n\n\n\n<p>Qu\u2019ALLAH b\u00e9nisse et fortifie l\u2019amiti\u00e9 entre le Togo et le Mali et prot\u00e8ge nos populations\u00a0!<\/p>\n\n\n\n<p>Je vous remercie de votre aimable attention. <\/p>\n\n\n\n<figure class=\"wp-block-image size-large\"><img loading=\"lazy\" loading=\"lazy\" decoding=\"async\" width=\"1024\" height=\"683\" src=\"https:\/\/corpsdiplomaticnews.tg\/wp-content\/uploads\/2024\/11\/M8-1024x683.jpg\" alt=\"\" class=\"wp-image-9065\" srcset=\"https:\/\/corpsdiplomaticnews.tg\/wp-content\/uploads\/2024\/11\/M8-1024x683.jpg 1024w, https:\/\/corpsdiplomaticnews.tg\/wp-content\/uploads\/2024\/11\/M8-300x200.jpg 300w, https:\/\/corpsdiplomaticnews.tg\/wp-content\/uploads\/2024\/11\/M8-768x512.jpg 768w, https:\/\/corpsdiplomaticnews.tg\/wp-content\/uploads\/2024\/11\/M8-330x220.jpg 330w, https:\/\/corpsdiplomaticnews.tg\/wp-content\/uploads\/2024\/11\/M8-420x280.jpg 420w, https:\/\/corpsdiplomaticnews.tg\/wp-content\/uploads\/2024\/11\/M8-615x410.jpg 615w, https:\/\/corpsdiplomaticnews.tg\/wp-content\/uploads\/2024\/11\/M8-860x573.jpg 860w, https:\/\/corpsdiplomaticnews.tg\/wp-content\/uploads\/2024\/11\/M8.jpg 1080w\" sizes=\"auto, (max-width: 1024px) 100vw, 1024px\" \/><\/figure>\n\n\n\n<p><strong>Des autorit\u00e9s togolaises et maliennes qui se partagent les mets maliens <\/strong><\/p>\n\n\n\n<p><\/p>\n","protected":false},"excerpt":{"rendered":"<p>Au lendemain du lancement officiel des travaux de la 19e \u00e9dition de la Foire Internationale de Lom\u00e9, la R\u00e9publique du Mali a \u00e9t\u00e9 \u00e0 l\u2019honneur. En effet le samedi 23 novembre au Centre togolais des Expositions et Foires (CETEF), le savoir-faire malien a \u00e9t\u00e9 pr\u00e9sent\u00e9 aux exposants et visiteurs de la foire au cours d\u2019une [&hellip;]<\/p>\n","protected":false},"author":2,"featured_media":9066,"comment_status":"open","ping_status":"open","sticky":false,"template":"","format":"standard","meta":{"footnotes":""},"categories":[104,124],"tags":[],"class_list":{"0":"post-9063","1":"post","2":"type-post","3":"status-publish","4":"format-standard","5":"has-post-thumbnail","7":"category-economie","8":"category-la-une"},"_links":{"self":[{"href":"https:\/\/corpsdiplomaticnews.tg\/index.php\/wp-json\/wp\/v2\/posts\/9063","targetHints":{"allow":["GET"]}}],"collection":[{"href":"https:\/\/corpsdiplomaticnews.tg\/index.php\/wp-json\/wp\/v2\/posts"}],"about":[{"href":"https:\/\/corpsdiplomaticnews.tg\/index.php\/wp-json\/wp\/v2\/types\/post"}],"author":[{"embeddable":true,"href":"https:\/\/corpsdiplomaticnews.tg\/index.php\/wp-json\/wp\/v2\/users\/2"}],"replies":[{"embeddable":true,"href":"https:\/\/corpsdiplomaticnews.tg\/index.php\/wp-json\/wp\/v2\/comments?post=9063"}],"version-history":[{"count":1,"href":"https:\/\/corpsdiplomaticnews.tg\/index.php\/wp-json\/wp\/v2\/posts\/9063\/revisions"}],"predecessor-version":[{"id":9067,"href":"https:\/\/corpsdiplomaticnews.tg\/index.php\/wp-json\/wp\/v2\/posts\/9063\/revisions\/9067"}],"wp:featuredmedia":[{"embeddable":true,"href":"https:\/\/corpsdiplomaticnews.tg\/index.php\/wp-json\/wp\/v2\/media\/9066"}],"wp:attachment":[{"href":"https:\/\/corpsdiplomaticnews.tg\/index.php\/wp-json\/wp\/v2\/media?parent=9063"}],"wp:term":[{"taxonomy":"category","embeddable":true,"href":"https:\/\/corpsdiplomaticnews.tg\/index.php\/wp-json\/wp\/v2\/categories?post=9063"},{"taxonomy":"post_tag","embeddable":true,"href":"https:\/\/corpsdiplomaticnews.tg\/index.php\/wp-json\/wp\/v2\/tags?post=9063"}],"curies":[{"name":"wp","href":"https:\/\/api.w.org\/{rel}","templated":true}]}}