{"id":9048,"date":"2024-11-27T09:25:02","date_gmt":"2024-11-27T09:25:02","guid":{"rendered":"https:\/\/corpsdiplomaticnews.tg\/?p=9048"},"modified":"2024-11-27T09:46:13","modified_gmt":"2024-11-27T09:46:13","slug":"lacte-26-de-la-journee-nationale-du-sport-cest-ce-samedi-30-novembre-2024","status":"publish","type":"post","link":"https:\/\/corpsdiplomaticnews.tg\/index.php\/2024\/11\/27\/lacte-26-de-la-journee-nationale-du-sport-cest-ce-samedi-30-novembre-2024\/","title":{"rendered":"L\u2019acte 26 de la journ\u00e9e nationale du sport, c\u2019est ce  samedi  30 novembre  2024"},"content":{"rendered":"\n<p>Le ministre des Sports et des loisirs du Togo, Dr Lidi BESSI KAMA,\u00a0 donne encore rendez-vous \u00e0\u00a0 ses compatriotes le samedi prochain. C\u2019est\u00a0 dans le cadre de la 26<sup>e<\/sup> \u00e9dition de la Journ\u00e9e Nationale du Sport (JNS).\u00a0 Cet appel est lanc\u00e9 par le minist\u00e8re\u00a0 sur sa page facebook. \u00a0\u00a0\u00ab\u00a0Rendez-vous ce samedi <a href=\"https:\/\/www.facebook.com\/hashtag\/30novembre2024?__eep__=6&amp;__cft__%5b0%5d=AZWdLkYUhZEPL48aIlfftxD_hZbj403OE1zcWFGXNnZInvpl4HYi99uytEmR1s_498GCDHml7_i-iOaCzL11esGqYxJHyODVIYlGyQfsV68OQ-bqMdIAGwMX5FGBfoC3h7qWtoXoNy_E-Y_yX2DJHOA5cJtLtM3FjtrGB67Se5uB2g&amp;__tn__=*NK-R\">\u00a030\u00a0 novembre\u00a0 2024<\/a> \u00a0dans les 117 communes du\u00a0\u00a0 Togo\u00a0 pour vivre \u00a0de la journ\u00e9e nationale du sport. <\/p>\n\n\n\n<figure class=\"wp-block-image size-large\"><img loading=\"lazy\" loading=\"lazy\" decoding=\"async\" width=\"1024\" height=\"685\" src=\"https:\/\/corpsdiplomaticnews.tg\/wp-content\/uploads\/2024\/02\/LIDI-1-1024x685.jpg\" alt=\"\" class=\"wp-image-7454\" srcset=\"https:\/\/corpsdiplomaticnews.tg\/wp-content\/uploads\/2024\/02\/LIDI-1-1024x685.jpg 1024w, https:\/\/corpsdiplomaticnews.tg\/wp-content\/uploads\/2024\/02\/LIDI-1-300x201.jpg 300w, https:\/\/corpsdiplomaticnews.tg\/wp-content\/uploads\/2024\/02\/LIDI-1-768x514.jpg 768w, https:\/\/corpsdiplomaticnews.tg\/wp-content\/uploads\/2024\/02\/LIDI-1-1536x1028.jpg 1536w, https:\/\/corpsdiplomaticnews.tg\/wp-content\/uploads\/2024\/02\/LIDI-1-330x220.jpg 330w, https:\/\/corpsdiplomaticnews.tg\/wp-content\/uploads\/2024\/02\/LIDI-1-420x280.jpg 420w, https:\/\/corpsdiplomaticnews.tg\/wp-content\/uploads\/2024\/02\/LIDI-1-615x410.jpg 615w, https:\/\/corpsdiplomaticnews.tg\/wp-content\/uploads\/2024\/02\/LIDI-1-860x576.jpg 860w, https:\/\/corpsdiplomaticnews.tg\/wp-content\/uploads\/2024\/02\/LIDI-1.jpg 1600w\" sizes=\"auto, (max-width: 1024px) 100vw, 1024px\" \/><\/figure>\n\n\n\n<p>Pour notre sant\u00e9 et bien-\u00eatre, faisons r\u00e9guli\u00e8rement des activit\u00e9s physiques et adapt\u00e9es; notre sant\u00e9 en d\u00e9pend !<\/p>\n\n\n\n<p>Le sport de masse, un vecteur de renforcement de la coh\u00e9sion sociale et du vivre-ensemble&#8230;<\/p>\n\n\n\n<p>Tous au sport dans nos communes \u00e0 l&rsquo;occasion de la Journ\u00e9e nationale du sport &nbsp;du dernier samedi du mois de novembre 2024.<\/p>\n\n\n\n<p>Mon Sport, ma Sant\u00e9.\u00bb. C\u2019est le message post\u00e9 sur le r\u00e9seau social du minist\u00e8re.<\/p>\n\n\n\n<p><\/p>\n\n\n\n<figure class=\"wp-block-image size-full\"><img loading=\"lazy\" loading=\"lazy\" decoding=\"async\" width=\"544\" height=\"600\" src=\"https:\/\/corpsdiplomaticnews.tg\/wp-content\/uploads\/2024\/11\/JNS-26.jpg\" alt=\"\" class=\"wp-image-9049\" srcset=\"https:\/\/corpsdiplomaticnews.tg\/wp-content\/uploads\/2024\/11\/JNS-26.jpg 544w, https:\/\/corpsdiplomaticnews.tg\/wp-content\/uploads\/2024\/11\/JNS-26-272x300.jpg 272w\" sizes=\"auto, (max-width: 544px) 100vw, 544px\" \/><\/figure>\n\n\n\n<p>Tout porte \u00e0 croire cet appel du minist\u00e8re tombera dans de bonnes oreilles, vu l\u2019engouement et la mobilisation&nbsp; qu\u2019on observe&nbsp; au fil du temps&nbsp; autour de cet \u00e9v\u00e9nement.<\/p>\n","protected":false},"excerpt":{"rendered":"<p>Le ministre des Sports et des loisirs du Togo, Dr Lidi BESSI KAMA,\u00a0 donne encore rendez-vous \u00e0\u00a0 ses compatriotes le samedi prochain. C\u2019est\u00a0 dans le cadre de la 26e \u00e9dition de la Journ\u00e9e Nationale du Sport (JNS).\u00a0 Cet appel est lanc\u00e9 par le minist\u00e8re\u00a0 sur sa page facebook. \u00a0\u00a0\u00ab\u00a0Rendez-vous ce samedi \u00a030\u00a0 novembre\u00a0 2024 \u00a0dans [&hellip;]<\/p>\n","protected":false},"author":2,"featured_media":7454,"comment_status":"open","ping_status":"open","sticky":false,"template":"","format":"standard","meta":{"footnotes":""},"categories":[9,124],"tags":[],"class_list":{"0":"post-9048","1":"post","2":"type-post","3":"status-publish","4":"format-standard","5":"has-post-thumbnail","7":"category-azimuts","8":"category-la-une"},"_links":{"self":[{"href":"https:\/\/corpsdiplomaticnews.tg\/index.php\/wp-json\/wp\/v2\/posts\/9048","targetHints":{"allow":["GET"]}}],"collection":[{"href":"https:\/\/corpsdiplomaticnews.tg\/index.php\/wp-json\/wp\/v2\/posts"}],"about":[{"href":"https:\/\/corpsdiplomaticnews.tg\/index.php\/wp-json\/wp\/v2\/types\/post"}],"author":[{"embeddable":true,"href":"https:\/\/corpsdiplomaticnews.tg\/index.php\/wp-json\/wp\/v2\/users\/2"}],"replies":[{"embeddable":true,"href":"https:\/\/corpsdiplomaticnews.tg\/index.php\/wp-json\/wp\/v2\/comments?post=9048"}],"version-history":[{"count":1,"href":"https:\/\/corpsdiplomaticnews.tg\/index.php\/wp-json\/wp\/v2\/posts\/9048\/revisions"}],"predecessor-version":[{"id":9050,"href":"https:\/\/corpsdiplomaticnews.tg\/index.php\/wp-json\/wp\/v2\/posts\/9048\/revisions\/9050"}],"wp:featuredmedia":[{"embeddable":true,"href":"https:\/\/corpsdiplomaticnews.tg\/index.php\/wp-json\/wp\/v2\/media\/7454"}],"wp:attachment":[{"href":"https:\/\/corpsdiplomaticnews.tg\/index.php\/wp-json\/wp\/v2\/media?parent=9048"}],"wp:term":[{"taxonomy":"category","embeddable":true,"href":"https:\/\/corpsdiplomaticnews.tg\/index.php\/wp-json\/wp\/v2\/categories?post=9048"},{"taxonomy":"post_tag","embeddable":true,"href":"https:\/\/corpsdiplomaticnews.tg\/index.php\/wp-json\/wp\/v2\/tags?post=9048"}],"curies":[{"name":"wp","href":"https:\/\/api.w.org\/{rel}","templated":true}]}}