{"id":8995,"date":"2024-11-18T00:00:21","date_gmt":"2024-11-18T00:00:21","guid":{"rendered":"https:\/\/corpsdiplomaticnews.tg\/?p=8995"},"modified":"2024-11-27T10:12:50","modified_gmt":"2024-11-27T10:12:50","slug":"lome-a-accueilli-la-2eme-edition-du-festival-des-loisirs-avec-une-touche-particuliere","status":"publish","type":"post","link":"https:\/\/corpsdiplomaticnews.tg\/index.php\/2024\/11\/18\/lome-a-accueilli-la-2eme-edition-du-festival-des-loisirs-avec-une-touche-particuliere\/","title":{"rendered":"Lom\u00e9\u00a0 a accueilli\u00a0 la 2\u00e8me \u00a0Edition du Festival \u00a0des loisirs avec une touche particuli\u00e8re"},"content":{"rendered":"\n<p><strong>&nbsp;&nbsp;&nbsp;&nbsp;&nbsp;&nbsp;&nbsp;&nbsp;&nbsp;&nbsp;&nbsp; <\/strong>Joindre l\u2019utile \u00e0 l\u2019agr\u00e9able reste l\u2019objectif principal du Minist\u00e8re des Loisirs en organisant la f\u00eate des loisirs. Cette ann\u00e9e, cette f\u00eate est c\u00e9l\u00e9br\u00e9e avec un \u00e9clat particulier du 15 au 16 novembre 2024 au stade de K\u00e9gu\u00e9 \u00e0 Lom\u00e9. Le th\u00e8me choisi est libell\u00e9 comme suit&nbsp;: \u00ab&nbsp;<strong><em>Loisirs, vecteurs de la coh\u00e9sion sociale et du d\u00e9veloppement communautaire&nbsp;\u00bb.<\/em><\/strong><\/p>\n\n\n\n<p>&nbsp;&nbsp;&nbsp;&nbsp;&nbsp;&nbsp;&nbsp;&nbsp;&nbsp;&nbsp; L\u2019ouverture de la c\u00e9r\u00e9monie est ponctu\u00e9e par le discours de Madame le ministre des sports et des loisirs, &nbsp;Docteur-Colonel Lidi-Bessi- Kama (<strong>photo ci-dessous<\/strong>). <\/p>\n\n\n\n<figure class=\"wp-block-image size-full\"><img loading=\"lazy\" loading=\"lazy\" decoding=\"async\" width=\"660\" height=\"400\" src=\"https:\/\/corpsdiplomaticnews.tg\/wp-content\/uploads\/2024\/11\/LIDI-1-1.jpg\" alt=\"\" class=\"wp-image-8997\" srcset=\"https:\/\/corpsdiplomaticnews.tg\/wp-content\/uploads\/2024\/11\/LIDI-1-1.jpg 660w, https:\/\/corpsdiplomaticnews.tg\/wp-content\/uploads\/2024\/11\/LIDI-1-1-300x182.jpg 300w\" sizes=\"auto, (max-width: 660px) 100vw, 660px\" \/><\/figure>\n\n\n\n<p>&nbsp;&nbsp;&nbsp;&nbsp;&nbsp;&nbsp;&nbsp;&nbsp;&nbsp;&nbsp;&nbsp;&nbsp; En effet, dans son allocution, elle&nbsp; d\u00e9clare qu\u2019ouvrir un nouvel espace de loisirs et offrir une perspective aux acteurs est le leitmotiv qui a guid\u00e9 les p\u00e8res fondateurs \u00e0 cr\u00e9er un festival des loisirs dans l\u2019espace francophone des pays ouest-africains, membres de la CONFEJES. Aujourd\u2019hui l\u2019ordre de d\u00e9part est loin de perdre son actualit\u00e9, de sa longueur et de sa puissance, car, nos nations ont &nbsp;besoin de sortir ce secteur d\u2019activit\u00e9 &nbsp;de l\u2019orni\u00e8re et de le&nbsp; r\u00e9inventer afin qu\u2019il contribue au syst\u00e8me socio-\u00e9conomique de nos Etats traditionnellement domin\u00e9s par d\u2019autres activit\u00e9s. C\u2019\u00e9tait une simple id\u00e9e en germination mais qui a abouti \u00e0 un projet ambitieux aux fins de sortir le secteur de la boue.<\/p>\n\n\n\n<p>&nbsp;&nbsp;&nbsp;&nbsp;&nbsp;&nbsp;&nbsp;&nbsp;&nbsp;&nbsp;&nbsp; \u00ab&nbsp;<em>Ce festival des loisirs, nous le d\u00e9dions indubitablement \u00e0 nos Etats. Je souhaite \u00e0 cet instant rendre hommage \u00e0 la CONFEJES (Conf\u00e9rence des Ministres de la Jeunesse et des Sports de&nbsp;la Francophonie), particuli\u00e8rement \u00e0 sa secr\u00e9taire g\u00e9n\u00e9rale, pour sa pr\u00e9sence parmi nous et pour avoir cru de fa\u00e7on inconditionnelle \u00e0 ce projet parce que convaincue des acquis \u00e9conomiques, dont dispose le secteur des loisirs, de son impact sur l\u2019int\u00e9gration sociale et sur la qualit\u00e9 de vie et de bien-\u00eatre. Ce projet de mise en commun et de partage d\u2019exp\u00e9riences autour du riche patrimoine des loisirs de notre espace communautaire, c\u2019est tout simplement un canal de d\u00e9couverte de ce patrimoine, de sa valorisation et de pr\u00e9servation pour les g\u00e9n\u00e9rations futures. Il ne pourrait en \u00eatre autrement car si l\u2019on voit certains pans de nos loisirs risqueraient de dispara\u00eetre d\u00e9finitivement dans un monde qui est au c\u0153ur de la mondialisation et que d\u2019effets nocifs nuisent \u00e0 notre soci\u00e9t\u00e9&nbsp;\u00bb, <\/em>affirme-t-elle, avant d\u2019inviter les acteurs \u00e0 plaider au budget exclusivement d\u00e9di\u00e9 aux loisirs.<\/p>\n\n\n\n<p>&nbsp;&nbsp;&nbsp;&nbsp;&nbsp;&nbsp;&nbsp;&nbsp;&nbsp;&nbsp;&nbsp; Pour le Ministre BESSI KAMA, pour que les loisirs&nbsp; servent de courant et de carburant \u00e0 l\u2019unit\u00e9 nationale, \u00e0 la consolidation de la paix et \u00e0 la construction d\u2019un Etat communautaire plus s\u00fbr pour le bonheur de nos concitoyens, le secteur doit \u00eatre dot\u00e9 de moyens ad\u00e9quats.<\/p>\n\n\n\n<p>&nbsp;&nbsp;&nbsp;&nbsp;&nbsp;&nbsp;&nbsp;&nbsp;&nbsp;&nbsp;&nbsp;&nbsp; Elle ajoute qu\u2019il &nbsp;est d\u2019une &nbsp;port\u00e9e capitale &nbsp;de lutter individuellement et collectivement \u00e0 la dynamisation du secteur des loisirs des Etats respectifs. Notre objectif est d\u2019\u00e9lever notre patrimoine au rang de priorit\u00e9 nationale de nos Etats respectifs, ce secteur \u00e0 jouer sa partition dans la croissance \u00e9conomique \u00e0 travers les industries des loisirs auxquelles s\u2019ajouterait un \u00e9cosyst\u00e8me \u00e9conomique brillant et durable.<\/p>\n\n\n\n<p>&nbsp;&nbsp;&nbsp;&nbsp;&nbsp;&nbsp;&nbsp;&nbsp;&nbsp;&nbsp;&nbsp;&nbsp; Elle n\u2019a pas manqu\u00e9 de rendre un hommage vibrant aux g\u00e9n\u00e9rations devanci\u00e8res pour ce pr\u00e9cieux h\u00e9ritage l\u00e9gu\u00e9 \u00e0 la nouvelle g\u00e9n\u00e9ration, avec la lourde responsabilit\u00e9 de valoriser, de le transmettre aux g\u00e9n\u00e9rations futures.<\/p>\n\n\n\n<p>&nbsp;&nbsp;&nbsp;&nbsp;&nbsp;&nbsp;&nbsp;&nbsp;&nbsp;&nbsp;&nbsp; \u00ab&nbsp;<em>Je voudrais aussi saluer les politiques publiques d\u00e9di\u00e9es aux loisirs et remercier les plus hautes autorit\u00e9s de nos Etats pour l\u2019int\u00e9r\u00eat qu\u2019ils portent \u00e0 ce secteur&nbsp;\u00bb, <\/em>poursuit-elle avantd\u2019inviter tous les acteurs \u00e0 veiller sur ce secteur des loisirs et \u00e0 cr\u00e9er des m\u00e9canismes des programmes exclusivement d\u00e9di\u00e9s aux loisirs.<\/p>\n\n\n\n<p>&nbsp;&nbsp;&nbsp;&nbsp;&nbsp;&nbsp;&nbsp;&nbsp;&nbsp;&nbsp;&nbsp;&nbsp; Pour conclure, la Ministre t\u00e9moigne sa gratitude au Pr\u00e9sident de la R\u00e9publique pour sa politique qui a permis d\u2019envisager le courant r\u00e9gional des loisirs et aussi d\u2019\u00e9baucher des pistes de r\u00e9flexions pour<\/p>\n\n\n\n<p>&nbsp;&nbsp;&nbsp;&nbsp;&nbsp;&nbsp;&nbsp;&nbsp;&nbsp;&nbsp;&nbsp;&nbsp; De notre engagement \u00e0 faire des loisirs, le levier du d\u00e9veloppement \u00e9conomique. Je suis convaincu, que c\u2019est ensemble que nous allons poursuivre la bataille que nous avons engag\u00e9 pour<\/p>\n\n\n\n<p>&nbsp;&nbsp;&nbsp;&nbsp;&nbsp;&nbsp;&nbsp;&nbsp;&nbsp;&nbsp;&nbsp; Elle remercie les partenaires qui &nbsp;accompagnent le Minist\u00e8re dans cette aventure, CONFEJES, Africa Global Logistics, la SNB, et l\u2019ensemble de ses \u00e9quipes qui, par leurs investissements, contribuent \u00e0 la tenue de cette manifestation.<\/p>\n\n\n\n<p>&nbsp;&nbsp;&nbsp;&nbsp;&nbsp; &nbsp;&nbsp;&nbsp;&nbsp;&nbsp;&nbsp;Pour sa part, la Secr\u00e9taire G\u00e9n\u00e9rale de la CONFEJES, Mme Louisette-Ren\u00e9e THOBI, d\u00e9clare que l\u2019av\u00e8nement du troisi\u00e8me mill\u00e9naire est marqu\u00e9 par une multitude de transformations sur les plans social, culturel, politique, \u00e9conomique et technologique. Ce changement rapide a impact\u00e9 &nbsp;nos comportements, notre port\u00e9e et la sant\u00e9. L\u2019utilisation excessive et chronique des r\u00e9seaux sociaux influence le mode de vie des jeunes sur le plan comportemental.<\/p>\n\n\n\n<p>&nbsp;&nbsp;&nbsp;&nbsp;&nbsp;&nbsp;&nbsp;&nbsp;&nbsp;&nbsp;&nbsp; Le th\u00e9matique de cette ann\u00e9e est une actualit\u00e9 br\u00fblante et interpelle les gouvernants \u00e0 faire des loisirs une influence sur la coh\u00e9sion sociale et sur nos communaut\u00e9s tant au niveau national qu\u2019au niveau r\u00e9gional.&nbsp;&nbsp;<\/p>\n\n\n\n<p>&nbsp;&nbsp;&nbsp;&nbsp;&nbsp;&nbsp;&nbsp;&nbsp;&nbsp;&nbsp;&nbsp;&nbsp;&nbsp; &nbsp;De par leur caract\u00e8re socio-\u00e9ducatif, les loisirs participent \u00e0 la coh\u00e9sion sociale et \u00e0 l\u2019int\u00e9gration r\u00e9gionale. Pour ce faire, il faut un cadre propice \u00e0 la formation et au partage mat\u00e9riel propre \u00e0 la soci\u00e9t\u00e9. Le th\u00e8me pris cette ann\u00e9e, confirme la Secr\u00e9taire G\u00e9n\u00e9rale de la CONFEJES, <em>est r\u00e9v\u00e9lateur parce qu\u2019il introduit le d\u00e9veloppement durable li\u00e9 au bien-\u00eatre de la population<\/em>. Elle affirme que ce th\u00e8me permet la bonne port\u00e9e et la promotion du bien-\u00eatre dans ce contexte de mondialisation, l\u2019\u00e9volution de technologie et des r\u00e9seaux sociaux culturels. Il s\u2019agit pour nous, ajoute-t-elle, &nbsp;de promouvoir dans notre espace sous r\u00e9gional, les loisirs, des pratiques saines pour les jeunes.&nbsp; Des programmes harmonis\u00e9s dans l\u2019espace des pays francophones de l\u2019Afrique de l\u2019Ouest, dont les r\u00e9sultats permettront aux&nbsp; jeunes &nbsp;et adolescents de b\u00e9n\u00e9ficier d\u2019un cadre appropri\u00e9 pour la promotion dans le secteur des loisirs sont attendus.&nbsp;&nbsp;<\/p>\n\n\n\n<p>&nbsp;&nbsp;&nbsp;&nbsp;&nbsp;&nbsp;&nbsp;&nbsp;&nbsp;&nbsp;&nbsp;&nbsp; L\u2019objectif ce festival, a-t-elle rappel\u00e9, est de permettre \u00e0 la jeunesse de s\u2019approprier ce th\u00e8me : <em>\u00abLes loisirs, vecteurs de la coh\u00e9sion sociale et du d\u00e9veloppement communautaire&nbsp;\u00bb. Et elle a poursuivi en disant que<\/em>&nbsp; l<em>\u2019organisation des loisirs dans les Etats est un souhait ardent pour <\/em>elle.<\/p>\n\n\n\n<p>&nbsp;&nbsp;&nbsp;&nbsp;&nbsp;&nbsp;&nbsp;&nbsp;&nbsp;&nbsp;&nbsp;&nbsp;&nbsp; Pour rassurer les festivaliers, Mme THOBI a&nbsp; conclu en disant : <em>\u00ab&nbsp;Notre institution d\u00e9ploie tous les moyens pour sensibiliser tous les pays de l\u2019espace dans le cadre du financement pour la promotion et la mise en \u0153uvre des loisirs&nbsp;\u00bb.<\/em>&nbsp;&nbsp;&nbsp;<\/p>\n\n\n\n<figure class=\"wp-block-image size-full\"><img loading=\"lazy\" loading=\"lazy\" decoding=\"async\" width=\"2080\" height=\"2080\" src=\"https:\/\/corpsdiplomaticnews.tg\/wp-content\/uploads\/2024\/11\/LIDI-3.jpeg\" alt=\"\" class=\"wp-image-9051\" srcset=\"https:\/\/corpsdiplomaticnews.tg\/wp-content\/uploads\/2024\/11\/LIDI-3.jpeg 2080w, https:\/\/corpsdiplomaticnews.tg\/wp-content\/uploads\/2024\/11\/LIDI-3-300x300.jpeg 300w, https:\/\/corpsdiplomaticnews.tg\/wp-content\/uploads\/2024\/11\/LIDI-3-1024x1024.jpeg 1024w, https:\/\/corpsdiplomaticnews.tg\/wp-content\/uploads\/2024\/11\/LIDI-3-150x150.jpeg 150w, https:\/\/corpsdiplomaticnews.tg\/wp-content\/uploads\/2024\/11\/LIDI-3-768x768.jpeg 768w, https:\/\/corpsdiplomaticnews.tg\/wp-content\/uploads\/2024\/11\/LIDI-3-1536x1536.jpeg 1536w, https:\/\/corpsdiplomaticnews.tg\/wp-content\/uploads\/2024\/11\/LIDI-3-2048x2048.jpeg 2048w, https:\/\/corpsdiplomaticnews.tg\/wp-content\/uploads\/2024\/11\/LIDI-3-860x860.jpeg 860w\" sizes=\"auto, (max-width: 2080px) 100vw, 2080px\" \/><\/figure>\n\n\n\n<p>\u00a0\u00a0\u00a0\u00a0\u00a0\u00a0\u00a0\u00a0<strong>Mme  Louisette-Ren\u00e9e<\/strong><strong>  THOBI, Secr\u00e9taire G\u00e9n\u00e9rale de la CONFEJES <\/strong><\/p>\n\n\n\n<p>&nbsp;&nbsp;&nbsp;&nbsp;&nbsp;&nbsp;&nbsp;&nbsp;&nbsp;&nbsp;&nbsp; &nbsp;Elle a exprim\u00e9&nbsp; sa gratitude \u00e0 l\u2019endroit du chef de l\u2019Etat, aux minist\u00e8res des Loisirs et du d\u00e9veloppement \u00e0 la base et de la jeunesse pour leurs efforts d\u00e9ploy\u00e9s \u00e0 la tenue de cette f\u00eate des loisirs, et au peuple togolais, pour sa mobilisation autour de l\u2019\u00e9v\u00e8nement.<\/p>\n\n\n\n<p>&nbsp;&nbsp;&nbsp; &nbsp;&nbsp;&nbsp;&nbsp;&nbsp;&nbsp;&nbsp;&nbsp;&nbsp;Pour le Directeur des loisirs au Minist\u00e8re de tutelle, M. Bruno Ets\u00e8, ce festival des loisirs est pr\u00e9c\u00e9d\u00e9, il y a trois semaines, par le lancement de l\u2019\u00e9v\u00e9nement au cours d\u2019une conf\u00e9rence de presse. Pour r\u00e9ussir ce pari, son d\u00e9partement a invit\u00e9 des communaut\u00e9s de l\u2019espace francophone de l\u2019Afrique de l\u2019Ouest. <em>\u00abAujourd\u2019hui, nous avons d\u00e9montr\u00e9 notre capacit\u00e9 &nbsp;\u00e0 mieux organiser &nbsp;ce festival&nbsp;\u00bb, <\/em>ajoute-t-il. Dans la matin\u00e9e du 15 novembre, un atelier &nbsp;a \u00e9t\u00e9&nbsp; organis\u00e9 pour r\u00e9fl\u00e9chir sur la probl\u00e9matique des loisirs qui favorisent l\u2019\u00e9volution de l\u2019homme. Au cours des d\u00e9bats, les pan\u00e9listes ont planch\u00e9&nbsp; sur les r\u00e9sultats positifs et les difficult\u00e9s rencontr\u00e9es depuis l\u2019instauration de cet \u00e9v\u00e8nement et r\u00e9fl\u00e9chir sur ce qu\u2019il faut am\u00e9liorer.&nbsp; Il a justifi\u00e9 le choix du th\u00e8me en partant du constat selon lequel des jeunes s\u2019isolent \u00e0 cause des Smartphones et portables, dont l\u2019utilisation ne permet pas aux humains de cultiver la coh\u00e9sion sociale \u00e0 travers les loisirs, cadre de rapprochement.<\/p>\n\n\n\n<p>&nbsp;&nbsp;&nbsp;&nbsp;&nbsp;&nbsp;&nbsp;&nbsp;&nbsp;&nbsp;&nbsp;&nbsp; Ce qui a plus retenu son attention est la bonne volont\u00e9 politique et l\u2019engagement de la population \u00e0 adh\u00e9rer \u00e0 cette politique des loisirs. Pour conclure, le directeur des loisirs avoue la mobilisation des gens qui sont, d\u2019une part, venus de toutes les r\u00e9gions du Togo, d\u2019autre part, des f\u00e9d\u00e9rations sportives et des communaut\u00e9s africaines de la sous-r\u00e9gion pour donner . <em>\u00ab&nbsp;L\u2019objectif poursuivi, en organisant cette f\u00eate des loisirs, <\/em>conclut-il, <em>\u00ab&nbsp;est le bien-\u00eatre de la population togolaise et du monde entier&nbsp;<\/em>\u00bb.<\/p>\n\n\n\n<p>\u00a0\u00a0\u00a0\u00a0\u00a0\u00a0\u00a0\u00a0\u00a0\u00a0\u00a0 Il sied de rappeler que les d\u00e9l\u00e9gations de 11 F\u00e9d\u00e9rations en l\u2019occurrence les f\u00e9d\u00e9rations togolaises des sports Equestres avec une d\u00e9monstration de danse des chevaux, des Echecs, de Brusquembille (V\u00e9t\u00e9tr\u00e9), de Scrabble francophone, des Sports Boule (P\u00e9tanque), de Golf, de Ludo, des Jeux Dame, d\u2019Awale, de danses, de Horse Shoes ont d\u00e9fil\u00e9 avant \u00a0les repr\u00e9sentants des communaut\u00e9s originaires des 7 pays tels que le B\u00e9nin, le Burkina Faso, le Mali, le Niger, Guin\u00e9e, le S\u00e9n\u00e9gal, la C\u00f4te d\u2019Ivoire. <\/p>\n\n\n\n<p><\/p>\n\n\n\n<figure class=\"wp-block-image size-full\"><img loading=\"lazy\" loading=\"lazy\" decoding=\"async\" width=\"954\" height=\"600\" src=\"https:\/\/corpsdiplomaticnews.tg\/wp-content\/uploads\/2024\/11\/LIDI-2.jpg\" alt=\"\" class=\"wp-image-9053\" srcset=\"https:\/\/corpsdiplomaticnews.tg\/wp-content\/uploads\/2024\/11\/LIDI-2.jpg 954w, https:\/\/corpsdiplomaticnews.tg\/wp-content\/uploads\/2024\/11\/LIDI-2-300x189.jpg 300w, https:\/\/corpsdiplomaticnews.tg\/wp-content\/uploads\/2024\/11\/LIDI-2-768x483.jpg 768w, https:\/\/corpsdiplomaticnews.tg\/wp-content\/uploads\/2024\/11\/LIDI-2-860x541.jpg 860w\" sizes=\"auto, (max-width: 954px) 100vw, 954px\" \/><\/figure>\n\n\n\n<p>\u00a0\u00a0\u00a0\u00a0\u00a0\u00a0\u00a0\u00a0\u00a0\u00a0\u00a0 <strong>Un groupe folklorique  malien  sur sc\u00e8ne <\/strong> <\/p>\n\n\n\n<p>Aussi faut-il noter le d\u00e9fil\u00e9 des communaut\u00e9s togolaises issues des cinq r\u00e9gions \u00a0du Togo \u00e0 savoir R\u00e9gion des Savanes avec d\u00e9monstration de la danse <em>\u00ab\u00a0Kankou<\/em>\u00a0\u00bb, la R\u00e9gion de la Kara avec la danse \u00ab<em>\u00a0Kamou<\/em>\u00a0\u00bb, la R\u00e9gion Centrale avec des chevaux, la R\u00e9gion des Plateaux avec la danse <em>\u00ab\u00a0Bobobo<\/em>\u00a0\u00bb, la R\u00e9gion Maritime avec la danse \u00ab<em>\u00a0Agbadja<\/em>\u00a0\u00bb et la Pr\u00e9fecture de la Binah, dont est originaire la Ministre des Sports et des Loisirs avec la danse \u00ab<em>\u00a0Ikpindou<\/em>\u00a0\u00bb.<\/p>\n\n\n\n<p>&nbsp;&nbsp;&nbsp;&nbsp;&nbsp; &nbsp;&nbsp;&nbsp;&nbsp;&nbsp;&nbsp;Il faut enfin rappeler les partenaires qui ont accompagn\u00e9 la f\u00eate des loisirs qui se poursuivent du samedi 16 jusqu\u2019au dimanche 17 sont SNB avec la promotion de ses nouveaux produits, Togo Terminal, &nbsp;CONFEJES, Africa Global Logistics.<\/p>\n\n\n\n<p>&nbsp;&nbsp;&nbsp;&nbsp;&nbsp;&nbsp;&nbsp;&nbsp;&nbsp;&nbsp;&nbsp; Rappelons aussi que cette f\u00eate est \u00e0 sa 2<sup>\u00e8me<\/sup> \u00e9dition et est c\u00e9l\u00e9br\u00e9e apr\u00e8s l\u2019adoption de la proposition de Madame le ministre des loisirs, &nbsp;de cr\u00e9er une f\u00eate des loisirs \u00e0 la suite du projet des festivals des loisirs dans la sous-r\u00e9gion con\u00e7u par Mme Louisette-Ren\u00e9e THOBI.<\/p>\n\n\n\n<p><strong>Gbedode ADJANOR<\/strong>  <\/p>\n","protected":false},"excerpt":{"rendered":"<p>&nbsp;&nbsp;&nbsp;&nbsp;&nbsp;&nbsp;&nbsp;&nbsp;&nbsp;&nbsp;&nbsp; Joindre l\u2019utile \u00e0 l\u2019agr\u00e9able reste l\u2019objectif principal du Minist\u00e8re des Loisirs en organisant la f\u00eate des loisirs. Cette ann\u00e9e, cette f\u00eate est c\u00e9l\u00e9br\u00e9e avec un \u00e9clat particulier du 15 au 16 novembre 2024 au stade de K\u00e9gu\u00e9 \u00e0 Lom\u00e9. Le th\u00e8me choisi est libell\u00e9 comme suit&nbsp;: \u00ab&nbsp;Loisirs, vecteurs de la coh\u00e9sion sociale et du [&hellip;]<\/p>\n","protected":false},"author":2,"featured_media":8997,"comment_status":"open","ping_status":"open","sticky":false,"template":"","format":"standard","meta":{"footnotes":""},"categories":[9,124,1],"tags":[],"class_list":{"0":"post-8995","1":"post","2":"type-post","3":"status-publish","4":"format-standard","5":"has-post-thumbnail","7":"category-azimuts","8":"category-la-une","9":"category-non-classe"},"_links":{"self":[{"href":"https:\/\/corpsdiplomaticnews.tg\/index.php\/wp-json\/wp\/v2\/posts\/8995","targetHints":{"allow":["GET"]}}],"collection":[{"href":"https:\/\/corpsdiplomaticnews.tg\/index.php\/wp-json\/wp\/v2\/posts"}],"about":[{"href":"https:\/\/corpsdiplomaticnews.tg\/index.php\/wp-json\/wp\/v2\/types\/post"}],"author":[{"embeddable":true,"href":"https:\/\/corpsdiplomaticnews.tg\/index.php\/wp-json\/wp\/v2\/users\/2"}],"replies":[{"embeddable":true,"href":"https:\/\/corpsdiplomaticnews.tg\/index.php\/wp-json\/wp\/v2\/comments?post=8995"}],"version-history":[{"count":5,"href":"https:\/\/corpsdiplomaticnews.tg\/index.php\/wp-json\/wp\/v2\/posts\/8995\/revisions"}],"predecessor-version":[{"id":9054,"href":"https:\/\/corpsdiplomaticnews.tg\/index.php\/wp-json\/wp\/v2\/posts\/8995\/revisions\/9054"}],"wp:featuredmedia":[{"embeddable":true,"href":"https:\/\/corpsdiplomaticnews.tg\/index.php\/wp-json\/wp\/v2\/media\/8997"}],"wp:attachment":[{"href":"https:\/\/corpsdiplomaticnews.tg\/index.php\/wp-json\/wp\/v2\/media?parent=8995"}],"wp:term":[{"taxonomy":"category","embeddable":true,"href":"https:\/\/corpsdiplomaticnews.tg\/index.php\/wp-json\/wp\/v2\/categories?post=8995"},{"taxonomy":"post_tag","embeddable":true,"href":"https:\/\/corpsdiplomaticnews.tg\/index.php\/wp-json\/wp\/v2\/tags?post=8995"}],"curies":[{"name":"wp","href":"https:\/\/api.w.org\/{rel}","templated":true}]}}