{"id":8928,"date":"2024-11-13T10:31:44","date_gmt":"2024-11-13T10:31:44","guid":{"rendered":"https:\/\/corpsdiplomaticnews.tg\/?p=8928"},"modified":"2024-11-13T10:31:47","modified_gmt":"2024-11-13T10:31:47","slug":"cameroun-affaire-martinez-zogo-de-nouvelles-charges-retenues-contre-jean-pierre-amougou-belinga","status":"publish","type":"post","link":"https:\/\/corpsdiplomaticnews.tg\/index.php\/2024\/11\/13\/cameroun-affaire-martinez-zogo-de-nouvelles-charges-retenues-contre-jean-pierre-amougou-belinga\/","title":{"rendered":"Cameroun-Affaire Martinez Zogo: de nouvelles charges retenues contre Jean-Pierre Amougou Belinga\u00a0"},"content":{"rendered":"\n<figure class=\"wp-block-table\"><table class=\"has-fixed-layout\"><tbody><tr><td>Alors que les avocats de la d\u00e9fense esp\u00e8rent une r\u00e9ponse favorable sur les exceptions soulev\u00e9es lors de la derni\u00e8re audience, le juge impose le rejet et surprend la d\u00e9fense par la requalification de certaines infractions. <br><br>Certains accus\u00e9s dans l\u2019affaire de l\u2019assassinat de Martinez Zogo, le chef de chaine de radio Amplitude Fm voient leurs charges s\u2019alourdir \u00e0 l\u2019issue de l\u2019audience du 11 novembre 2024. L\u00e9opold Maxime Eko Eko, patron de la direction g\u00e9n\u00e9rale de recherche ext\u00e9rieure et Jean Pierre Amougou Belinga, patron du groupe de presse l\u2019Anecdote, seront d\u00e9sormais jug\u00e9s pour des infractions de \u00ab complicit\u00e9 de coaction de torture \u00bb, au lieu de \u00ab complicit\u00e9 de torture \u00bb comme le juge d\u2019instruction l\u2019a inscrit dans son ordonnance de renvoi du 29 f\u00e9vrier 2024. L\u2019ex directeur des op\u00e9rations \u00e0 la DGRE, Justin Danwe sera poursuivi pour les infractions de \u00ab\u00a0complicit\u00e9 de coaction d\u2019arrestation et s\u00e9questration, complicit\u00e9 de coaction d\u2019assassinat, violation de consignes\u00a0\u00bb. Le juge d\u2019instruction a quant \u00e0 lui retenu dans\u00a0l\u2019ordonnance de renvoi\u00a0les infractions de \u00ab\u00a0complicit\u00e9 d\u2019arrestation et de s\u00e9questration, complicit\u00e9 de torture, complicit\u00e9 d\u2019assassinat et violation de consigne\u00a0\u00bb. Les accus\u00e9s St\u00e9phane Tongue Nana, Daouda, Lamfu Johnson Ngam seront poursuivis pour les infractions de \u00ab\u00a0complicit\u00e9 de coaction de torture, coaction d\u2019assassinat et violation de consigne\u00a0\u00bb. Le juge d\u2019instruction a retenu contre ces accus\u00e9s les infractions de \u00ab\u00a0complicit\u00e9 d\u2019arrestation et s\u00e9questration, complicit\u00e9 de torture, assassinat et violation de consignes\u00a0\u00bb. Pour sa part, Bruno Fran\u00e7ois Bidjang Oba\u2019a Bikoro sera d\u00e9sormais poursuivi pour l\u2019unique infraction de \u00ab\u00a0conspiration de torture\u00a0\u00bb.  <br><br>Au d\u00e9part, le juge d\u2019instruction a retenu les infractions de \u00ab conspiration de torture et d\u2019arrestation et s\u00e9questration \u00bb contre le journaliste en service au groupe l\u2019Anecdote. Le juge du tribunal militaire de Yaound\u00e9 a par ailleurs rejet\u00e9 les exceptions soulev\u00e9es par la d\u00e9fense lors de l\u2019audience du 21 octobre dernier, en particulier, la mise en libert\u00e9 de Maxime Eko Eko et Jean Pierre Amougou Belinga. En effet, les avocats du premier ont demand\u00e9 sa lib\u00e9ration sur la base des irr\u00e9gularit\u00e9s sur la proc\u00e9dure d\u00e9couvertes en consultant le dossier. La d\u00e9fense du deuxi\u00e8me invalide la proc\u00e9dure ayant conduit \u00e0 l\u2019incarc\u00e9ration de Jean Pierre Amougou Belinga. Sont entre autres d\u00e9nonc\u00e9es, les perquisitions sans mandat. Le juge a d\u00e9clar\u00e9 pr\u00e9matur\u00e9e l\u2019exception de nullit\u00e9 des actes de l\u2019enqu\u00eate pr\u00e9liminaire et de l\u2019information judiciaire. (source: <a href=\"http:\/\/journalducameroun.com\" target=\"_blank\" rel=\"noreferrer noopener\">journalducameroun.com<\/a>)<br>\u00a0<\/td><\/tr><\/tbody><\/table><\/figure>\n","protected":false},"excerpt":{"rendered":"<p>Alors que les avocats de la d\u00e9fense esp\u00e8rent une r\u00e9ponse favorable sur les exceptions soulev\u00e9es lors de la derni\u00e8re audience, le juge impose le rejet et surprend la d\u00e9fense par la requalification de certaines infractions. Certains accus\u00e9s dans l\u2019affaire de l\u2019assassinat de Martinez Zogo, le chef de chaine de radio Amplitude Fm voient leurs charges [&hellip;]<\/p>\n","protected":false},"author":2,"featured_media":8929,"comment_status":"open","ping_status":"open","sticky":false,"template":"","format":"standard","meta":{"footnotes":""},"categories":[9,124],"tags":[],"class_list":{"0":"post-8928","1":"post","2":"type-post","3":"status-publish","4":"format-standard","5":"has-post-thumbnail","7":"category-azimuts","8":"category-la-une"},"_links":{"self":[{"href":"https:\/\/corpsdiplomaticnews.tg\/index.php\/wp-json\/wp\/v2\/posts\/8928","targetHints":{"allow":["GET"]}}],"collection":[{"href":"https:\/\/corpsdiplomaticnews.tg\/index.php\/wp-json\/wp\/v2\/posts"}],"about":[{"href":"https:\/\/corpsdiplomaticnews.tg\/index.php\/wp-json\/wp\/v2\/types\/post"}],"author":[{"embeddable":true,"href":"https:\/\/corpsdiplomaticnews.tg\/index.php\/wp-json\/wp\/v2\/users\/2"}],"replies":[{"embeddable":true,"href":"https:\/\/corpsdiplomaticnews.tg\/index.php\/wp-json\/wp\/v2\/comments?post=8928"}],"version-history":[{"count":1,"href":"https:\/\/corpsdiplomaticnews.tg\/index.php\/wp-json\/wp\/v2\/posts\/8928\/revisions"}],"predecessor-version":[{"id":8930,"href":"https:\/\/corpsdiplomaticnews.tg\/index.php\/wp-json\/wp\/v2\/posts\/8928\/revisions\/8930"}],"wp:featuredmedia":[{"embeddable":true,"href":"https:\/\/corpsdiplomaticnews.tg\/index.php\/wp-json\/wp\/v2\/media\/8929"}],"wp:attachment":[{"href":"https:\/\/corpsdiplomaticnews.tg\/index.php\/wp-json\/wp\/v2\/media?parent=8928"}],"wp:term":[{"taxonomy":"category","embeddable":true,"href":"https:\/\/corpsdiplomaticnews.tg\/index.php\/wp-json\/wp\/v2\/categories?post=8928"},{"taxonomy":"post_tag","embeddable":true,"href":"https:\/\/corpsdiplomaticnews.tg\/index.php\/wp-json\/wp\/v2\/tags?post=8928"}],"curies":[{"name":"wp","href":"https:\/\/api.w.org\/{rel}","templated":true}]}}