{"id":8876,"date":"2024-10-30T23:45:09","date_gmt":"2024-10-30T23:45:09","guid":{"rendered":"https:\/\/corpsdiplomaticnews.tg\/?p=8876"},"modified":"2024-11-01T14:05:25","modified_gmt":"2024-11-01T14:05:25","slug":"un-diner-de-gala-hors-pair-a-mis-fin-au-jubile-de-fin-de-carriere-dadebayor","status":"publish","type":"post","link":"https:\/\/corpsdiplomaticnews.tg\/index.php\/2024\/10\/30\/un-diner-de-gala-hors-pair-a-mis-fin-au-jubile-de-fin-de-carriere-dadebayor\/","title":{"rendered":"Un d\u00eener de gala, hors pair, \u00a0a mis fin au jubil\u00e9 de fin de carri\u00e8re d\u2019ADEBAYOR"},"content":{"rendered":"\n<p>C\u2019est \u00e0 travers un d\u00eener de gala, grandeur nature, &nbsp;que le footballeur togolais de renomm\u00e9e internationale, Sh\u00e9yi Emmanuel ADEBAYOR, a mis un terme \u00e0 son jubil\u00e9 de pr\u00e8s de 25 ans de carri\u00e8re. Et c\u2019est dans un grand h\u00f4tel de la capitale togolaise que ce gala&nbsp; a&nbsp; eu lieu. Plusieurs personnalit\u00e9s y ont pris part. On note en l\u2019occurrence des acteurs &nbsp;du monde footballistique africain, des ministres du gouvernement togolais comme &nbsp;Pascal BODJONA, Dr Lidi BESSI KAMA &nbsp;du sport et des loisirs, le D\u00e9put\u00e9-Maire &nbsp;Mey GNASSINGBE, des diplomates am\u00e9ricains et \u00e9gyptiens, plusieurs anciens ministres, des hommes d\u2019affaires togolais et \u00e9trangers, et un public important invit\u00e9 pour la circonstance. <\/p>\n\n\n\n<figure class=\"wp-block-image size-large\"><img loading=\"lazy\" loading=\"lazy\" decoding=\"async\" width=\"1024\" height=\"768\" src=\"https:\/\/corpsdiplomaticnews.tg\/wp-content\/uploads\/2024\/10\/ADE-4--1024x768.jpg\" alt=\"\" class=\"wp-image-8879\" srcset=\"https:\/\/corpsdiplomaticnews.tg\/wp-content\/uploads\/2024\/10\/ADE-4--1024x768.jpg 1024w, https:\/\/corpsdiplomaticnews.tg\/wp-content\/uploads\/2024\/10\/ADE-4--300x225.jpg 300w, https:\/\/corpsdiplomaticnews.tg\/wp-content\/uploads\/2024\/10\/ADE-4--768x576.jpg 768w, https:\/\/corpsdiplomaticnews.tg\/wp-content\/uploads\/2024\/10\/ADE-4--860x645.jpg 860w, https:\/\/corpsdiplomaticnews.tg\/wp-content\/uploads\/2024\/10\/ADE-4-.jpg 1280w\" sizes=\"auto, (max-width: 1024px) 100vw, 1024px\" \/><\/figure>\n\n\n\n<p>                                       <strong>On reconna\u00eet le diplomate am\u00e9ricain au milieu <\/strong><\/p>\n\n\n\n<figure class=\"wp-block-image size-large\"><img loading=\"lazy\" loading=\"lazy\" decoding=\"async\" width=\"1024\" height=\"768\" src=\"https:\/\/corpsdiplomaticnews.tg\/wp-content\/uploads\/2024\/10\/ADE-1-ADEBAYOR-et-CHANTAL-SASSOU--1024x768.jpg\" alt=\"\" class=\"wp-image-8883\" srcset=\"https:\/\/corpsdiplomaticnews.tg\/wp-content\/uploads\/2024\/10\/ADE-1-ADEBAYOR-et-CHANTAL-SASSOU--1024x768.jpg 1024w, https:\/\/corpsdiplomaticnews.tg\/wp-content\/uploads\/2024\/10\/ADE-1-ADEBAYOR-et-CHANTAL-SASSOU--300x225.jpg 300w, https:\/\/corpsdiplomaticnews.tg\/wp-content\/uploads\/2024\/10\/ADE-1-ADEBAYOR-et-CHANTAL-SASSOU--768x576.jpg 768w, https:\/\/corpsdiplomaticnews.tg\/wp-content\/uploads\/2024\/10\/ADE-1-ADEBAYOR-et-CHANTAL-SASSOU--860x645.jpg 860w, https:\/\/corpsdiplomaticnews.tg\/wp-content\/uploads\/2024\/10\/ADE-1-ADEBAYOR-et-CHANTAL-SASSOU-.jpg 1280w\" sizes=\"auto, (max-width: 1024px) 100vw, 1024px\" \/><\/figure>\n\n\n\n<p><strong>ADEBAYOR  et Chantal  SASSOU NGUESSO (Fille du pr\u00e9sident D\u00e9nis SASSOU NGUESSO)<\/strong><\/p>\n\n\n\n<figure class=\"wp-block-image size-large\"><img loading=\"lazy\" loading=\"lazy\" decoding=\"async\" width=\"1024\" height=\"768\" src=\"https:\/\/corpsdiplomaticnews.tg\/wp-content\/uploads\/2024\/10\/ADE-2--1024x768.jpg\" alt=\"\" class=\"wp-image-8884\" srcset=\"https:\/\/corpsdiplomaticnews.tg\/wp-content\/uploads\/2024\/10\/ADE-2--1024x768.jpg 1024w, https:\/\/corpsdiplomaticnews.tg\/wp-content\/uploads\/2024\/10\/ADE-2--300x225.jpg 300w, https:\/\/corpsdiplomaticnews.tg\/wp-content\/uploads\/2024\/10\/ADE-2--768x576.jpg 768w, https:\/\/corpsdiplomaticnews.tg\/wp-content\/uploads\/2024\/10\/ADE-2--860x645.jpg 860w, https:\/\/corpsdiplomaticnews.tg\/wp-content\/uploads\/2024\/10\/ADE-2-.jpg 1280w\" sizes=\"auto, (max-width: 1024px) 100vw, 1024px\" \/><\/figure>\n\n\n\n<p><strong>DES TENORS DU FOOTBALL AFRICAIN <\/strong><\/p>\n\n\n\n<figure class=\"wp-block-image size-large\"><img loading=\"lazy\" loading=\"lazy\" decoding=\"async\" width=\"1024\" height=\"768\" src=\"https:\/\/corpsdiplomaticnews.tg\/wp-content\/uploads\/2024\/10\/ADE-6-1024x768.jpg\" alt=\"\" class=\"wp-image-8885\" srcset=\"https:\/\/corpsdiplomaticnews.tg\/wp-content\/uploads\/2024\/10\/ADE-6-1024x768.jpg 1024w, https:\/\/corpsdiplomaticnews.tg\/wp-content\/uploads\/2024\/10\/ADE-6-300x225.jpg 300w, https:\/\/corpsdiplomaticnews.tg\/wp-content\/uploads\/2024\/10\/ADE-6-768x576.jpg 768w, https:\/\/corpsdiplomaticnews.tg\/wp-content\/uploads\/2024\/10\/ADE-6-860x645.jpg 860w, https:\/\/corpsdiplomaticnews.tg\/wp-content\/uploads\/2024\/10\/ADE-6.jpg 1280w\" sizes=\"auto, (max-width: 1024px) 100vw, 1024px\" \/><\/figure>\n\n\n\n<p><strong>LES MINISTRES BODJONA ET LIDI BESSI KAMA <\/strong><\/p>\n\n\n\n<figure class=\"wp-block-image size-large\"><img loading=\"lazy\" loading=\"lazy\" decoding=\"async\" width=\"1024\" height=\"768\" src=\"https:\/\/corpsdiplomaticnews.tg\/wp-content\/uploads\/2024\/10\/ADE-7-1024x768.jpg\" alt=\"\" class=\"wp-image-8886\" srcset=\"https:\/\/corpsdiplomaticnews.tg\/wp-content\/uploads\/2024\/10\/ADE-7-1024x768.jpg 1024w, https:\/\/corpsdiplomaticnews.tg\/wp-content\/uploads\/2024\/10\/ADE-7-300x225.jpg 300w, https:\/\/corpsdiplomaticnews.tg\/wp-content\/uploads\/2024\/10\/ADE-7-768x576.jpg 768w, https:\/\/corpsdiplomaticnews.tg\/wp-content\/uploads\/2024\/10\/ADE-7-860x645.jpg 860w, https:\/\/corpsdiplomaticnews.tg\/wp-content\/uploads\/2024\/10\/ADE-7.jpg 1280w\" sizes=\"auto, (max-width: 1024px) 100vw, 1024px\" \/><\/figure>\n\n\n\n<p><strong>ECHANGE ENTRE LE MINISTRE BODJONA ET Mlle SASSOU NGUESSO <\/strong><\/p>\n\n\n\n<p>Notons que la soir\u00e9e a \u00e9t\u00e9 agr\u00e9ment\u00e9e par des prestations artistiques et culturelles. <\/p>\n","protected":false},"excerpt":{"rendered":"<p>C\u2019est \u00e0 travers un d\u00eener de gala, grandeur nature, &nbsp;que le footballeur togolais de renomm\u00e9e internationale, Sh\u00e9yi Emmanuel ADEBAYOR, a mis un terme \u00e0 son jubil\u00e9 de pr\u00e8s de 25 ans de carri\u00e8re. Et c\u2019est dans un grand h\u00f4tel de la capitale togolaise que ce gala&nbsp; a&nbsp; eu lieu. Plusieurs personnalit\u00e9s y ont pris part. [&hellip;]<\/p>\n","protected":false},"author":2,"featured_media":8879,"comment_status":"open","ping_status":"open","sticky":false,"template":"","format":"standard","meta":{"footnotes":""},"categories":[9,124],"tags":[],"class_list":{"0":"post-8876","1":"post","2":"type-post","3":"status-publish","4":"format-standard","5":"has-post-thumbnail","7":"category-azimuts","8":"category-la-une"},"_links":{"self":[{"href":"https:\/\/corpsdiplomaticnews.tg\/index.php\/wp-json\/wp\/v2\/posts\/8876","targetHints":{"allow":["GET"]}}],"collection":[{"href":"https:\/\/corpsdiplomaticnews.tg\/index.php\/wp-json\/wp\/v2\/posts"}],"about":[{"href":"https:\/\/corpsdiplomaticnews.tg\/index.php\/wp-json\/wp\/v2\/types\/post"}],"author":[{"embeddable":true,"href":"https:\/\/corpsdiplomaticnews.tg\/index.php\/wp-json\/wp\/v2\/users\/2"}],"replies":[{"embeddable":true,"href":"https:\/\/corpsdiplomaticnews.tg\/index.php\/wp-json\/wp\/v2\/comments?post=8876"}],"version-history":[{"count":4,"href":"https:\/\/corpsdiplomaticnews.tg\/index.php\/wp-json\/wp\/v2\/posts\/8876\/revisions"}],"predecessor-version":[{"id":8889,"href":"https:\/\/corpsdiplomaticnews.tg\/index.php\/wp-json\/wp\/v2\/posts\/8876\/revisions\/8889"}],"wp:featuredmedia":[{"embeddable":true,"href":"https:\/\/corpsdiplomaticnews.tg\/index.php\/wp-json\/wp\/v2\/media\/8879"}],"wp:attachment":[{"href":"https:\/\/corpsdiplomaticnews.tg\/index.php\/wp-json\/wp\/v2\/media?parent=8876"}],"wp:term":[{"taxonomy":"category","embeddable":true,"href":"https:\/\/corpsdiplomaticnews.tg\/index.php\/wp-json\/wp\/v2\/categories?post=8876"},{"taxonomy":"post_tag","embeddable":true,"href":"https:\/\/corpsdiplomaticnews.tg\/index.php\/wp-json\/wp\/v2\/tags?post=8876"}],"curies":[{"name":"wp","href":"https:\/\/api.w.org\/{rel}","templated":true}]}}