{"id":8744,"date":"2024-10-13T16:43:31","date_gmt":"2024-10-13T16:43:31","guid":{"rendered":"https:\/\/corpsdiplomaticnews.tg\/?p=8744"},"modified":"2024-10-13T16:43:32","modified_gmt":"2024-10-13T16:43:32","slug":"togo-la-dmp-exige-une-enquete-independante-et-internationale-concernant-la-barbarie-au-siege-de-la-cdpa","status":"publish","type":"post","link":"https:\/\/corpsdiplomaticnews.tg\/index.php\/2024\/10\/13\/togo-la-dmp-exige-une-enquete-independante-et-internationale-concernant-la-barbarie-au-siege-de-la-cdpa\/","title":{"rendered":"TOGO: la DMP exige une enqu\u00eate ind\u00e9pendante et internationale concernant la barbarie au si\u00e8ge de la CDPA"},"content":{"rendered":"\n<p>Au cours d\u2019une conf\u00e9rence le 09 Octobre 2024 au si\u00e8ge de la CDPA, soit dix jours apr\u00e8s la barbarie dont ils ont \u00e9t\u00e9 victimes,  les membres  de la Dynamique pour la Majorit\u00e9 du Peuple (DMP) ont  condamn\u00e9  avec la derni\u00e8re \u00e9nergie,  la tentative d\u2019assassinat du d\u00e9put\u00e9 s\u00e9n\u00e9galais de la CEDEAO, des premiers responsables politiques, de la soci\u00e9t\u00e9 civile et des journalistes \u00e0 Lom\u00e9.  <\/p>\n\n\n\n<figure class=\"wp-block-image size-full\"><img loading=\"lazy\" loading=\"lazy\" decoding=\"async\" width=\"960\" height=\"544\" src=\"https:\/\/corpsdiplomaticnews.tg\/wp-content\/uploads\/2023\/10\/DMP.jpeg\" alt=\"\" class=\"wp-image-6080\" srcset=\"https:\/\/corpsdiplomaticnews.tg\/wp-content\/uploads\/2023\/10\/DMP.jpeg 960w, https:\/\/corpsdiplomaticnews.tg\/wp-content\/uploads\/2023\/10\/DMP-300x170.jpeg 300w, https:\/\/corpsdiplomaticnews.tg\/wp-content\/uploads\/2023\/10\/DMP-768x435.jpeg 768w, https:\/\/corpsdiplomaticnews.tg\/wp-content\/uploads\/2023\/10\/DMP-860x487.jpeg 860w\" sizes=\"auto, (max-width: 960px) 100vw, 960px\" \/><\/figure>\n\n\n\n<p>&nbsp;&nbsp;&nbsp;&nbsp;&nbsp;&nbsp;&nbsp;&nbsp;&nbsp;&nbsp;&nbsp;&nbsp; Dans la d\u00e9claration liminaire, la DMP a rappel\u00e9 que \u00ab&nbsp;la chronologie des faits et leurs diff\u00e9rentes \u00e9tapes marqu\u00e9s par des pressions de tout genre qui ont pr\u00e9c\u00e9d\u00e9 ces violences inou\u00efes, montrent clairement qu\u2019il s\u2019agit d\u2019un coup bien planifi\u00e9 pour certainement r\u00e9gler des comptes \u00e0 l\u2019honorable d\u00e9put\u00e9 s\u00e9n\u00e9galais Guy Maruis Sagna et r\u00e9duire aussi en silence la d\u00e9put\u00e9e togolaise &nbsp;Brigitte Kafui Adjamagbo-Johnson en d\u00e9capitant par la m\u00eame occasion la DMP, dont elle porte l\u2019\u00e9tendard&nbsp;\u00bb. La DMP justifie la pr\u00e9m\u00e9ditation de cette barbarie, par la d\u00e9localisation de la rencontre au si\u00e8ge de la CDPA suite aux man\u0153uvres d\u2019intimidation et de perturbation volontairement orchestr\u00e9es par le pouvoir togolais, dans le but d\u2019emp\u00eacher la tenue de cette r\u00e9union d\u2019\u00e9changes citoyens dans la salle Mgr Cessou de la paroisse Saint Augustin d\u2019Amoutiv\u00e9. La DMP pr\u00e9cise que la r\u00e9union n\u2019a jamais \u00e9t\u00e9 interdite au si\u00e8ge de la CDPA, comme l\u2019affirme la police nationale dans son communiqu\u00e9.<\/p>\n\n\n\n<p>&nbsp;&nbsp;&nbsp;&nbsp;&nbsp;&nbsp;&nbsp;&nbsp;&nbsp;&nbsp;&nbsp; La DMP d\u00e9plore l\u2019inaction des gendarmes au moment o\u00f9 ces nervis infiltr\u00e9s dans les citoyens qui ont le d\u00e9placement du &nbsp;si\u00e8ge de la CDPA&nbsp; lesquels ont exerc\u00e9 une violence inou\u00efe sur les d\u00e9put\u00e9s Guy Sagna, Brigitte Kafui Adjamagbo-Johnson, tous les membres de la conf\u00e9rence des pr\u00e9sidents qui \u00e9taient \u00e0 la table, et sur des journalistes. &nbsp;<\/p>\n\n\n\n<p>Comme bilan du d\u00e9sastre, la DMP cite les vols de t\u00e9l\u00e9phones et des appareils d\u2019enregistrement des journalistes, le saccage d\u2019une centaine de chaises et de l\u2019apatam mont\u00e9 pour l\u2019occasion, la destruction de 3 voitures et plusieurs motos.<\/p>\n\n\n\n<p>&nbsp;&nbsp;&nbsp;&nbsp;&nbsp;&nbsp;&nbsp;&nbsp;&nbsp;&nbsp;&nbsp; La DMP condamne vigoureusement cette l\u00e2che agression qui, soutient-elle, jette du discr\u00e9dit total et la honte sur le Togo.<\/p>\n\n\n\n<p>&nbsp;&nbsp;&nbsp;&nbsp;&nbsp;&nbsp;&nbsp;&nbsp;&nbsp;&nbsp;&nbsp; Au regard de cette barbarie, elle exige une enqu\u00eate ind\u00e9pendante et internationale pour faire la lumi\u00e8re sur ces agressions dont sont victimes les nationaux et un S\u00e9n\u00e9galais.<\/p>\n\n\n\n<p>&nbsp;&nbsp;&nbsp; &nbsp;&nbsp;&nbsp;&nbsp;&nbsp;&nbsp;&nbsp;&nbsp;Tout en compatissant aux douleurs de toutes les victimes, la DMP s\u2019\u00e9tonne du silence des hautes autorit\u00e9s de l\u2019Etat. Pour ce faire, elle exige <strong>la d\u00e9mission du ministre de la s\u00e9curit\u00e9 et de la protection civile, celui de l\u2019Administration Territoriale et du Ministre de la Communication et la d\u00e9mission de la Pr\u00e9sidente du Parlement de la CEDEAO, dont le silence est plus que r\u00e9v\u00e9lateur d\u2019un complot contre le d\u00e9put\u00e9 s\u00e9n\u00e9galais<\/strong>.<\/p>\n\n\n\n<p><\/p>\n\n\n\n<figure class=\"wp-block-image size-full\"><img loading=\"lazy\" loading=\"lazy\" decoding=\"async\" width=\"721\" height=\"1024\" src=\"https:\/\/corpsdiplomaticnews.tg\/wp-content\/uploads\/2024\/09\/IFORDD.jpg\" alt=\"\" class=\"wp-image-8659\" srcset=\"https:\/\/corpsdiplomaticnews.tg\/wp-content\/uploads\/2024\/09\/IFORDD.jpg 721w, https:\/\/corpsdiplomaticnews.tg\/wp-content\/uploads\/2024\/09\/IFORDD-211x300.jpg 211w\" sizes=\"auto, (max-width: 721px) 100vw, 721px\" \/><\/figure>\n\n\n\n<p>&nbsp;&nbsp;&nbsp;&nbsp;&nbsp;&nbsp;&nbsp;&nbsp;&nbsp;&nbsp; Enfin, malgr\u00e9 ces atteintes \u00e0 l\u2019int\u00e9grit\u00e9 physique et morale de ses premiers responsables,&nbsp;\u00ab&nbsp;la DMP reste d\u00e9termin\u00e9e et engag\u00e9e aux c\u00f4t\u00e9s du peuple togolais pour la reconqu\u00eate de sa libert\u00e9 et sa souverainet\u00e9 confisqu\u00e9e et lance un appel \u00e0 l\u2019ensemble de la classe politique et \u00e0 tout le peuple togolais afin qu\u2019ils saisissent l\u2019occasion de l\u2019agression sauvage du 29 septembre 2024, pour construire une nouvelle dynamique capable de lib\u00e9rer le Togo des mains des pr\u00e9dateurs et leurs valets locaux&nbsp;\u00bb, lit-on dans la d\u00e9claration liminaire.<\/p>\n\n\n\n<p><strong>Anges Gbedode<\/strong> <\/p>\n","protected":false},"excerpt":{"rendered":"<p>Au cours d\u2019une conf\u00e9rence le 09 Octobre 2024 au si\u00e8ge de la CDPA, soit dix jours apr\u00e8s la barbarie dont ils ont \u00e9t\u00e9 victimes, les membres de la Dynamique pour la Majorit\u00e9 du Peuple (DMP) ont condamn\u00e9 avec la derni\u00e8re \u00e9nergie, la tentative d\u2019assassinat du d\u00e9put\u00e9 s\u00e9n\u00e9galais de la CEDEAO, des premiers responsables politiques, de [&hellip;]<\/p>\n","protected":false},"author":2,"featured_media":6080,"comment_status":"open","ping_status":"open","sticky":false,"template":"","format":"standard","meta":{"footnotes":""},"categories":[9,124],"tags":[],"class_list":{"0":"post-8744","1":"post","2":"type-post","3":"status-publish","4":"format-standard","5":"has-post-thumbnail","7":"category-azimuts","8":"category-la-une"},"_links":{"self":[{"href":"https:\/\/corpsdiplomaticnews.tg\/index.php\/wp-json\/wp\/v2\/posts\/8744","targetHints":{"allow":["GET"]}}],"collection":[{"href":"https:\/\/corpsdiplomaticnews.tg\/index.php\/wp-json\/wp\/v2\/posts"}],"about":[{"href":"https:\/\/corpsdiplomaticnews.tg\/index.php\/wp-json\/wp\/v2\/types\/post"}],"author":[{"embeddable":true,"href":"https:\/\/corpsdiplomaticnews.tg\/index.php\/wp-json\/wp\/v2\/users\/2"}],"replies":[{"embeddable":true,"href":"https:\/\/corpsdiplomaticnews.tg\/index.php\/wp-json\/wp\/v2\/comments?post=8744"}],"version-history":[{"count":1,"href":"https:\/\/corpsdiplomaticnews.tg\/index.php\/wp-json\/wp\/v2\/posts\/8744\/revisions"}],"predecessor-version":[{"id":8745,"href":"https:\/\/corpsdiplomaticnews.tg\/index.php\/wp-json\/wp\/v2\/posts\/8744\/revisions\/8745"}],"wp:featuredmedia":[{"embeddable":true,"href":"https:\/\/corpsdiplomaticnews.tg\/index.php\/wp-json\/wp\/v2\/media\/6080"}],"wp:attachment":[{"href":"https:\/\/corpsdiplomaticnews.tg\/index.php\/wp-json\/wp\/v2\/media?parent=8744"}],"wp:term":[{"taxonomy":"category","embeddable":true,"href":"https:\/\/corpsdiplomaticnews.tg\/index.php\/wp-json\/wp\/v2\/categories?post=8744"},{"taxonomy":"post_tag","embeddable":true,"href":"https:\/\/corpsdiplomaticnews.tg\/index.php\/wp-json\/wp\/v2\/tags?post=8744"}],"curies":[{"name":"wp","href":"https:\/\/api.w.org\/{rel}","templated":true}]}}