{"id":8737,"date":"2024-10-13T12:53:44","date_gmt":"2024-10-13T12:53:44","guid":{"rendered":"https:\/\/corpsdiplomaticnews.tg\/?p=8737"},"modified":"2024-10-13T13:27:07","modified_gmt":"2024-10-13T13:27:07","slug":"togo-producteurs-et-exportateurs-adoptent-des-plans-de-developpement-des-filieres-du-cafe-et-cacao","status":"publish","type":"post","link":"https:\/\/corpsdiplomaticnews.tg\/index.php\/2024\/10\/13\/togo-producteurs-et-exportateurs-adoptent-des-plans-de-developpement-des-filieres-du-cafe-et-cacao\/","title":{"rendered":"Togo: producteurs et exportateurs adoptent des plans de d\u00e9veloppement des fili\u00e8res du caf\u00e9 et cacao\u00a0"},"content":{"rendered":"\n<p>Les acteurs \u00e9voluant dans les fili\u00e8res du caf\u00e9 et cacao&nbsp;au Togo sont pr\u00eats \u00e0 s\u2019aligner sur les nouvelles r\u00e9glementations de l\u2019Union europ\u00e9enne.&nbsp; En tout cas, c\u2019est ce qui ressort de la rencontre qui s\u2019est tenue, &nbsp;dans la capitale&nbsp; togolaise, du 09 au 11 octobre 2024, entre une centaine d\u2019acteurs venus des institutions nationales et internationales intervenant dans les fili\u00e8res du caf\u00e9 et cacao. Les parties ont \u00e9t\u00e9 appel\u00e9es \u00e0 proc\u00e9der \u00e0 l\u2019analyse et \u00e0 l\u2019adoption de plans de d\u00e9veloppement des fili\u00e8res caf\u00e9 et cacao (PDCC), en les orientant vers le bien commun.<\/p>\n\n\n\n<figure class=\"wp-block-image size-full\"><img loading=\"lazy\" loading=\"lazy\" decoding=\"async\" width=\"900\" height=\"395\" src=\"https:\/\/corpsdiplomaticnews.tg\/wp-content\/uploads\/2024\/10\/ANSELME-GOUTHON.jpg\" alt=\"\" class=\"wp-image-8738\" srcset=\"https:\/\/corpsdiplomaticnews.tg\/wp-content\/uploads\/2024\/10\/ANSELME-GOUTHON.jpg 900w, https:\/\/corpsdiplomaticnews.tg\/wp-content\/uploads\/2024\/10\/ANSELME-GOUTHON-300x132.jpg 300w, https:\/\/corpsdiplomaticnews.tg\/wp-content\/uploads\/2024\/10\/ANSELME-GOUTHON-768x337.jpg 768w, https:\/\/corpsdiplomaticnews.tg\/wp-content\/uploads\/2024\/10\/ANSELME-GOUTHON-860x377.jpg 860w\" sizes=\"auto, (max-width: 900px) 100vw, 900px\" \/><\/figure>\n\n\n\n<p>Mme Kayi MIVEDOR-SAMBIANI, ministre du commerce, de l\u2019artisanat et la consommation locale, qui a donn\u00e9 le ton lors de la c\u00e9r\u00e9monie\u00a0 d\u2019ouverture, a, dans son intervention, exprim\u00e9 sa gratitude \u00e0 tous ceux qui ont contribu\u00e9 \u00e0 l\u2019\u00e9laboration de ces plans de d\u00e9veloppement et pr\u00e9cis\u00e9 la n\u00e9cessit\u00e9 et l\u2019int\u00e9r\u00eat des pays producteurs de caf\u00e9 et cacao \u00e0 s\u2019aligner sur les nouvelles r\u00e8glementations de l\u2019Union europ\u00e9enne. Elle a \u00e9galement invit\u00e9 les participants \u00e0 donner le meilleur d\u2019eux-m\u00eames pour apporter les meilleures am\u00e9liorations aux documents. Elle ne saurait terminer \u00a0ses propos sans exprimer, au nom du gouvernement togolais, ses remerciements au Comit\u00e9 de coordination pour les fili\u00e8res caf\u00e9 et cacao (CCFCC) et \u00e0 tous les acteurs. <\/p>\n\n\n\n<figure class=\"wp-block-image size-full\"><img loading=\"lazy\" loading=\"lazy\" decoding=\"async\" width=\"600\" height=\"360\" src=\"https:\/\/corpsdiplomaticnews.tg\/wp-content\/uploads\/2024\/10\/ENSELME-G.jpg\" alt=\"\" class=\"wp-image-8741\" srcset=\"https:\/\/corpsdiplomaticnews.tg\/wp-content\/uploads\/2024\/10\/ENSELME-G.jpg 600w, https:\/\/corpsdiplomaticnews.tg\/wp-content\/uploads\/2024\/10\/ENSELME-G-300x180.jpg 300w\" sizes=\"auto, (max-width: 600px) 100vw, 600px\" \/><\/figure>\n\n\n\n<p>Auparavant, Enselme GOUTHON, Secr\u00e9taire g\u00e9n\u00e9ral du CCFCC (<strong>en photo<\/strong>), avait exprim\u00e9 \u00a0l\u2019importance de ces plans de d\u00e9veloppement et le besoin de les soutenir, tout en remerciant tous les acteurs impliqu\u00e9s.<\/p>\n\n\n\n<p>C\u2019est par l\u2019exercice des expos\u00e9s-d\u00e9bats avec des th\u00e8mes bien d\u00e9finis, des travaux en groupes que les participants sont parvenus \u00e0 l\u2019adoption de ces documents. Les \u00e9changes ont port\u00e9, entre autres, sur les mesures d\u2019accompagnement propos\u00e9es par l\u2019UE en vue d\u2019encourager l\u2019intensification des cultures de caf\u00e9 et de cacao &nbsp;et l\u2019existence ou non d\u2019une norme propre au Togo pour faciliter l\u2019acc\u00e8s aux march\u00e9s. La possibilit\u00e9 d\u2019actualiser la base de donn\u00e9es des producteurs en cas de d\u00e9c\u00e8s, d\u2019accompagner les acteurs pour la mise en place d\u2019un syst\u00e8me de tra\u00e7abilit\u00e9&nbsp;etc\u2026 ont \u00e9t\u00e9 \u00e9galement pris en compte dans les d\u00e9bats et des recommandations relatives \u00e0 la mise en place d\u2019un plan de financement pour la mise en \u0153uvre des PDCC &nbsp;formul\u00e9es.<\/p>\n\n\n\n<p>A l\u2019issue des travaux, Enselme Gouthon, a invit\u00e9 les acteurs \u00e0 associer les chefs traditionnels lors des phases de production du caf\u00e9 et du cacao. Selon Monsieur GOUTHON, ces chefs traditionnels qu\u2019ils avaient commis l\u2019erreur de laisser de c\u00f4t\u00e9, vont aider \u00e0 booster le secteur, car ils sont les gardiens des us et coutumes. \u00a0Il a, ensuite, exprim\u00e9 sa gratitude aux producteurs, acheteurs et surtout aux transformateurs qui font feu de tout bois pour susciter un int\u00e9r\u00eat \u00e0 la production.<\/p>\n\n\n\n<p>Les plans de d\u00e9veloppement des fili\u00e8res caf\u00e9 et cacao ont \u00e9t\u00e9 r\u00e9dig\u00e9s par le Comit\u00e9 de coordination pour les fili\u00e8res caf\u00e9 et cacao en \u00e9troite collaboration avec le minist\u00e8re du commerce, de l\u2019artisanat et la consommation locale et celui de l\u2019Agriculture. Adopt\u00e9 \u00e0 100%, le bureau technique va rendre &nbsp;le document &nbsp;au propre d\u2019ici le 15 octobre 2024. <\/p>\n","protected":false},"excerpt":{"rendered":"<p>Les acteurs \u00e9voluant dans les fili\u00e8res du caf\u00e9 et cacao&nbsp;au Togo sont pr\u00eats \u00e0 s\u2019aligner sur les nouvelles r\u00e9glementations de l\u2019Union europ\u00e9enne.&nbsp; En tout cas, c\u2019est ce qui ressort de la rencontre qui s\u2019est tenue, &nbsp;dans la capitale&nbsp; togolaise, du 09 au 11 octobre 2024, entre une centaine d\u2019acteurs venus des institutions nationales et internationales [&hellip;]<\/p>\n","protected":false},"author":2,"featured_media":8738,"comment_status":"open","ping_status":"open","sticky":false,"template":"","format":"standard","meta":{"footnotes":""},"categories":[9,124],"tags":[],"class_list":{"0":"post-8737","1":"post","2":"type-post","3":"status-publish","4":"format-standard","5":"has-post-thumbnail","7":"category-azimuts","8":"category-la-une"},"_links":{"self":[{"href":"https:\/\/corpsdiplomaticnews.tg\/index.php\/wp-json\/wp\/v2\/posts\/8737","targetHints":{"allow":["GET"]}}],"collection":[{"href":"https:\/\/corpsdiplomaticnews.tg\/index.php\/wp-json\/wp\/v2\/posts"}],"about":[{"href":"https:\/\/corpsdiplomaticnews.tg\/index.php\/wp-json\/wp\/v2\/types\/post"}],"author":[{"embeddable":true,"href":"https:\/\/corpsdiplomaticnews.tg\/index.php\/wp-json\/wp\/v2\/users\/2"}],"replies":[{"embeddable":true,"href":"https:\/\/corpsdiplomaticnews.tg\/index.php\/wp-json\/wp\/v2\/comments?post=8737"}],"version-history":[{"count":2,"href":"https:\/\/corpsdiplomaticnews.tg\/index.php\/wp-json\/wp\/v2\/posts\/8737\/revisions"}],"predecessor-version":[{"id":8742,"href":"https:\/\/corpsdiplomaticnews.tg\/index.php\/wp-json\/wp\/v2\/posts\/8737\/revisions\/8742"}],"wp:featuredmedia":[{"embeddable":true,"href":"https:\/\/corpsdiplomaticnews.tg\/index.php\/wp-json\/wp\/v2\/media\/8738"}],"wp:attachment":[{"href":"https:\/\/corpsdiplomaticnews.tg\/index.php\/wp-json\/wp\/v2\/media?parent=8737"}],"wp:term":[{"taxonomy":"category","embeddable":true,"href":"https:\/\/corpsdiplomaticnews.tg\/index.php\/wp-json\/wp\/v2\/categories?post=8737"},{"taxonomy":"post_tag","embeddable":true,"href":"https:\/\/corpsdiplomaticnews.tg\/index.php\/wp-json\/wp\/v2\/tags?post=8737"}],"curies":[{"name":"wp","href":"https:\/\/api.w.org\/{rel}","templated":true}]}}