{"id":8730,"date":"2024-10-12T21:24:32","date_gmt":"2024-10-12T21:24:32","guid":{"rendered":"https:\/\/corpsdiplomaticnews.tg\/?p=8730"},"modified":"2024-10-12T21:34:08","modified_gmt":"2024-10-12T21:34:08","slug":"jubile-une-caravane-annonce-larrivee-imminente-dadebayor-dans-la-ville-aux-7-collines","status":"publish","type":"post","link":"https:\/\/corpsdiplomaticnews.tg\/index.php\/2024\/10\/12\/jubile-une-caravane-annonce-larrivee-imminente-dadebayor-dans-la-ville-aux-7-collines\/","title":{"rendered":"Jubil\u00e9: une caravane annonce l\u2019arriv\u00e9e imminente d\u2019Ad\u00e9bayor \u00a0dans la ville aux 7 collines"},"content":{"rendered":"\n<p>A la\u00a0 veille du d\u00e9marrage du tournoi\u00a0 de football f\u00e9minin qu\u2019organise la Fondation Sh\u00e9yi Emmanuel ADEBAYOR dans le cadre du jubil\u00e9\u00a0\u00a0 de fin \u00a0de carri\u00e8re du footballeur International \u00a0togolais, une caravane a sillonn\u00e9 ce samedi 12\u00a0 octobre plusieurs art\u00e8res de la ville d\u2019Atakpam\u00e9.<\/p>\n\n\n\n<figure class=\"wp-block-image size-full\"><img loading=\"lazy\" loading=\"lazy\" decoding=\"async\" width=\"1024\" height=\"461\" src=\"https:\/\/corpsdiplomaticnews.tg\/wp-content\/uploads\/2024\/10\/CAAA.jpg\" alt=\"\" class=\"wp-image-8731\" srcset=\"https:\/\/corpsdiplomaticnews.tg\/wp-content\/uploads\/2024\/10\/CAAA.jpg 1024w, https:\/\/corpsdiplomaticnews.tg\/wp-content\/uploads\/2024\/10\/CAAA-300x135.jpg 300w, https:\/\/corpsdiplomaticnews.tg\/wp-content\/uploads\/2024\/10\/CAAA-768x346.jpg 768w, https:\/\/corpsdiplomaticnews.tg\/wp-content\/uploads\/2024\/10\/CAAA-860x387.jpg 860w\" sizes=\"auto, (max-width: 1024px) 100vw, 1024px\" \/><\/figure>\n\n\n\n<p>Le &nbsp;cort\u00e8ge est partie du stade municipal de la&nbsp; ville &nbsp;et &nbsp;a sillonn\u00e9 plusieurs quartiers \u00e0 coups d\u2019animations musicales. L\u2019objectif de cette caravane \u00e9tait de mobiliser les habitants d\u2019Atakpam\u00e9 autour de cet \u00e9v\u00e9nement sportif majeur et de susciter l\u2019enthousiasme en annon\u00e7ant le tournoi. Aux&nbsp; sons &nbsp;des klaxons de motos et de la musique rappelant les exploits de l\u2019international Sheyi Ad\u00e9bayor, la caravane a sillonn\u00e9 les principales art\u00e8res de la ville, marquant des arr\u00eats strat\u00e9giques pour distribuer des flyers et inviter la population \u00e0 effectuer massivement le d\u00e9placement du stade municipal d\u2019Atakpam\u00e9 pour vivre un moment inoubliable aux c\u00f4t\u00e9s du monument national et international \u00ab&nbsp;Sheyi Ad\u00e9bayor&nbsp;\u00bb. <\/p>\n\n\n\n<figure class=\"wp-block-image size-full\"><img loading=\"lazy\" loading=\"lazy\" decoding=\"async\" width=\"1024\" height=\"461\" src=\"https:\/\/corpsdiplomaticnews.tg\/wp-content\/uploads\/2024\/10\/YYE.jpg\" alt=\"\" class=\"wp-image-8732\" srcset=\"https:\/\/corpsdiplomaticnews.tg\/wp-content\/uploads\/2024\/10\/YYE.jpg 1024w, https:\/\/corpsdiplomaticnews.tg\/wp-content\/uploads\/2024\/10\/YYE-300x135.jpg 300w, https:\/\/corpsdiplomaticnews.tg\/wp-content\/uploads\/2024\/10\/YYE-768x346.jpg 768w, https:\/\/corpsdiplomaticnews.tg\/wp-content\/uploads\/2024\/10\/YYE-860x387.jpg 860w\" sizes=\"auto, (max-width: 1024px) 100vw, 1024px\" \/><\/figure>\n\n\n\n<p>Cet \u00e9v\u00e9nement, qui se veut un hommage \u00e0 la carri\u00e8re internationale de Sheyi Emmanuel Adebayor, met en avant la promotion du football f\u00e9minin, un aspect souvent moins m\u00e9diatis\u00e9 dans le sport au Togo. La caravane a donc mis en lumi\u00e8re l\u2019engagement de l\u2019international togolais pour l\u2019inclusion et l\u2019\u00e9mancipation des femmes \u00e0 travers le sport, notamment en encourageant les jeunes filles \u00e0 s\u2019investir davantage dans cette discipline.<\/p>\n\n\n\n<p>Les participants \u00e0 la caravane \u00e9taient enthousiastes, soulignant l\u2019importance d\u2019une telle initiative pour la ville d\u2019Atakpam\u00e9. \u00ab C\u2019est une excellente occasion pour nous, habitants de la ville, de soutenir nos filles dans le domaine sportif et de c\u00e9l\u00e9brer Adebayor, qui a port\u00e9 haut les couleurs du Togo \u00bb, a d\u00e9clar\u00e9 un habitant du quartier Aboukpa \u00e0 nos confr\u00e8res de Plateaux Actu.<\/p>\n\n\n\n<p>Le comit\u00e9 d\u2019organisation de l\u2019\u00e9v\u00e9nement, rassure sur les dispositions prises pour faire de cette rencontre une r\u00e9ussite.<\/p>\n\n\n\n<p>Plusieurs \u00e9quipes f\u00e9minines de la r\u00e9gion et d\u2019ailleurs seront de la partie en pr\u00e9sence de la star du football togolais, Sh\u00e9yi Emmanuel Ad\u00e9bayor et d\u2019autres personnalit\u00e9s du monde du sportif&nbsp;et diplomatique. <\/p>\n\n\n\n<figure class=\"wp-block-image size-full\"><img loading=\"lazy\" loading=\"lazy\" decoding=\"async\" width=\"1024\" height=\"768\" src=\"https:\/\/corpsdiplomaticnews.tg\/wp-content\/uploads\/2024\/10\/Y2.webp\" alt=\"\" class=\"wp-image-8733\" srcset=\"https:\/\/corpsdiplomaticnews.tg\/wp-content\/uploads\/2024\/10\/Y2.webp 1024w, https:\/\/corpsdiplomaticnews.tg\/wp-content\/uploads\/2024\/10\/Y2-300x225.webp 300w, https:\/\/corpsdiplomaticnews.tg\/wp-content\/uploads\/2024\/10\/Y2-768x576.webp 768w, https:\/\/corpsdiplomaticnews.tg\/wp-content\/uploads\/2024\/10\/Y2-860x645.webp 860w\" sizes=\"auto, (max-width: 1024px) 100vw, 1024px\" \/><\/figure>\n\n\n\n<p>Le rendez-vous donc pris pour ce&nbsp; dimanche 13 octobre 2024&nbsp; aux environs  de 09 &nbsp;heures au stade municipal d\u2019Atakpam\u00e9 pour suivre cet \u00e9v\u00e8nement.<\/p>\n\n\n\n<p>L\u2019entr\u00e9e est libre et gratuite a inform\u00e9 le comit\u00e9 d\u2019organisation. La population du grand Ogou est convi\u00e9e \u00e0 cet&nbsp; \u00e9v\u00e9nement.<\/p>\n\n\n\n<p>.<\/p>\n","protected":false},"excerpt":{"rendered":"<p>A la\u00a0 veille du d\u00e9marrage du tournoi\u00a0 de football f\u00e9minin qu\u2019organise la Fondation Sh\u00e9yi Emmanuel ADEBAYOR dans le cadre du jubil\u00e9\u00a0\u00a0 de fin \u00a0de carri\u00e8re du footballeur International \u00a0togolais, une caravane a sillonn\u00e9 ce samedi 12\u00a0 octobre plusieurs art\u00e8res de la ville d\u2019Atakpam\u00e9. Le &nbsp;cort\u00e8ge est partie du stade municipal de la&nbsp; ville &nbsp;et &nbsp;a [&hellip;]<\/p>\n","protected":false},"author":2,"featured_media":8731,"comment_status":"open","ping_status":"open","sticky":false,"template":"","format":"standard","meta":{"footnotes":""},"categories":[9,124],"tags":[],"class_list":{"0":"post-8730","1":"post","2":"type-post","3":"status-publish","4":"format-standard","5":"has-post-thumbnail","7":"category-azimuts","8":"category-la-une"},"_links":{"self":[{"href":"https:\/\/corpsdiplomaticnews.tg\/index.php\/wp-json\/wp\/v2\/posts\/8730","targetHints":{"allow":["GET"]}}],"collection":[{"href":"https:\/\/corpsdiplomaticnews.tg\/index.php\/wp-json\/wp\/v2\/posts"}],"about":[{"href":"https:\/\/corpsdiplomaticnews.tg\/index.php\/wp-json\/wp\/v2\/types\/post"}],"author":[{"embeddable":true,"href":"https:\/\/corpsdiplomaticnews.tg\/index.php\/wp-json\/wp\/v2\/users\/2"}],"replies":[{"embeddable":true,"href":"https:\/\/corpsdiplomaticnews.tg\/index.php\/wp-json\/wp\/v2\/comments?post=8730"}],"version-history":[{"count":2,"href":"https:\/\/corpsdiplomaticnews.tg\/index.php\/wp-json\/wp\/v2\/posts\/8730\/revisions"}],"predecessor-version":[{"id":8735,"href":"https:\/\/corpsdiplomaticnews.tg\/index.php\/wp-json\/wp\/v2\/posts\/8730\/revisions\/8735"}],"wp:featuredmedia":[{"embeddable":true,"href":"https:\/\/corpsdiplomaticnews.tg\/index.php\/wp-json\/wp\/v2\/media\/8731"}],"wp:attachment":[{"href":"https:\/\/corpsdiplomaticnews.tg\/index.php\/wp-json\/wp\/v2\/media?parent=8730"}],"wp:term":[{"taxonomy":"category","embeddable":true,"href":"https:\/\/corpsdiplomaticnews.tg\/index.php\/wp-json\/wp\/v2\/categories?post=8730"},{"taxonomy":"post_tag","embeddable":true,"href":"https:\/\/corpsdiplomaticnews.tg\/index.php\/wp-json\/wp\/v2\/tags?post=8730"}],"curies":[{"name":"wp","href":"https:\/\/api.w.org\/{rel}","templated":true}]}}