{"id":8718,"date":"2024-10-11T14:06:36","date_gmt":"2024-10-11T14:06:36","guid":{"rendered":"https:\/\/corpsdiplomaticnews.tg\/?p=8718"},"modified":"2024-10-11T14:47:31","modified_gmt":"2024-10-11T14:47:31","slug":"journee-mondiale-de-lhabitat-2024-le-ministere-de-lurbanisme-met-les-jeunes-au-centre-de-la-celebration","status":"publish","type":"post","link":"https:\/\/corpsdiplomaticnews.tg\/index.php\/2024\/10\/11\/journee-mondiale-de-lhabitat-2024-le-ministere-de-lurbanisme-met-les-jeunes-au-centre-de-la-celebration\/","title":{"rendered":"Journ\u00e9e mondiale de l\u2019habitat 2024: le minist\u00e8re de l\u2019Urbanisme met les jeunes au centre de la c\u00e9l\u00e9bration"},"content":{"rendered":"\n<p>&nbsp;&nbsp;&nbsp;&nbsp;&nbsp;&nbsp;&nbsp;&nbsp;&nbsp;&nbsp;&nbsp; Plac\u00e9e sous le th\u00e8me:&nbsp;\u00ab&nbsp;Engager les jeunes pour un avenir urbain meilleur&nbsp;\u00bb, la 39eme Journ\u00e9e Mondiale de l\u2019Habitat, est c\u00e9l\u00e9br\u00e9e en cette ann\u00e9e 2024 \u00e0 Lom\u00e9 \u00e0 l\u2019IFAD B\u00e2timent d\u2019 Adidogom\u00e9. Dans le cadre de cette journ\u00e9e, la direction de l\u2019IFAD parrain\u00e9e par le minist\u00e8re de l\u2019urbanisme a organis\u00e9 un atelier \u00e0 l\u2019attention des \u00e9l\u00e8ves de cet institut.<\/p>\n\n\n\n<figure class=\"wp-block-image size-large\"><img loading=\"lazy\" loading=\"lazy\" decoding=\"async\" width=\"1024\" height=\"768\" src=\"https:\/\/corpsdiplomaticnews.tg\/wp-content\/uploads\/2024\/10\/G1-1024x768.jpeg\" alt=\"\" class=\"wp-image-8719\" srcset=\"https:\/\/corpsdiplomaticnews.tg\/wp-content\/uploads\/2024\/10\/G1-1024x768.jpeg 1024w, https:\/\/corpsdiplomaticnews.tg\/wp-content\/uploads\/2024\/10\/G1-300x225.jpeg 300w, https:\/\/corpsdiplomaticnews.tg\/wp-content\/uploads\/2024\/10\/G1-768x576.jpeg 768w, https:\/\/corpsdiplomaticnews.tg\/wp-content\/uploads\/2024\/10\/G1-860x645.jpeg 860w, https:\/\/corpsdiplomaticnews.tg\/wp-content\/uploads\/2024\/10\/G1.jpeg 1080w\" sizes=\"auto, (max-width: 1024px) 100vw, 1024px\" \/><\/figure>\n\n\n\n<p>&nbsp;&nbsp;&nbsp;&nbsp;&nbsp;&nbsp;&nbsp;&nbsp;&nbsp;&nbsp;&nbsp;                               <strong>TABLE D&rsquo;HONNEUR <\/strong><\/p>\n\n\n\n<p>Dans son mot introductif, le ministre de l\u2019urbanisme, par la voix de son Secr\u00e9taire G\u00e9n\u00e9ral, &nbsp;a rappel\u00e9 que cette journ\u00e9e de l\u2019habitat \u00e9tait institu\u00e9e par les Nations-Unies en d\u00e9cembre 1985. Pour elle, Il s\u2019agit d\u2019agir en faveur de l\u2019am\u00e9lioration d\u2019outils, &nbsp;de vie et de droit fondamental de trouver un logement d\u00e9cent. Cette \u00e9dition dont le th\u00e8me s\u2019intitule&nbsp;: \u00ab&nbsp;Engager la jeunesse pour cr\u00e9er un avenir urbain meilleur&nbsp;\u00bb, dit-il, <em>nous interpelle tous, parce qu\u2019elle place la jeunesse au centre de la r\u00e9flexion en mettant l\u2019accent sur la participation des jeunes au &nbsp;d\u00e9veloppement actif des villes et des communaut\u00e9s rurales. Il poursuit en d\u00e9clarant que le gouvernement togolais a d\u00e9j\u00e0 annonc\u00e9 des actions concr\u00e8tes. <\/em>Pour preuve<em>, <\/em>le ministre indique que<em> l\u2019organisation institutionnelle pour renforcer les formations professionnelles des jeunes s\u2019inscrit dans la volont\u00e9 politique du gouvernement, de cr\u00e9er des lyc\u00e9es techniques et des instituts de formation en alternance qui offrent des formations pratiques en m\u00e9tiers du b\u00e2timent permettant aux jeunes d\u2019acqu\u00e9rir des comp\u00e9tences directement applicables des projets de construction et d\u2019urbanisme. L\u2019IFAD Adidogom\u00e9 en est une illustration. \u00ab&nbsp;Cette volont\u00e9 du gouvernement&nbsp;\u00bb,<\/em> ajoute le ministre,<em> \u00ab&nbsp;est &nbsp;de b\u00e2tir les villes en valorisant des mat\u00e9riaux locaux de construction des jeunes entrepreneurs&nbsp; qui se sont engag\u00e9s dans des projets de construction de logements \u00e9cologiques&nbsp; en utilisant des mat\u00e9riaux locaux comme la terre cuite et des briques stabilis\u00e9es pour r\u00e9duire l\u2019impact environnemental&nbsp;\u00bb.. \u00ab&nbsp;Dans cette perspective&nbsp;\u00bb, le gouvernement, <\/em>ajoute la ministre,<em> a d\u00e9marr\u00e9 la construction de 20.000 logements qui s\u2019inscrit dans sa feuille de route&nbsp;\u00bb, \u00ab&nbsp;un projet&nbsp;\u00bb, <\/em>d\u00e9clare la ministre<em>, est en cours de r\u00e9alisation&nbsp;\u00bb. <\/em>\u00ab&nbsp;<em>Renforcer l\u2019inclusion sociale, trouver des comp\u00e9tences et des formations adapt\u00e9es aux besoins des villes&nbsp;\u00bb,<\/em> tels sont, enfin, quelques axes du gouvernement qui remercie l\u2019engagement des jeunes \u00e0 cr\u00e9er un avenir urbain meilleur.<\/p>\n\n\n\n<figure class=\"wp-block-image size-full\"><img loading=\"lazy\" loading=\"lazy\" decoding=\"async\" width=\"696\" height=\"413\" src=\"https:\/\/corpsdiplomaticnews.tg\/wp-content\/uploads\/2024\/10\/OO2.webp\" alt=\"\" class=\"wp-image-8723\" srcset=\"https:\/\/corpsdiplomaticnews.tg\/wp-content\/uploads\/2024\/10\/OO2.webp 696w, https:\/\/corpsdiplomaticnews.tg\/wp-content\/uploads\/2024\/10\/OO2-300x178.webp 300w\" sizes=\"auto, (max-width: 696px) 100vw, 696px\" \/><\/figure>\n\n\n\n<p>\u00a0\u00a0\u00a0\u00a0\u00a0\u00a0\u00a0\u00a0\u00a0\u00a0\u00a0<strong> Des  \u00e9tudiants de l&rsquo;IFAD  impliqu\u00e9s \u00e0 la c\u00e9l\u00e9bration de la journ\u00e9e <\/strong><\/p>\n\n\n\n<p>Pour sa part, le directeur de l\u2019IFAD, M. Farrah, affirme que cette journ\u00e9e &nbsp;marqu\u00e9e par les manifestations, les \u00e9changes avec les jeunes, &nbsp;est organis\u00e9e, dans le cadre de la journ\u00e9e mondiale de l\u2019habitat par le minist\u00e8re de l\u2019urbanisme, pour \u00e9changer et informer les populations. Cette activit\u00e9 va \u00e9voluer en trois phases&nbsp;: d\u2019abord &nbsp;informer, ensuite, sensibiliser et enfin effectuer la visite de trois communes de Lom\u00e9 pour que la journ\u00e9e impacte Lom\u00e9. Le plus important est de trouver une place qui va marquer les jeunes et il fallait trouver un milieu estudiantin, celui d\u2019universit\u00e9 ou d\u2019une \u00e9cole. Mais la pr\u00e9f\u00e9rence c\u2019est l\u2019IFAD B\u00e2timent qui est choisi par les autorit\u00e9s, parce qu\u2019il y a des jeunes qui apprennent dans le B\u00e2timent pour avoir leur certification. <\/p>\n\n\n\n<figure class=\"wp-block-image size-large\"><img loading=\"lazy\" loading=\"lazy\" decoding=\"async\" width=\"1024\" height=\"768\" src=\"https:\/\/corpsdiplomaticnews.tg\/wp-content\/uploads\/2024\/10\/G3-1024x768.jpeg\" alt=\"\" class=\"wp-image-8721\" srcset=\"https:\/\/corpsdiplomaticnews.tg\/wp-content\/uploads\/2024\/10\/G3-1024x768.jpeg 1024w, https:\/\/corpsdiplomaticnews.tg\/wp-content\/uploads\/2024\/10\/G3-300x225.jpeg 300w, https:\/\/corpsdiplomaticnews.tg\/wp-content\/uploads\/2024\/10\/G3-768x576.jpeg 768w, https:\/\/corpsdiplomaticnews.tg\/wp-content\/uploads\/2024\/10\/G3-860x645.jpeg 860w, https:\/\/corpsdiplomaticnews.tg\/wp-content\/uploads\/2024\/10\/G3.jpeg 1080w\" sizes=\"auto, (max-width: 1024px) 100vw, 1024px\" \/><\/figure>\n\n\n\n<p>&nbsp;&nbsp;&nbsp;&nbsp;&nbsp;&nbsp;&nbsp;&nbsp;&nbsp;&nbsp;&nbsp; Il sied de rappeler qu\u2019au cours de cet atelier, les jeunes ont \u00e9chang\u00e9 sur deux sous-th\u00e8mes \u00e0 savoir&nbsp;: <strong>\u00ab&nbsp;Participation de la jeunesse dans la planification urbaine&nbsp;\u00bb et \u00ab&nbsp;Emploi et entrepreneuriat urbain pour les jeunes&nbsp;<\/strong>\u00bb. Aussi, au cours de la sensibilisation dans les trois communes, les populations seront \u00e9difi\u00e9es sur la d\u00e9finition, l\u2019importance, le d\u00e9lai d\u2019obtention qui est court (d\u00e9lai de quinze jours) et les avantages d\u2019avoir un permis de construire qui est un acte d\u00e9livr\u00e9 par la pr\u00e9fecture&nbsp; ou la mairie.<\/p>\n\n\n\n<p>D\u2019autres activit\u00e9s sont au menu de&nbsp;cette c\u00e9l\u00e9bration.<\/p>\n\n\n\n<p><strong>Gbedode ADJANOR<\/strong><\/p>\n","protected":false},"excerpt":{"rendered":"<p>&nbsp;&nbsp;&nbsp;&nbsp;&nbsp;&nbsp;&nbsp;&nbsp;&nbsp;&nbsp;&nbsp; Plac\u00e9e sous le th\u00e8me:&nbsp;\u00ab&nbsp;Engager les jeunes pour un avenir urbain meilleur&nbsp;\u00bb, la 39eme Journ\u00e9e Mondiale de l\u2019Habitat, est c\u00e9l\u00e9br\u00e9e en cette ann\u00e9e 2024 \u00e0 Lom\u00e9 \u00e0 l\u2019IFAD B\u00e2timent d\u2019 Adidogom\u00e9. Dans le cadre de cette journ\u00e9e, la direction de l\u2019IFAD parrain\u00e9e par le minist\u00e8re de l\u2019urbanisme a organis\u00e9 un atelier \u00e0 l\u2019attention des \u00e9l\u00e8ves [&hellip;]<\/p>\n","protected":false},"author":2,"featured_media":8723,"comment_status":"open","ping_status":"open","sticky":false,"template":"","format":"standard","meta":{"footnotes":""},"categories":[9,124],"tags":[],"class_list":{"0":"post-8718","1":"post","2":"type-post","3":"status-publish","4":"format-standard","5":"has-post-thumbnail","7":"category-azimuts","8":"category-la-une"},"_links":{"self":[{"href":"https:\/\/corpsdiplomaticnews.tg\/index.php\/wp-json\/wp\/v2\/posts\/8718","targetHints":{"allow":["GET"]}}],"collection":[{"href":"https:\/\/corpsdiplomaticnews.tg\/index.php\/wp-json\/wp\/v2\/posts"}],"about":[{"href":"https:\/\/corpsdiplomaticnews.tg\/index.php\/wp-json\/wp\/v2\/types\/post"}],"author":[{"embeddable":true,"href":"https:\/\/corpsdiplomaticnews.tg\/index.php\/wp-json\/wp\/v2\/users\/2"}],"replies":[{"embeddable":true,"href":"https:\/\/corpsdiplomaticnews.tg\/index.php\/wp-json\/wp\/v2\/comments?post=8718"}],"version-history":[{"count":3,"href":"https:\/\/corpsdiplomaticnews.tg\/index.php\/wp-json\/wp\/v2\/posts\/8718\/revisions"}],"predecessor-version":[{"id":8726,"href":"https:\/\/corpsdiplomaticnews.tg\/index.php\/wp-json\/wp\/v2\/posts\/8718\/revisions\/8726"}],"wp:featuredmedia":[{"embeddable":true,"href":"https:\/\/corpsdiplomaticnews.tg\/index.php\/wp-json\/wp\/v2\/media\/8723"}],"wp:attachment":[{"href":"https:\/\/corpsdiplomaticnews.tg\/index.php\/wp-json\/wp\/v2\/media?parent=8718"}],"wp:term":[{"taxonomy":"category","embeddable":true,"href":"https:\/\/corpsdiplomaticnews.tg\/index.php\/wp-json\/wp\/v2\/categories?post=8718"},{"taxonomy":"post_tag","embeddable":true,"href":"https:\/\/corpsdiplomaticnews.tg\/index.php\/wp-json\/wp\/v2\/tags?post=8718"}],"curies":[{"name":"wp","href":"https:\/\/api.w.org\/{rel}","templated":true}]}}