{"id":8073,"date":"2024-07-16T23:58:32","date_gmt":"2024-07-16T23:58:32","guid":{"rendered":"https:\/\/corpsdiplomaticnews.tg\/?p=8073"},"modified":"2024-07-18T16:00:04","modified_gmt":"2024-07-18T16:00:04","slug":"14-juillet-justin-favereau-a-donne-un-cachet-special-a-la-fete-a-lambassade-de-france-a-lome","status":"publish","type":"post","link":"https:\/\/corpsdiplomaticnews.tg\/index.php\/2024\/07\/16\/14-juillet-justin-favereau-a-donne-un-cachet-special-a-la-fete-a-lambassade-de-france-a-lome\/","title":{"rendered":"14 juillet: Augustin Favereau a donn\u00e9 un cachet sp\u00e9cial \u00e0 la f\u00eate \u00e0 l&rsquo;ambassade de France au Togo"},"content":{"rendered":"\n<figure class=\"wp-block-image size-large\"><img loading=\"lazy\" loading=\"lazy\" decoding=\"async\" width=\"1024\" height=\"680\" src=\"https:\/\/corpsdiplomaticnews.tg\/wp-content\/uploads\/2024\/07\/F2-1024x680.jpg\" alt=\"\" class=\"wp-image-8075\" srcset=\"https:\/\/corpsdiplomaticnews.tg\/wp-content\/uploads\/2024\/07\/F2-1024x680.jpg 1024w, https:\/\/corpsdiplomaticnews.tg\/wp-content\/uploads\/2024\/07\/F2-300x199.jpg 300w, https:\/\/corpsdiplomaticnews.tg\/wp-content\/uploads\/2024\/07\/F2-768x510.jpg 768w, https:\/\/corpsdiplomaticnews.tg\/wp-content\/uploads\/2024\/07\/F2-330x220.jpg 330w, https:\/\/corpsdiplomaticnews.tg\/wp-content\/uploads\/2024\/07\/F2-420x280.jpg 420w, https:\/\/corpsdiplomaticnews.tg\/wp-content\/uploads\/2024\/07\/F2-860x571.jpg 860w, https:\/\/corpsdiplomaticnews.tg\/wp-content\/uploads\/2024\/07\/F2.jpg 1072w\" sizes=\"auto, (max-width: 1024px) 100vw, 1024px\" \/><\/figure>\n\n\n\n<p><strong>Augustin FAVEREAU, Ambassadeur de France au Togo<\/strong><\/p>\n\n\n\n<p>La c\u00e9l\u00e9bration de la f\u00eate nationale de la France n\u2019est pas pass\u00e9e inaper\u00e7ue \u00e0 l\u2019Ambassade de Lom\u00e9.<\/p>\n\n\n\n<p>Ce samedi 13 juillet, les membres du corps diplomatique accr\u00e9dit\u00e9 &nbsp;\u00e0 Lom\u00e9, op\u00e9rateurs \u00e9conomiques, artistes, membres de la communaut\u00e9 fran\u00e7aise et hommes de m\u00e9dias ont \u00e9t\u00e9 convi\u00e9s \u00e0 une r\u00e9ception \u00e0 la r\u00e9sidence de l\u2019Ambassade. Plus de&nbsp; cinq cents personnes ont foul\u00e9 le sol de la r\u00e9sidence o\u00f9 &nbsp;l\u2019Ambassadeur Justin Favereau a d\u00e9livr\u00e9 deux discours, l\u2019un devant ses coll\u00e8gues et les autorit\u00e9s togolaises, et l\u2019autre devant ses compatriotes vivant en terre togolaise.<\/p>\n\n\n\n<p>\u00ab Ce soir, nous c\u00e9l\u00e9brons notre communaut\u00e9, notre amiti\u00e9 et notre partenariat. Je nous souhaite bonne f\u00eate europ\u00e9enne parce que votre serviteur n\u2019est pas seulement l\u2019Ambassadeur de France mais aussi l\u2019Ambassadeur convaincu du projet europ\u00e9en au Togo. &nbsp;Notre action au Togo est europ\u00e9enne. C\u2019est ce que nous avons t\u00e9moign\u00e9 avec l\u2019Ambassadeur de &nbsp;l\u2019Union Europ\u00e9enne, Joaquin Tasso Vilallonga et l\u2019Ambassadeur de la R\u00e9publique F\u00e9d\u00e9rale d\u2019Allemagne, Dr&nbsp; Claudius Fischbach \u00e0 travers le d\u00e9placement que nous avons tous les trois effectu\u00e9 une mission conjointe au nord du Togo il y a de cela un &nbsp;mois. &nbsp;Je voudrais saluer leur pr\u00e9sence, \u00e0 tous les deux et vous souhaiter \u00e0 tous la bienvenue&nbsp;\u00bb, avait d\u00e9clar\u00e9 le diplomate fran\u00e7ais. <\/p>\n\n\n\n<p><\/p>\n\n\n\n<figure class=\"wp-block-image size-large\"><img loading=\"lazy\" loading=\"lazy\" decoding=\"async\" width=\"1024\" height=\"680\" src=\"https:\/\/corpsdiplomaticnews.tg\/wp-content\/uploads\/2024\/07\/F1-1024x680.jpg\" alt=\"\" class=\"wp-image-8078\" srcset=\"https:\/\/corpsdiplomaticnews.tg\/wp-content\/uploads\/2024\/07\/F1-1024x680.jpg 1024w, https:\/\/corpsdiplomaticnews.tg\/wp-content\/uploads\/2024\/07\/F1-300x199.jpg 300w, https:\/\/corpsdiplomaticnews.tg\/wp-content\/uploads\/2024\/07\/F1-768x510.jpg 768w, https:\/\/corpsdiplomaticnews.tg\/wp-content\/uploads\/2024\/07\/F1-330x220.jpg 330w, https:\/\/corpsdiplomaticnews.tg\/wp-content\/uploads\/2024\/07\/F1-420x280.jpg 420w, https:\/\/corpsdiplomaticnews.tg\/wp-content\/uploads\/2024\/07\/F1-860x571.jpg 860w, https:\/\/corpsdiplomaticnews.tg\/wp-content\/uploads\/2024\/07\/F1.jpg 1072w\" sizes=\"auto, (max-width: 1024px) 100vw, 1024px\" \/><\/figure>\n\n\n\n<p>Par ailleurs, Monsieur FAVEREAU s\u2019est \u00e9galement prononc\u00e9 sur la strat\u00e9gie de coop\u00e9ration que m\u00e8nent d\u00e9sormais les pays de l\u2019Union europ\u00e9enne avec le Togo\u00a0: \u00ab\u00a0Nous avons fait le choix politique et \u00a0strat\u00e9gique de mettre en commun en Europ\u00e9ens, nos moyens de coop\u00e9ration et d\u2019investissements durables et solidaires. Nous avons la programmation conjointe europ\u00e9enne dans les domaines de l\u2019agriculture, de l\u2019\u00e9nergie, du soutien aux collectivit\u00e9s locales et \u00e0 la d\u00e9centralisation.<\/p>\n\n\n\n<p>Devant la communaut\u00e9 fran\u00e7aise,&nbsp; le diplomate a salu\u00e9 &nbsp;le dynamisme de la jeunesse notamment France Volontaires \u00e0 travers les actions qu\u2019ils m\u00e8nent dans le domaine de la coop\u00e9ration et partenariat \u00e9conomique. Il a t\u00e9moign\u00e9 sa gratitude aux entreprises fran\u00e7aises qui op\u00e8rent au Togo.<\/p>\n\n\n\n<p>Il a mis l\u2019accent sur quatre axes  de coop\u00e9ration \u00e0 savoir le sport noyamment  les jeux paralympiques en cours, la sant\u00e9 \u00e0 travers le centre m\u00e9dico-social pour les communaut\u00e9s fran\u00e7aises, la s\u00e9curit\u00e9 et enfin l\u2019\u00e9ducation \u00e0 travers le Lyc\u00e9e fran\u00e7ais de Lom\u00e9 et Cours Lumi\u00e8re. <\/p>\n\n\n\n<figure class=\"wp-block-image size-large\"><img loading=\"lazy\" loading=\"lazy\" decoding=\"async\" width=\"1024\" height=\"680\" src=\"https:\/\/corpsdiplomaticnews.tg\/wp-content\/uploads\/2024\/07\/AS-00-1024x680.jpg\" alt=\"\" class=\"wp-image-8127\" srcset=\"https:\/\/corpsdiplomaticnews.tg\/wp-content\/uploads\/2024\/07\/AS-00-1024x680.jpg 1024w, https:\/\/corpsdiplomaticnews.tg\/wp-content\/uploads\/2024\/07\/AS-00-300x199.jpg 300w, https:\/\/corpsdiplomaticnews.tg\/wp-content\/uploads\/2024\/07\/AS-00-768x510.jpg 768w, https:\/\/corpsdiplomaticnews.tg\/wp-content\/uploads\/2024\/07\/AS-00-330x220.jpg 330w, https:\/\/corpsdiplomaticnews.tg\/wp-content\/uploads\/2024\/07\/AS-00-420x280.jpg 420w, https:\/\/corpsdiplomaticnews.tg\/wp-content\/uploads\/2024\/07\/AS-00-860x571.jpg 860w, https:\/\/corpsdiplomaticnews.tg\/wp-content\/uploads\/2024\/07\/AS-00.jpg 1072w\" sizes=\"auto, (max-width: 1024px) 100vw, 1024px\" \/><\/figure>\n\n\n\n<p><strong>Sur la photo, le Charg\u00e9 d&rsquo;Affaires du Gabon \u00e0 gauche, le Premier Conseiller \u00e0 l&rsquo;Ambassade de France et le Charg\u00e9 d&rsquo;Affaires du Maroc \u00e0 droite<\/strong><\/p>\n\n\n\n<p>Le diplomate a enfin&nbsp; salu\u00e9 la mobilisation incroyable des sponsors et partenaires pour la r\u00e9ussite de cette f\u00eate nationale de la France. <\/p>\n\n\n\n<p>Notons que le gouvernement togolais \u00e9tait repr\u00e9sent\u00e9 \u00e0 cette c\u00e9l\u00e9bration par le Ministre Gilbert BAWARA qui \u00e9tait accompagn\u00e9 de ses coll\u00e8gues de la communication et des m\u00e9dias, Florence KOUIGAN, et du d\u00e9veloppement \u00e0 la base, Myriam DOSSOU. <\/p>\n\n\n\n<figure class=\"wp-block-image size-large\"><img loading=\"lazy\" loading=\"lazy\" decoding=\"async\" width=\"1024\" height=\"680\" src=\"https:\/\/corpsdiplomaticnews.tg\/wp-content\/uploads\/2024\/07\/AS-1024x680.jpg\" alt=\"\" class=\"wp-image-8126\" srcset=\"https:\/\/corpsdiplomaticnews.tg\/wp-content\/uploads\/2024\/07\/AS-1024x680.jpg 1024w, https:\/\/corpsdiplomaticnews.tg\/wp-content\/uploads\/2024\/07\/AS-300x199.jpg 300w, https:\/\/corpsdiplomaticnews.tg\/wp-content\/uploads\/2024\/07\/AS-768x510.jpg 768w, https:\/\/corpsdiplomaticnews.tg\/wp-content\/uploads\/2024\/07\/AS-330x220.jpg 330w, https:\/\/corpsdiplomaticnews.tg\/wp-content\/uploads\/2024\/07\/AS-420x280.jpg 420w, https:\/\/corpsdiplomaticnews.tg\/wp-content\/uploads\/2024\/07\/AS-860x571.jpg 860w, https:\/\/corpsdiplomaticnews.tg\/wp-content\/uploads\/2024\/07\/AS.jpg 1072w\" sizes=\"auto, (max-width: 1024px) 100vw, 1024px\" \/><\/figure>\n","protected":false},"excerpt":{"rendered":"<p>Augustin FAVEREAU, Ambassadeur de France au Togo La c\u00e9l\u00e9bration de la f\u00eate nationale de la France n\u2019est pas pass\u00e9e inaper\u00e7ue \u00e0 l\u2019Ambassade de Lom\u00e9. Ce samedi 13 juillet, les membres du corps diplomatique accr\u00e9dit\u00e9 &nbsp;\u00e0 Lom\u00e9, op\u00e9rateurs \u00e9conomiques, artistes, membres de la communaut\u00e9 fran\u00e7aise et hommes de m\u00e9dias ont \u00e9t\u00e9 convi\u00e9s \u00e0 une r\u00e9ception \u00e0 [&hellip;]<\/p>\n","protected":false},"author":2,"featured_media":8075,"comment_status":"open","ping_status":"open","sticky":false,"template":"","format":"standard","meta":{"footnotes":""},"categories":[2,124],"tags":[],"class_list":{"0":"post-8073","1":"post","2":"type-post","3":"status-publish","4":"format-standard","5":"has-post-thumbnail","7":"category-diplomatie","8":"category-la-une"},"_links":{"self":[{"href":"https:\/\/corpsdiplomaticnews.tg\/index.php\/wp-json\/wp\/v2\/posts\/8073","targetHints":{"allow":["GET"]}}],"collection":[{"href":"https:\/\/corpsdiplomaticnews.tg\/index.php\/wp-json\/wp\/v2\/posts"}],"about":[{"href":"https:\/\/corpsdiplomaticnews.tg\/index.php\/wp-json\/wp\/v2\/types\/post"}],"author":[{"embeddable":true,"href":"https:\/\/corpsdiplomaticnews.tg\/index.php\/wp-json\/wp\/v2\/users\/2"}],"replies":[{"embeddable":true,"href":"https:\/\/corpsdiplomaticnews.tg\/index.php\/wp-json\/wp\/v2\/comments?post=8073"}],"version-history":[{"count":8,"href":"https:\/\/corpsdiplomaticnews.tg\/index.php\/wp-json\/wp\/v2\/posts\/8073\/revisions"}],"predecessor-version":[{"id":8132,"href":"https:\/\/corpsdiplomaticnews.tg\/index.php\/wp-json\/wp\/v2\/posts\/8073\/revisions\/8132"}],"wp:featuredmedia":[{"embeddable":true,"href":"https:\/\/corpsdiplomaticnews.tg\/index.php\/wp-json\/wp\/v2\/media\/8075"}],"wp:attachment":[{"href":"https:\/\/corpsdiplomaticnews.tg\/index.php\/wp-json\/wp\/v2\/media?parent=8073"}],"wp:term":[{"taxonomy":"category","embeddable":true,"href":"https:\/\/corpsdiplomaticnews.tg\/index.php\/wp-json\/wp\/v2\/categories?post=8073"},{"taxonomy":"post_tag","embeddable":true,"href":"https:\/\/corpsdiplomaticnews.tg\/index.php\/wp-json\/wp\/v2\/tags?post=8073"}],"curies":[{"name":"wp","href":"https:\/\/api.w.org\/{rel}","templated":true}]}}