{"id":7896,"date":"2024-06-12T22:35:51","date_gmt":"2024-06-12T22:35:51","guid":{"rendered":"https:\/\/corpsdiplomaticnews.tg\/?p=7896"},"modified":"2024-06-12T22:35:52","modified_gmt":"2024-06-12T22:35:52","slug":"wilat-togo-en-croisade-contre-le-travail-des-enfants","status":"publish","type":"post","link":"https:\/\/corpsdiplomaticnews.tg\/index.php\/2024\/06\/12\/wilat-togo-en-croisade-contre-le-travail-des-enfants\/","title":{"rendered":"WILAT-Togo en croisade contre le travail des enfants"},"content":{"rendered":"\n<p>Chaque 12 juin,&nbsp; la communaut\u00e9 internationale c\u00e9l\u00e8bre la journ\u00e9e mondiale&nbsp; contre le travail des enfants. La &nbsp;section &nbsp;togolaise de l\u2019Association Women In Logistics and Transport,(WiLAT-Togo) s\u2019inscrit dans cette dynamique. Dans un&nbsp; message d\u00e9livr\u00e9 &nbsp;par la pr\u00e9sidente de cette association et dont &nbsp;notre r\u00e9daction&nbsp; a eu copie, &nbsp;WiLAT&nbsp; appelle \u00e0 une prise de conscience g\u00e9n\u00e9ralis\u00e9e.&nbsp;<\/p>\n\n\n\n<figure class=\"wp-block-image size-large\"><img loading=\"lazy\" loading=\"lazy\" decoding=\"async\" width=\"1024\" height=\"1024\" src=\"https:\/\/corpsdiplomaticnews.tg\/wp-content\/uploads\/2024\/06\/WILAT-Togo-12-JUIN--1024x1024.jpeg\" alt=\"\" class=\"wp-image-7897\" srcset=\"https:\/\/corpsdiplomaticnews.tg\/wp-content\/uploads\/2024\/06\/WILAT-Togo-12-JUIN--1024x1024.jpeg 1024w, https:\/\/corpsdiplomaticnews.tg\/wp-content\/uploads\/2024\/06\/WILAT-Togo-12-JUIN--300x300.jpeg 300w, https:\/\/corpsdiplomaticnews.tg\/wp-content\/uploads\/2024\/06\/WILAT-Togo-12-JUIN--150x150.jpeg 150w, https:\/\/corpsdiplomaticnews.tg\/wp-content\/uploads\/2024\/06\/WILAT-Togo-12-JUIN--768x768.jpeg 768w, https:\/\/corpsdiplomaticnews.tg\/wp-content\/uploads\/2024\/06\/WILAT-Togo-12-JUIN--860x860.jpeg 860w, https:\/\/corpsdiplomaticnews.tg\/wp-content\/uploads\/2024\/06\/WILAT-Togo-12-JUIN-.jpeg 1080w\" sizes=\"auto, (max-width: 1024px) 100vw, 1024px\" \/><\/figure>\n\n\n\n<p>Sharone AGBO, puisqu\u2019il s\u2019agit d\u2019elle, interpelle: \u00abNous appelons les gouvernements, les entreprises, les organisations et les individus \u00e0 unir leurs forces pour mettre fin au travail des enfants.&nbsp;\u00bb, a-t-elle \u00e9crit.<\/p>\n\n\n\n<p><\/p>\n\n\n\n<p>Voici l&rsquo;int\u00e9gralit\u00e9 de son message<\/p>\n\n\n\n<p>Aujourd&rsquo;hui, le 12 juin, nous c\u00e9l\u00e9brons la Journ\u00e9e mondiale contre le travail des enfants. Cette journ\u00e9e est l&rsquo;occasion de rappeler l&rsquo;urgence et la n\u00e9cessit\u00e9 d&rsquo;\u00e9radiquer le travail des enfants, qui prive des millions d&rsquo;enfants dans le monde de leur enfance, de leur \u00e9ducation et de leur dignit\u00e9.<\/p>\n\n\n\n<p>Chaque enfant m\u00e9rite de grandir dans un environnement s\u00e9curis\u00e9, d&rsquo;avoir acc\u00e8s \u00e0 une \u00e9ducation de qualit\u00e9 et de pouvoir r\u00eaver d&rsquo;un avenir meilleur. Le travail des enfants emp\u00eache cela. Il est de notre devoir collectif de prot\u00e9ger les droits des enfants et de leur offrir des opportunit\u00e9s pour un avenir prometteur.<\/p>\n\n\n\n<figure class=\"wp-block-image size-large\"><img loading=\"lazy\" loading=\"lazy\" decoding=\"async\" width=\"1024\" height=\"683\" src=\"https:\/\/corpsdiplomaticnews.tg\/wp-content\/uploads\/2023\/03\/00WILAT-1024x683.jpg\" alt=\"\" class=\"wp-image-4274\" srcset=\"https:\/\/corpsdiplomaticnews.tg\/wp-content\/uploads\/2023\/03\/00WILAT-1024x683.jpg 1024w, https:\/\/corpsdiplomaticnews.tg\/wp-content\/uploads\/2023\/03\/00WILAT-300x200.jpg 300w, https:\/\/corpsdiplomaticnews.tg\/wp-content\/uploads\/2023\/03\/00WILAT-768x512.jpg 768w, https:\/\/corpsdiplomaticnews.tg\/wp-content\/uploads\/2023\/03\/00WILAT-330x220.jpg 330w, https:\/\/corpsdiplomaticnews.tg\/wp-content\/uploads\/2023\/03\/00WILAT-420x280.jpg 420w, https:\/\/corpsdiplomaticnews.tg\/wp-content\/uploads\/2023\/03\/00WILAT-615x410.jpg 615w, https:\/\/corpsdiplomaticnews.tg\/wp-content\/uploads\/2023\/03\/00WILAT-860x573.jpg 860w, https:\/\/corpsdiplomaticnews.tg\/wp-content\/uploads\/2023\/03\/00WILAT.jpg 1080w\" sizes=\"auto, (max-width: 1024px) 100vw, 1024px\" \/><\/figure>\n\n\n\n<p><strong>Sharone AGBO, Pr\u00e9sidente de WiLAT-Togo <\/strong><\/p>\n\n\n\n<p>En cette journ\u00e9e, nous appelons les gouvernements, les entreprises, les organisations et les individus \u00e0 unir leurs forces pour mettre fin au travail des enfants. Ensemble, nous pouvons cr\u00e9er un monde o\u00f9 chaque enfant est libre de jouer, d&rsquo;apprendre et de s&rsquo;\u00e9panouir.<\/p>\n\n\n\n<p>Agissons maintenant pour un avenir sans travail des enfants.<\/p>\n\n\n\n<p>Sharone AGBO<\/p>\n\n\n\n<p>Pr\u00e9sidente WiLAT TOGO<\/p>\n","protected":false},"excerpt":{"rendered":"<p>Chaque 12 juin,&nbsp; la communaut\u00e9 internationale c\u00e9l\u00e8bre la journ\u00e9e mondiale&nbsp; contre le travail des enfants. La &nbsp;section &nbsp;togolaise de l\u2019Association Women In Logistics and Transport,(WiLAT-Togo) s\u2019inscrit dans cette dynamique. Dans un&nbsp; message d\u00e9livr\u00e9 &nbsp;par la pr\u00e9sidente de cette association et dont &nbsp;notre r\u00e9daction&nbsp; a eu copie, &nbsp;WiLAT&nbsp; appelle \u00e0 une prise de conscience g\u00e9n\u00e9ralis\u00e9e.&nbsp; Sharone [&hellip;]<\/p>\n","protected":false},"author":2,"featured_media":7897,"comment_status":"open","ping_status":"open","sticky":false,"template":"","format":"standard","meta":{"footnotes":""},"categories":[9,1],"tags":[],"class_list":{"0":"post-7896","1":"post","2":"type-post","3":"status-publish","4":"format-standard","5":"has-post-thumbnail","7":"category-azimuts","8":"category-non-classe"},"_links":{"self":[{"href":"https:\/\/corpsdiplomaticnews.tg\/index.php\/wp-json\/wp\/v2\/posts\/7896","targetHints":{"allow":["GET"]}}],"collection":[{"href":"https:\/\/corpsdiplomaticnews.tg\/index.php\/wp-json\/wp\/v2\/posts"}],"about":[{"href":"https:\/\/corpsdiplomaticnews.tg\/index.php\/wp-json\/wp\/v2\/types\/post"}],"author":[{"embeddable":true,"href":"https:\/\/corpsdiplomaticnews.tg\/index.php\/wp-json\/wp\/v2\/users\/2"}],"replies":[{"embeddable":true,"href":"https:\/\/corpsdiplomaticnews.tg\/index.php\/wp-json\/wp\/v2\/comments?post=7896"}],"version-history":[{"count":1,"href":"https:\/\/corpsdiplomaticnews.tg\/index.php\/wp-json\/wp\/v2\/posts\/7896\/revisions"}],"predecessor-version":[{"id":7898,"href":"https:\/\/corpsdiplomaticnews.tg\/index.php\/wp-json\/wp\/v2\/posts\/7896\/revisions\/7898"}],"wp:featuredmedia":[{"embeddable":true,"href":"https:\/\/corpsdiplomaticnews.tg\/index.php\/wp-json\/wp\/v2\/media\/7897"}],"wp:attachment":[{"href":"https:\/\/corpsdiplomaticnews.tg\/index.php\/wp-json\/wp\/v2\/media?parent=7896"}],"wp:term":[{"taxonomy":"category","embeddable":true,"href":"https:\/\/corpsdiplomaticnews.tg\/index.php\/wp-json\/wp\/v2\/categories?post=7896"},{"taxonomy":"post_tag","embeddable":true,"href":"https:\/\/corpsdiplomaticnews.tg\/index.php\/wp-json\/wp\/v2\/tags?post=7896"}],"curies":[{"name":"wp","href":"https:\/\/api.w.org\/{rel}","templated":true}]}}