{"id":7388,"date":"2024-02-18T17:20:16","date_gmt":"2024-02-18T17:20:16","guid":{"rendered":"https:\/\/corpsdiplomaticnews.tg\/?p=7388"},"modified":"2024-02-18T17:20:18","modified_gmt":"2024-02-18T17:20:18","slug":"lidi-bessi-kama-joue-sa-partition-dans-la-crise-entre-la-ligue-de-football-des-savanes-et-la-ftf","status":"publish","type":"post","link":"https:\/\/corpsdiplomaticnews.tg\/index.php\/2024\/02\/18\/lidi-bessi-kama-joue-sa-partition-dans-la-crise-entre-la-ligue-de-football-des-savanes-et-la-ftf\/","title":{"rendered":"\u00a0Lidi BESSI KAMA joue sa partition dans la \u00a0crise entre la Ligue de Football des Savanes et la FTF \u00a0\u00a0"},"content":{"rendered":"\n<p>Dans le souci \u00a0de r\u00e9sorber la crise entre la F\u00e9d\u00e9ration Togolaise de Football et la Ligue R\u00e9gionale de Football des Savanes pour le d\u00e9veloppement du football togolais,\u00a0 le Ministre des Sports et des Loisirs \u00a0a tenu\u00a0 le 15 f\u00e9vrier 2024, \u00a0\u00e0 son cabinet, \u00a0\u00a0une s\u00e9ance de travail avec \u00a0les deux\u00a0 entit\u00e9s. <\/p>\n\n\n\n<p><\/p>\n\n\n\n<figure class=\"wp-block-image size-full\"><img loading=\"lazy\" loading=\"lazy\" decoding=\"async\" width=\"800\" height=\"600\" src=\"https:\/\/corpsdiplomaticnews.tg\/wp-content\/uploads\/2023\/03\/0LIDI.jpg\" alt=\"\" class=\"wp-image-4321\" srcset=\"https:\/\/corpsdiplomaticnews.tg\/wp-content\/uploads\/2023\/03\/0LIDI.jpg 800w, https:\/\/corpsdiplomaticnews.tg\/wp-content\/uploads\/2023\/03\/0LIDI-300x225.jpg 300w, https:\/\/corpsdiplomaticnews.tg\/wp-content\/uploads\/2023\/03\/0LIDI-768x576.jpg 768w\" sizes=\"auto, (max-width: 800px) 100vw, 800px\" \/><\/figure>\n\n\n\n<p>Pr\u00e9sid\u00e9e par Madame le Ministre des Sports et Loisirs, Dr Lidi BESSI KAMA, la s\u00e9ance a permis aux parties pr\u00e9sentes d\u2019\u00e9changer sur les pr\u00e9occupations pos\u00e9es par la Ligue R\u00e9gionale de Football des Savanes . Donnant ainsi la parole aux pr\u00e9sidents de la Ligue R\u00e9gionale de Football des Savanes, M. AMADOU Nouroudine, pr\u00e9sident de la ligue r\u00e9gionale de football des savanes, \u00e0 dans son intervention remerci\u00e9 les plus hautes autorit\u00e9s du pays, en d\u00e9butant par le Chef de l\u2019Etat, son excellence Faure Gnassingb\u00e9 pour l\u2019oreille attentive pr\u00eat\u00e9e \u00e0 leur appel. Il a ensuite rappel\u00e9 le contenu de la lettre ouverte N\u00b0001\/02\/24\/CD\/PR\/LFS du 2 f\u00e9vrier 2024, en d\u00e9voilant la liste des pr\u00e9occupations de la ligue r\u00e9gionale de football des savanes, notamment les subventions octroy\u00e9es aux clubs, la formation des officiels de matchs et encadreurs , les co\u00fbts li\u00e9s \u00e0 la d\u00e9localisation des matchs \u00e0 domicile des clubs de la localit\u00e9, l\u2019absence des ressortissants de la r\u00e9gion des savanes dans les organes techniques de la FTF et dans le comit\u00e9 ex\u00e9cutif de la FTF et la rel\u00e9gation du club \u00ab Danl\u00e9 FC\u00bb de Gando en division inf\u00e9rieure.<\/p>\n\n\n\n<p>Il faut pr\u00e9ciser que la ligue r\u00e9gionale de football des Savanes a, ensuite souhait\u00e9 que le match de la 12e journ\u00e9e du championnat de D2 entre Foadan FC et Arsenal FC qui n\u2019a pu se tenir pour non d\u00e9placement du club de Foadan FC au stade municipal de la ville de Kara, puisse \u00eatre rejou\u00e9 et que le stade de Dapaong ainsi que celui de Mango soient homologu\u00e9s pour les matchs des championnats de D1 et D2.<\/p>\n\n\n\n<p><strong><em>Propos du pr\u00e9sident de la F\u00e9d\u00e9ration Togolaise de Football<\/em><\/strong><\/p>\n\n\n\n<p>Prenant la parole \u00e0 son tour, le Pr\u00e9sident de la FTF, Col Guy AKPOVY a remerci\u00e9 madame le Ministre des Sports et des Loisirs pour l\u2019initiative et a apport\u00e9 des r\u00e9ponses aux diff\u00e9rentes pr\u00e9occupations de la ligue. Il a indiqu\u00e9 que des discussions ont eu lieu sur la plupart des points \u00e9voqu\u00e9s et la FTF avait expliqu\u00e9 sa d\u00e9marche, notamment sur la formation des officiels de match, la d\u00e9localisation des matchs, la rel\u00e9gation du club \u00abDanl\u00e9 FC\u00bb. Il a \u00e9galement indiqu\u00e9 que le Comit\u00e9 Ex\u00e9cutif de la FTF compte un ressortissant des savanes dans ses rangs et que les organes techniques de la FTF en comptent \u00e9galement. D\u2019autres membres des d\u00e9l\u00e9gations de la FTF et de la ligue ont \u00e9galement pris la parole pour apporter des \u00e9claircissement.<\/p>\n\n\n\n<p><\/p>\n\n\n\n<figure class=\"wp-block-image size-large\"><img loading=\"lazy\" loading=\"lazy\" decoding=\"async\" width=\"1024\" height=\"819\" src=\"https:\/\/corpsdiplomaticnews.tg\/wp-content\/uploads\/2024\/02\/PHOTO-AUTO-ECOLE-1024x819.jpeg\" alt=\"\" class=\"wp-image-7389\" srcset=\"https:\/\/corpsdiplomaticnews.tg\/wp-content\/uploads\/2024\/02\/PHOTO-AUTO-ECOLE-1024x819.jpeg 1024w, https:\/\/corpsdiplomaticnews.tg\/wp-content\/uploads\/2024\/02\/PHOTO-AUTO-ECOLE-300x240.jpeg 300w, https:\/\/corpsdiplomaticnews.tg\/wp-content\/uploads\/2024\/02\/PHOTO-AUTO-ECOLE-768x614.jpeg 768w, https:\/\/corpsdiplomaticnews.tg\/wp-content\/uploads\/2024\/02\/PHOTO-AUTO-ECOLE-860x688.jpeg 860w, https:\/\/corpsdiplomaticnews.tg\/wp-content\/uploads\/2024\/02\/PHOTO-AUTO-ECOLE.jpeg 1080w\" sizes=\"auto, (max-width: 1024px) 100vw, 1024px\" \/><\/figure>\n\n\n\n<p><strong><em>Mesures prises suite \u00e0 la rencontre d\u2019\u00e9change<\/em><\/strong><\/p>\n\n\n\n<p>Reprenant la parole, le Ministre a remerci\u00e9 les responsables de la FTF et de la ligue pour la convivialit\u00e9 et l\u2019esprit constructif qui ont pr\u00e9valu au cours de la rencontre dont l\u2019objectif ultime est de cr\u00e9er les conditions n\u00e9cessaires pour avancer ensemble et construire le football togolais qui doit contribuer \u00e0 renforcer la coh\u00e9sion sociale et le vivre ensemble.<\/p>\n\n\n\n<p>Tenant compte de l\u2019urgence et de la situation, les mesures exceptionnelles suivantes sont prises:<\/p>\n\n\n\n<p>1- la FTF est invit\u00e9e \u00e0 prendre les mesures idoines pour une reprise des championnats le plus t\u00f4t possible ;<\/p>\n\n\n\n<p>2- le ministre a invit\u00e9 les clubs de la r\u00e9gion des savanes \u00e0 poursuivre les championnats en effectuant les d\u00e9placements y aff\u00e9rents pour les deux derni\u00e8res journ\u00e9es de la phase aller pour la D1 et de la phase de poule de D2;<\/p>\n\n\n\n<p>3- le ministre a exceptionnellement invit\u00e9 les clubs de la r\u00e9gion des savanes \u00e0 soumettre au MSL leurs budgets estimatifs des d\u00e9placements pour les matchs \u00e0 domicile, d\u00e9localis\u00e9s, pour une prise en charge de deux derni\u00e8res journ\u00e9es de la phase aller de D1 et de la phase de poule de D2;<\/p>\n\n\n\n<p>4- le ministre a invit\u00e9 la FTF \u00e0 prendre une mesure exceptionnelle pour accorder une homologation sp\u00e9ciale au stade de Mango ou de Dapaong, au nom de l\u2019apaisement et de la pr\u00e9servation de la coh\u00e9sion sociale, afin que les matchs \u00e0 domicile des clubs de la r\u00e9gion puissent y \u00eatre jou\u00e9s pour la phase retour du championnat de D1;<\/p>\n\n\n\n<p>5- le ministre a invit\u00e9 le Pr\u00e9sident de la FTF \u00e0 effectuer une visite dans la r\u00e9gion des savanes pour rencontrer les acteurs de football de la localit\u00e9;<\/p>\n\n\n\n<p>6- la FTF a annonc\u00e9 la suppression des frais de location des stades pour les matchs des clubs de la r\u00e9gion des savanes pour le reste des championnats en cours;<\/p>\n\n\n\n<p>7- le ministre a invit\u00e9 la FTF \u00e0 faire un plaidoyer aupr\u00e8s de la FIFA, avec copie au MSL, pour la construction d\u2019un stade dans la r\u00e9gion des savanes;<\/p>\n\n\n\n<p>8- le ministre a demand\u00e9 \u00e0 la FTF d\u2019acc\u00e9l\u00e9rer les d\u00e9marches en vue de la formation des officiels de matchs et encadreurs ;<\/p>\n\n\n\n<p>9- l\u2019\u00c9tat s\u2019engage \u00e0 construire un stade aux normes FIFA dans la r\u00e9gion des Savanes suivant les \u00e9tudes r\u00e9alis\u00e9es en 2017;<\/p>\n\n\n\n<p>10- un compte rendu sera fait au Pr\u00e9sident de la R\u00e9publique par le Ministre des sports et des loisirs.<\/p>\n\n\n\n<p>Pour rappel, une autre s\u00e9ance de travail est pr\u00e9vue pour la semaine du 19 f\u00e9vrier 2024 afin de poursuivre les discussions. Pour finir, le ministre a exhort\u00e9 les parties \u00e0 \u0153uvrer pour la mise en \u0153uvre des diff\u00e9rentes mesures envisag\u00e9es.<\/p>\n\n\n\n<p><strong>\u00a0Avec la collaboration de notre confr\u00e8re Le Defenseur<\/strong> <\/p>\n","protected":false},"excerpt":{"rendered":"<p>Dans le souci \u00a0de r\u00e9sorber la crise entre la F\u00e9d\u00e9ration Togolaise de Football et la Ligue R\u00e9gionale de Football des Savanes pour le d\u00e9veloppement du football togolais,\u00a0 le Ministre des Sports et des Loisirs \u00a0a tenu\u00a0 le 15 f\u00e9vrier 2024, \u00a0\u00e0 son cabinet, \u00a0\u00a0une s\u00e9ance de travail avec \u00a0les deux\u00a0 entit\u00e9s. Pr\u00e9sid\u00e9e par Madame le [&hellip;]<\/p>\n","protected":false},"author":2,"featured_media":4321,"comment_status":"open","ping_status":"open","sticky":false,"template":"","format":"standard","meta":{"footnotes":""},"categories":[9,124],"tags":[],"class_list":{"0":"post-7388","1":"post","2":"type-post","3":"status-publish","4":"format-standard","5":"has-post-thumbnail","7":"category-azimuts","8":"category-la-une"},"_links":{"self":[{"href":"https:\/\/corpsdiplomaticnews.tg\/index.php\/wp-json\/wp\/v2\/posts\/7388","targetHints":{"allow":["GET"]}}],"collection":[{"href":"https:\/\/corpsdiplomaticnews.tg\/index.php\/wp-json\/wp\/v2\/posts"}],"about":[{"href":"https:\/\/corpsdiplomaticnews.tg\/index.php\/wp-json\/wp\/v2\/types\/post"}],"author":[{"embeddable":true,"href":"https:\/\/corpsdiplomaticnews.tg\/index.php\/wp-json\/wp\/v2\/users\/2"}],"replies":[{"embeddable":true,"href":"https:\/\/corpsdiplomaticnews.tg\/index.php\/wp-json\/wp\/v2\/comments?post=7388"}],"version-history":[{"count":1,"href":"https:\/\/corpsdiplomaticnews.tg\/index.php\/wp-json\/wp\/v2\/posts\/7388\/revisions"}],"predecessor-version":[{"id":7390,"href":"https:\/\/corpsdiplomaticnews.tg\/index.php\/wp-json\/wp\/v2\/posts\/7388\/revisions\/7390"}],"wp:featuredmedia":[{"embeddable":true,"href":"https:\/\/corpsdiplomaticnews.tg\/index.php\/wp-json\/wp\/v2\/media\/4321"}],"wp:attachment":[{"href":"https:\/\/corpsdiplomaticnews.tg\/index.php\/wp-json\/wp\/v2\/media?parent=7388"}],"wp:term":[{"taxonomy":"category","embeddable":true,"href":"https:\/\/corpsdiplomaticnews.tg\/index.php\/wp-json\/wp\/v2\/categories?post=7388"},{"taxonomy":"post_tag","embeddable":true,"href":"https:\/\/corpsdiplomaticnews.tg\/index.php\/wp-json\/wp\/v2\/tags?post=7388"}],"curies":[{"name":"wp","href":"https:\/\/api.w.org\/{rel}","templated":true}]}}