{"id":7288,"date":"2024-02-06T08:39:34","date_gmt":"2024-02-06T08:39:34","guid":{"rendered":"https:\/\/corpsdiplomaticnews.tg\/?p=7288"},"modified":"2024-02-06T10:13:08","modified_gmt":"2024-02-06T10:13:08","slug":"senegal-le-scrutin-presidentiel-reporte-au-15-decembre-prochain","status":"publish","type":"post","link":"https:\/\/corpsdiplomaticnews.tg\/index.php\/2024\/02\/06\/senegal-le-scrutin-presidentiel-reporte-au-15-decembre-prochain\/","title":{"rendered":"S\u00e9n\u00e9gal: l&rsquo;Assembl\u00e9e nationale ent\u00e9rine le report du scrutin\u00a0 pr\u00e9sidentiel  au 15 d\u00e9cembre prochain\u00a0"},"content":{"rendered":"\n<p>Le parlement s\u00e9n\u00e9galais a vot\u00e9 lundi le report de l\u2019\u00e9lection pr\u00e9sidentielle au 15 d\u00e9cembre dans le cadre d\u2019un processus de vote chaotique qui s\u2019est d\u00e9roul\u00e9 apr\u00e8s que les l\u00e9gislateurs de l\u2019opposition ont \u00e9t\u00e9 expuls\u00e9s de force des chambres alors qu\u2019ils d\u00e9battaient de la d\u00e9cision ant\u00e9rieure du pr\u00e9sident Macky Sall de retarder cette \u00e9lection cruciale. <\/p>\n\n\n\n<p><\/p>\n\n\n\n<figure class=\"wp-block-image size-full\"><img loading=\"lazy\" loading=\"lazy\" decoding=\"async\" width=\"800\" height=\"535\" src=\"https:\/\/corpsdiplomaticnews.tg\/wp-content\/uploads\/2024\/02\/AN-SENEGAL.jpg\" alt=\"\" class=\"wp-image-7289\" srcset=\"https:\/\/corpsdiplomaticnews.tg\/wp-content\/uploads\/2024\/02\/AN-SENEGAL.jpg 800w, https:\/\/corpsdiplomaticnews.tg\/wp-content\/uploads\/2024\/02\/AN-SENEGAL-300x201.jpg 300w, https:\/\/corpsdiplomaticnews.tg\/wp-content\/uploads\/2024\/02\/AN-SENEGAL-768x514.jpg 768w, https:\/\/corpsdiplomaticnews.tg\/wp-content\/uploads\/2024\/02\/AN-SENEGAL-330x220.jpg 330w, https:\/\/corpsdiplomaticnews.tg\/wp-content\/uploads\/2024\/02\/AN-SENEGAL-420x280.jpg 420w, https:\/\/corpsdiplomaticnews.tg\/wp-content\/uploads\/2024\/02\/AN-SENEGAL-615x410.jpg 615w\" sizes=\"auto, (max-width: 800px) 100vw, 800px\" \/><\/figure>\n\n\n\n<p>Les forces de s\u00e9curit\u00e9 ont pris d\u2019assaut le b\u00e2timent l\u00e9gislatif et ont expuls\u00e9 par la force plusieurs l\u00e9gislateurs de l\u2019opposition qui tentaient de bloquer le processus de vote sur le report sans pr\u00e9c\u00e9dent de l\u2019\u00e9lection pr\u00e9sidentielle initialement pr\u00e9vue pour le 25 f\u00e9vrier. Le projet de loi adopt\u00e9 prolonge le mandat de M. Sall \u2013 qui devait s\u2019achever le 2 avril \u2013 jusqu\u2019\u00e0 la tenue d\u2019une nouvelle \u00e9lection.<\/p>\n\n\n\n<p>Lundi, les autorit\u00e9s ont restreint l\u2019acc\u00e8s \u00e0 l\u2019internet mobile, alors que les partisans de l\u2019opposition protestent de plus en plus contre le report de l\u2019\u00e9lection.<\/p>\n\n\n\n<p>Alors que les l\u00e9gislateurs d\u00e9battaient du projet de loi, les forces de s\u00e9curit\u00e9 ont tir\u00e9 des gaz lacrymog\u00e8nes sur les manifestants rassembl\u00e9s \u00e0 l\u2019ext\u00e9rieur du b\u00e2timent l\u00e9gislatif. De nombreux manifestants ont \u00e9t\u00e9 arr\u00eat\u00e9s alors qu\u2019ils se d\u00e9versaient dans les rues de la capitale, Dakar, br\u00fblant des pneus et critiquant le dirigeant du pays.<\/p>\n\n\n\n<p>Lundi, deux partis d\u2019opposition ont d\u00e9pos\u00e9 une requ\u00eate en justice pour contester le report des \u00e9lections. Il n\u2019a pas \u00e9t\u00e9 possible de savoir ce qu\u2019il adviendrait de leur demande au Conseil constitutionnel du S\u00e9n\u00e9gal d\u2019ordonner \u00ab&nbsp;la poursuite du processus \u00e9lectoral&nbsp;\u00bb.<\/p>\n\n\n\n<p>-Le spectre d\u2019un nouveau cycle de violence-<\/p>\n\n\n\n<p>Les analystes estiment que la crise au S\u00e9n\u00e9gal met \u00e0 l\u2019\u00e9preuve l\u2019une des d\u00e9mocraties les plus stables d\u2019Afrique, \u00e0 un moment o\u00f9 la r\u00e9gion est confront\u00e9e \u00e0 une recrudescence des coups d\u2019\u00c9tat.<\/p>\n\n\n\n<p>M. Sall, qui a d\u00e9clar\u00e9 en juillet qu\u2019il ne briguerait pas un troisi\u00e8me mandat, avait invoqu\u00e9 un diff\u00e9rend \u00e9lectoral entre le Parlement et le pouvoir judiciaire concernant les candidatures pour justifier le report, mais les dirigeants de l\u2019opposition et les candidats ont rejet\u00e9 cette d\u00e9cision, la qualifiant de \u00ab&nbsp;coup d\u2019\u00c9tat&nbsp;\u00bb.<\/p>\n\n\n\n<p>L\u2019Union africaine a exhort\u00e9 le gouvernement \u00e0 organiser l\u2019\u00e9lection \u00ab&nbsp;d\u00e8s que possible&nbsp;\u00bb et a appel\u00e9 toutes les parties concern\u00e9es \u00e0 \u00ab&nbsp;r\u00e9soudre tout diff\u00e9rend politique par la consultation, la compr\u00e9hension et le dialogue civilis\u00e9&nbsp;\u00bb.<\/p>\n\n\n\n<p>\u00ab&nbsp;Nous n\u2019accepterons pas un coup d\u2019\u00c9tat constitutionnel dans ce pays. C\u2019est au peuple de sortir et de se lib\u00e9rer&nbsp;\u00bb, a d\u00e9clar\u00e9 Guy Marius Sagna, militant et l\u00e9gislateur de l\u2019opposition, qui faisait partie des manifestants.<\/p>\n\n\n\n<p>La cha\u00eene de t\u00e9l\u00e9vision priv\u00e9e Walf, dont le signal a \u00e9t\u00e9 coup\u00e9 alors qu\u2019elle retransmettait les manifestations de dimanche, a d\u00e9clar\u00e9 que sa licence de diffusion lui avait \u00e9t\u00e9 retir\u00e9e.<\/p>\n\n\n\n<p>Le minist\u00e8re de la communication, des t\u00e9l\u00e9communications et de l\u2019\u00e9conomie num\u00e9rique a d\u00e9clar\u00e9 que les services d\u2019internet mobile ont \u00e9t\u00e9 coup\u00e9s lundi \u00ab&nbsp;en raison de la diffusion de plusieurs messages haineux et subversifs relay\u00e9s sur les r\u00e9seaux sociaux dans le cadre de menaces et de troubles \u00e0 l\u2019ordre public&nbsp;\u00bb.<\/p>\n\n\n\n<p>\u00ab&nbsp;La coupure brutale par le gouvernement de l\u2019acc\u00e8s \u00e0 Internet via les donn\u00e9es mobiles et de la diffusion de Walf TV (\u2026) constitue une atteinte flagrante au droit \u00e0 la libert\u00e9 d\u2019expression et aux droits de la presse prot\u00e9g\u00e9s par la Constitution s\u00e9n\u00e9galaise&nbsp;\u00bb, a d\u00e9clar\u00e9 le bureau r\u00e9gional d\u2019Amnesty International pour l\u2019Afrique de l\u2019Ouest et du Centre dans un communiqu\u00e9.<\/p>\n\n\n\n<p>Le pr\u00e9sident Sall avait d\u00e9clar\u00e9 que le diff\u00e9rend entre le pouvoir judiciaire et le Parlement au sujet de la disqualification de certains candidats et de la double nationalit\u00e9 de certains candidats qualifi\u00e9s avait abouti \u00e0 une \u00ab&nbsp;situation suffisamment grave et confuse&nbsp;\u00bb.<\/p>\n\n\n\n<p>Les tensions politiques sont vives au S\u00e9n\u00e9gal depuis au moins un an. Les autorit\u00e9s ont \u00e9galement coup\u00e9 l\u2019acc\u00e8s \u00e0 Internet \u00e0 partir des t\u00e9l\u00e9phones portables en juin 2023 lorsque des partisans du chef de l\u2019opposition Ousmane Sonko ont affront\u00e9 les forces de s\u00e9curit\u00e9. Sonko est l\u2019un des deux leaders de l\u2019opposition que les autorit\u00e9s \u00e9lectorales ont disqualifi\u00e9 de la liste finale des candidats \u00e0 la pr\u00e9sidence ce mois-ci.<\/p>\n\n\n\n<p>La d\u00e9cision de M. Sall de reporter l\u2019\u00e9lection \u00ab&nbsp;refl\u00e8te un net recul d\u00e9mocratique&nbsp;\u00bb au S\u00e9n\u00e9gal, a d\u00e9clar\u00e9 Mucahid Durmaz, analyste principal au sein de la soci\u00e9t\u00e9 mondiale de conseil en gestion des risques Verisk Maplecroft.<\/p>\n\n\n\n<p>\u00ab&nbsp;Le d\u00e9ficit d\u00e9mocratique croissant menace non seulement de ternir la r\u00e9putation du S\u00e9n\u00e9gal en tant que phare de la stabilit\u00e9 d\u00e9mocratique dans la r\u00e9gion, mais aussi d\u2019encourager les pratiques antid\u00e9mocratiques en Afrique de l\u2019Ouest&nbsp;\u00bb, a d\u00e9clar\u00e9 Mucahid Durmaz.<\/p>\n\n\n\n<p>Source : confr\u00e8re Africa news &amp; AP<\/p>\n","protected":false},"excerpt":{"rendered":"<p>Le parlement s\u00e9n\u00e9galais a vot\u00e9 lundi le report de l\u2019\u00e9lection pr\u00e9sidentielle au 15 d\u00e9cembre dans le cadre d\u2019un processus de vote chaotique qui s\u2019est d\u00e9roul\u00e9 apr\u00e8s que les l\u00e9gislateurs de l\u2019opposition ont \u00e9t\u00e9 expuls\u00e9s de force des chambres alors qu\u2019ils d\u00e9battaient de la d\u00e9cision ant\u00e9rieure du pr\u00e9sident Macky Sall de retarder cette \u00e9lection cruciale. Les [&hellip;]<\/p>\n","protected":false},"author":2,"featured_media":7289,"comment_status":"open","ping_status":"open","sticky":false,"template":"","format":"standard","meta":{"footnotes":""},"categories":[124,4],"tags":[],"class_list":{"0":"post-7288","1":"post","2":"type-post","3":"status-publish","4":"format-standard","5":"has-post-thumbnail","7":"category-la-une","8":"category-politique"},"_links":{"self":[{"href":"https:\/\/corpsdiplomaticnews.tg\/index.php\/wp-json\/wp\/v2\/posts\/7288","targetHints":{"allow":["GET"]}}],"collection":[{"href":"https:\/\/corpsdiplomaticnews.tg\/index.php\/wp-json\/wp\/v2\/posts"}],"about":[{"href":"https:\/\/corpsdiplomaticnews.tg\/index.php\/wp-json\/wp\/v2\/types\/post"}],"author":[{"embeddable":true,"href":"https:\/\/corpsdiplomaticnews.tg\/index.php\/wp-json\/wp\/v2\/users\/2"}],"replies":[{"embeddable":true,"href":"https:\/\/corpsdiplomaticnews.tg\/index.php\/wp-json\/wp\/v2\/comments?post=7288"}],"version-history":[{"count":2,"href":"https:\/\/corpsdiplomaticnews.tg\/index.php\/wp-json\/wp\/v2\/posts\/7288\/revisions"}],"predecessor-version":[{"id":7296,"href":"https:\/\/corpsdiplomaticnews.tg\/index.php\/wp-json\/wp\/v2\/posts\/7288\/revisions\/7296"}],"wp:featuredmedia":[{"embeddable":true,"href":"https:\/\/corpsdiplomaticnews.tg\/index.php\/wp-json\/wp\/v2\/media\/7289"}],"wp:attachment":[{"href":"https:\/\/corpsdiplomaticnews.tg\/index.php\/wp-json\/wp\/v2\/media?parent=7288"}],"wp:term":[{"taxonomy":"category","embeddable":true,"href":"https:\/\/corpsdiplomaticnews.tg\/index.php\/wp-json\/wp\/v2\/categories?post=7288"},{"taxonomy":"post_tag","embeddable":true,"href":"https:\/\/corpsdiplomaticnews.tg\/index.php\/wp-json\/wp\/v2\/tags?post=7288"}],"curies":[{"name":"wp","href":"https:\/\/api.w.org\/{rel}","templated":true}]}}