{"id":6403,"date":"2023-10-30T23:55:47","date_gmt":"2023-10-30T23:55:47","guid":{"rendered":"http:\/\/corpsdiplomaticnews.tg\/?p=6403"},"modified":"2023-10-30T23:58:13","modified_gmt":"2023-10-30T23:58:13","slug":"dussey-porteur-dun-message-de-faure-gnassungbe-au-general-abdel-fattah-al-burhan","status":"publish","type":"post","link":"https:\/\/corpsdiplomaticnews.tg\/index.php\/2023\/10\/30\/dussey-porteur-dun-message-de-faure-gnassungbe-au-general-abdel-fattah-al-burhan\/","title":{"rendered":"Dussey, porteur d\u2019un message de Faure Gnassingb\u00e9\u00a0 au\u00a0 G\u00e9n\u00e9ral Abdel Fattah AL-BURHAN"},"content":{"rendered":"\n<figure class=\"wp-block-table\"><table><tbody><tr><td>&nbsp;Le Chef de la diplomatie togolaise, Prof Robert DUSSEY, a effectu\u00e9 une visite de travail \u00e0 Port-Soudan le 28 octobre 2023, au cours de laquelle il a \u00e9t\u00e9 re\u00e7u en audience par  le G\u00e9n\u00e9ral Abdel Fattah AL-BURHAN, Pr\u00e9sident du Conseil de Souverainet\u00e9 de Transition du Soudan. Cette visite intervient quelques mois apr\u00e8s la tenue du dialogue consultatif et de la consultation des dirigeants politiques et militaires du Darfour, les 23 et 24 juillet 2023 \u00e0 Lom\u00e9. &nbsp; Le Professeur DUSSEY, porteur d&rsquo;un message de Faure Essozimna GNASSINGBE, Pr\u00e9sident de la R\u00e9publique, \u00e0 son homologue &nbsp;G\u00e9n\u00e9ral Abdel Fattah AL-BURHAN, a \u00e9t\u00e9 re\u00e7u en audience par le Pr\u00e9sident soudanais \u00e0 qui il a transmis les salutations fraternelles de S.E.M. Faure Essozimna GNASSINGBE. &nbsp; Le Pr\u00e9sident AL-BURHAN a salu\u00e9 la qualit\u00e9 des liens d&rsquo;amiti\u00e9 et de coop\u00e9ration bilat\u00e9rale entre les deux pays et a remerci\u00e9 Faure Essozimna GNASSINGBE pour son engagement en faveur de la r\u00e9solution des conflits qui secouent le continent. Il a \u00e9galement f\u00e9licit\u00e9 le Togo pour l&rsquo;organisation de la premi\u00e8re \u00e9dition du \u00ab\u00a0Forum de la Paix et de la S\u00e9curit\u00e9 de Lom\u00e9\u00a0\u00bb qui s&rsquo;est tenu du 20 au 22 octobre 2023. Pour le Pr\u00e9sident AL-BURHAN, cette premi\u00e8re \u00e9dition du \u00ab\u00a0FPSL\u00a0\u00bb renforce la d\u00e9termination des pays africains \u00e0 faire entendre leur voix sur la sc\u00e8ne internationale en proposant des solutions endog\u00e8nes aux crises et aux d\u00e9fis s\u00e9curitaires \u00e0 l&rsquo;\u00e9chelle continentale.<\/td><\/tr><\/tbody><\/table><\/figure>\n\n\n\n<figure class=\"wp-block-image size-full\"><img loading=\"lazy\" loading=\"lazy\" decoding=\"async\" width=\"800\" height=\"533\" src=\"http:\/\/corpsdiplomaticnews.tg\/wp-content\/uploads\/2023\/10\/D11.jpg\" alt=\"\" class=\"wp-image-6404\" srcset=\"https:\/\/corpsdiplomaticnews.tg\/wp-content\/uploads\/2023\/10\/D11.jpg 800w, https:\/\/corpsdiplomaticnews.tg\/wp-content\/uploads\/2023\/10\/D11-300x200.jpg 300w, https:\/\/corpsdiplomaticnews.tg\/wp-content\/uploads\/2023\/10\/D11-768x512.jpg 768w, https:\/\/corpsdiplomaticnews.tg\/wp-content\/uploads\/2023\/10\/D11-330x220.jpg 330w, https:\/\/corpsdiplomaticnews.tg\/wp-content\/uploads\/2023\/10\/D11-420x280.jpg 420w, https:\/\/corpsdiplomaticnews.tg\/wp-content\/uploads\/2023\/10\/D11-615x410.jpg 615w\" sizes=\"auto, (max-width: 800px) 100vw, 800px\" \/><\/figure>\n\n\n\n<figure class=\"wp-block-table\"><table><tbody><tr><td><\/td><\/tr><\/tbody><\/table><\/figure>\n\n\n\n<figure class=\"wp-block-table\"><table><tbody><tr><td><\/td><\/tr><\/tbody><\/table><\/figure>\n\n\n\n<figure class=\"wp-block-table\"><table><tbody><tr><td>Au niveau bilat\u00e9ral, les deux personnalit\u00e9s ont soulign\u00e9 la n\u00e9cessit\u00e9 pour le Soudan et le Togo de renforcer davantage leur coop\u00e9ration afin de r\u00e9pondre aux id\u00e9aux d&rsquo;unit\u00e9 et d&rsquo;int\u00e9gration \u00e9conomique pr\u00f4n\u00e9s par l&rsquo;Union africaine ainsi qu&rsquo;aux aspirations l\u00e9gitimes des deux peuples. &nbsp; Au niveau multilat\u00e9ral, ils ont d\u00e9plor\u00e9 la recrudescence des menaces s\u00e9curitaires dans un environnement continental et mondial de plus en plus marqu\u00e9 par le retour des conflits. Dans cette dynamique, les deux personnalit\u00e9s ont r\u00e9affirm\u00e9 l&rsquo;engagement de leurs pays respectifs \u00e0 la recherche et au maintien de la paix et de la s\u00e9curit\u00e9, \u00e0 l&rsquo;identification et \u00e0 la construction collective de solutions aux diverses crises paralysant le continent. &nbsp;<br><br> &nbsp;Au cours de son s\u00e9jour, le chef de la diplomatie togolaise a \u00e9galement eu des entretiens avec son homologue soudanais, Ambassadeur Ali Al-Sadiq Ali. Les discussions ont principalement port\u00e9 sur la situation politique et s\u00e9curitaire au Soudan, marqu\u00e9e par des hostilit\u00e9s entre l&rsquo;arm\u00e9e soudanaise et les Forces de Soutien Rapide (FSR). Le Professeur DUSSEY a f\u00e9licit\u00e9 les autorit\u00e9s soudanaises pour la reprise des n\u00e9gociations inter-soudanaises en cours \u00e0 Djeddah et a r\u00e9affirm\u00e9 l&rsquo;engagement du Togo \u00e0 soutenir pleinement toutes les initiatives de paix de la communaut\u00e9 internationale en faveur de la normalisation de la situation au Soudan.<\/td><\/tr><\/tbody><\/table><\/figure>\n","protected":false},"excerpt":{"rendered":"<p>&nbsp;Le Chef de la diplomatie togolaise, Prof Robert DUSSEY, a effectu\u00e9 une visite de travail \u00e0 Port-Soudan le 28 octobre 2023, au cours de laquelle il a \u00e9t\u00e9 re\u00e7u en audience par le G\u00e9n\u00e9ral Abdel Fattah AL-BURHAN, Pr\u00e9sident du Conseil de Souverainet\u00e9 de Transition du Soudan. Cette visite intervient quelques mois apr\u00e8s la tenue du [&hellip;]<\/p>\n","protected":false},"author":2,"featured_media":6404,"comment_status":"open","ping_status":"open","sticky":false,"template":"","format":"standard","meta":{"footnotes":""},"categories":[2,124],"tags":[],"class_list":{"0":"post-6403","1":"post","2":"type-post","3":"status-publish","4":"format-standard","5":"has-post-thumbnail","7":"category-diplomatie","8":"category-la-une"},"_links":{"self":[{"href":"https:\/\/corpsdiplomaticnews.tg\/index.php\/wp-json\/wp\/v2\/posts\/6403","targetHints":{"allow":["GET"]}}],"collection":[{"href":"https:\/\/corpsdiplomaticnews.tg\/index.php\/wp-json\/wp\/v2\/posts"}],"about":[{"href":"https:\/\/corpsdiplomaticnews.tg\/index.php\/wp-json\/wp\/v2\/types\/post"}],"author":[{"embeddable":true,"href":"https:\/\/corpsdiplomaticnews.tg\/index.php\/wp-json\/wp\/v2\/users\/2"}],"replies":[{"embeddable":true,"href":"https:\/\/corpsdiplomaticnews.tg\/index.php\/wp-json\/wp\/v2\/comments?post=6403"}],"version-history":[{"count":2,"href":"https:\/\/corpsdiplomaticnews.tg\/index.php\/wp-json\/wp\/v2\/posts\/6403\/revisions"}],"predecessor-version":[{"id":6406,"href":"https:\/\/corpsdiplomaticnews.tg\/index.php\/wp-json\/wp\/v2\/posts\/6403\/revisions\/6406"}],"wp:featuredmedia":[{"embeddable":true,"href":"https:\/\/corpsdiplomaticnews.tg\/index.php\/wp-json\/wp\/v2\/media\/6404"}],"wp:attachment":[{"href":"https:\/\/corpsdiplomaticnews.tg\/index.php\/wp-json\/wp\/v2\/media?parent=6403"}],"wp:term":[{"taxonomy":"category","embeddable":true,"href":"https:\/\/corpsdiplomaticnews.tg\/index.php\/wp-json\/wp\/v2\/categories?post=6403"},{"taxonomy":"post_tag","embeddable":true,"href":"https:\/\/corpsdiplomaticnews.tg\/index.php\/wp-json\/wp\/v2\/tags?post=6403"}],"curies":[{"name":"wp","href":"https:\/\/api.w.org\/{rel}","templated":true}]}}