{"id":6082,"date":"2023-10-06T09:35:36","date_gmt":"2023-10-06T09:35:36","guid":{"rendered":"http:\/\/corpsdiplomaticnews.tg\/?p=6082"},"modified":"2023-10-06T09:35:37","modified_gmt":"2023-10-06T09:35:37","slug":"crise-au-sein-du-car-les-fausses-mains-tendues-du-camp-date-et-compagnies","status":"publish","type":"post","link":"https:\/\/corpsdiplomaticnews.tg\/index.php\/2023\/10\/06\/crise-au-sein-du-car-les-fausses-mains-tendues-du-camp-date-et-compagnies\/","title":{"rendered":"Crise au sein du CAR: les fausses mains tendues \u00a0du camp DATE\u00a0 et compagnies"},"content":{"rendered":"\n<p>Depuis la tenue unilat\u00e9rale du congr\u00e8s du Comit\u00e9 d\u2019Action pour le Renouveau (CAR) \u00a0le 27 mai 2023 par certains militants, le Parti\u00a0 de Me AGBOYIBO\u00a0 est entr\u00e9\u00a0 dans une crise.\u00a0 Curieusement, celui-l\u00e0 qui se dit \u00e9lu pr\u00e9sident du parti, DATE\u00a0 Yao avait d\u00e9clar\u00e9 \u00e0 qui voulait l\u2019entendre qu\u2019il a les bras ouverts pour accueillir ceux qui n\u2019avaient pris part \u00e0 ce congr\u00e8s et qui soutenaient le Bureau de la Transition mis en place par le pr\u00e9c\u00e9dent congr\u00e8s des 29 et 30 Avril 2023. <\/p>\n\n\n\n<p><\/p>\n\n\n\n<figure class=\"wp-block-image size-full\"><img loading=\"lazy\" loading=\"lazy\" decoding=\"async\" width=\"768\" height=\"576\" src=\"http:\/\/corpsdiplomaticnews.tg\/wp-content\/uploads\/2023\/01\/CAR-768x576-1.jpg\" alt=\"\" class=\"wp-image-4033\" srcset=\"https:\/\/corpsdiplomaticnews.tg\/wp-content\/uploads\/2023\/01\/CAR-768x576-1.jpg 768w, https:\/\/corpsdiplomaticnews.tg\/wp-content\/uploads\/2023\/01\/CAR-768x576-1-300x225.jpg 300w\" sizes=\"auto, (max-width: 768px) 100vw, 768px\" \/><\/figure>\n\n\n\n<p>Ne voulant pas&nbsp; se laisser faire, le Bureau de la Transition a initi\u00e9 tr\u00e8s t\u00f4t un certain nombre d\u2019actes d\u2019huissier afin de barrer la voie \u00e0 \u00abla forfaiture du 27 mai 2023, appel\u00e9e\u2018\u2019reprise du congr\u00e8s statutaire du CAR\u2019\u2019&nbsp;\u00bb par Robert DATE&nbsp; et ses lieutenants.<\/p>\n\n\n\n<p>Mais devant leur obstination \u00e0 foncer droit dans la dissidence et \u00e0 mettre en veilleuse les valeurs d\u00e9fendues par le pr\u00e9sident fondateur de ce parti, la majorit\u00e9&nbsp; des membres du &nbsp;Bureau de la Transition &nbsp;&nbsp;afin d\u2019\u00e9viter des confrontations,&nbsp; avait d\u00e9cid\u00e9 &nbsp;d\u2019opter&nbsp; pour&nbsp; une proc\u00e9dure judiciaire aupr\u00e8s du juge des r\u00e9f\u00e9r\u00e9s du Tribunal de&nbsp; Lom\u00e9 en assignant &nbsp;le 25 juillet 2023, les sieurs &nbsp;KONLANI Yendouban et &nbsp;DATE Yao Robert, ceci conform\u00e9ment \u00e0 la charte des partis politiques.<\/p>\n\n\n\n<p>Le 25 septembre dernier, le juge des r\u00e9f\u00e9r\u00e9s s\u2019est d\u00e9clar\u00e9 incomp\u00e9tent pour juger le litige entre les deux camps, <strong>au motif que les demandes formul\u00e9es aussi bien par les requ\u00e9rants que les requis, soul\u00e8vent des contestations s\u00e9rieuses qui \u00e9chappent \u00e0 son champ d\u2019application<\/strong>. Une d\u00e9cision que ne semble pas comprendre les lieutenants de DATE  qui crient sur les m\u00e9dias que \u00ab\u00a0le juge a d\u00e9bout\u00e9  les requ\u00e9rants\u00a0\u00bb. <\/p>\n\n\n\n<p>Parall\u00e8lement, deux responsables de partis politiques ont joint leur voix \u00e0 celle de Togbui DAGBAN, en initiant une r\u00e9conciliation entre les camps. Une \u00a0tentative de conciliation pr\u00e9vue\u00a0 pour le mercredi 04 octobre 2023 \u00e0 18 heures au domicile de Togbui DAGBAN \u00a0s\u2019est sold\u00e9e par un fiasco, \u00ab\u00a0le camp\u00a0 DATE a choisi de briller par son absence\u00a0\u00bb. Voil\u00e0 comment ceux qui clament sur tous les toits qu\u2019ils \u00a0sont ouverts au dialogue, qu\u2019ils ont les bras ouverts pour colmater les br\u00e8ches, se comportent.\u00a0 <\/p>\n\n\n\n<p>Qu\u2019\u00e0 cela ne tienne, le pr\u00e9sident du Bureau de Transition, Awuku NADOR\u00a0 a bris\u00e9 le silence \u00e0 travers un communiqu\u00e9 dont voici la teneur.<\/p>\n\n\n\n<p><strong><u>COMMUNIQUE DE PRESSE<\/u><\/strong><\/p>\n\n\n\n<p>Le Pr\u00e9sident du Bureau National de la transition du CAR rappelle que depuis mai 2023, un certain nombres d\u2019actes d\u2019huissier avaient \u00e9t\u00e9 pris par le bureau de la transition pour dissuader&nbsp; Monsieur KONLANI et&nbsp; ses complices d\u2019op\u00e9rer&nbsp; la forfaiture du 27 mai 2023, appel\u00e9e\u2018\u2019reprise du congr\u00e8s statutaire du CAR\u2019\u2019.<\/p>\n\n\n\n<p>Pire leur pr\u00e9tendu bureau mis en place a commis des voies de fait en bloquant l\u2019acc\u00e8s au si\u00e8ge aux membres et personnels du parti&nbsp; et en prenant un acte ill\u00e9gal pour supprimer tous les droits&nbsp; du personnel.<\/p>\n\n\n\n<p>Dans le cas de ces d\u00e9rives, qui s\u00e8ment de troubles dans l\u2019opinion et de contentieux relatifs \u00e0 des actes d\u2019administration d\u2019une association, la pratique proc\u00e9durale judiciaire et la charte des partis politiques (Article 22 et suivants) donnent comp\u00e9tence au juge des r\u00e9f\u00e9r\u00e9s du tribunal du si\u00e8ge de l\u2019association ou du lieu des actes de troubles.<\/p>\n\n\n\n<p>Pour \u00e9viter toutes confrontations,&nbsp; la majorit\u00e9 des membres&nbsp; du bureau national de la transition&nbsp; issu&nbsp; du 5<sup>\u00e8me<\/sup> congr\u00e8s statutaire unitaire des 29 et 30 avril 2023, ont saisi le juge des r\u00e9f\u00e9r\u00e9s le 25 juillet 2023, par assignation de Monsieur KONLANI Yendouban et de Monsieur DATE Yao Robert.<\/p>\n\n\n\n<p>Notre demande principale audit juge est de voir ordonner, pour violation irr\u00e9futable des dispositions statutaires du CAR, l\u2019annulation de la pr\u00e9tendue reprise du 5<sup>\u00e8me<\/sup> congr\u00e8s statutaire du 27 mai 2023 et la r\u00e9vocation du mandat des membres du bureau dissident&nbsp; pr\u00e9sid\u00e9 par Monsieur DATE que nous estimons ill\u00e9gitime et ill\u00e9gal.<\/p>\n\n\n\n<p>&nbsp;L\u2019avocat des requis a soulev\u00e9 et plaid\u00e9 l\u2019incomp\u00e9tence du juge des r\u00e9f\u00e9r\u00e9s en arguant qu\u2019il existe entre les parties au proc\u00e8s, au regard des demandes formul\u00e9es par les requ\u00e9rants, de contestations s\u00e9rieuses qui appellent le juge des r\u00e9f\u00e9r\u00e9s \u00e0 se d\u00e9clarer incomp\u00e9tent au profit du juge de droit commun qui serait comp\u00e9tent pour statuer sur le fond du litige. En d\u2019autres termes, les requis ont demand\u00e9 au juge des r\u00e9f\u00e9r\u00e9s de renvoyer les parties devant le juge de fond pour que leurs demandes soient examin\u00e9es et jug\u00e9es.<\/p>\n\n\n\n<p>Le juge des r\u00e9f\u00e9r\u00e9s s\u2019est d\u00e9clar\u00e9 incomp\u00e9tent \u00e0 conna\u00eetre du litige au motif que les demandes formul\u00e9es aussi bien par les requ\u00e9rants que les requis, soul\u00e8vent des contestations s\u00e9rieuses qui \u00e9chappent \u00e0 son champ d\u2019application. La d\u00e9cision compl\u00e8te du juge n\u2019est pas encore disponible pour savoir les motivations (Arguments) du juge qui d\u00e9montrent que les demandes des parties constituent des contestations s\u00e9rieuses.<\/p>\n\n\n\n<p>Suite \u00e0 cette ordonnance d\u2019incomp\u00e9tence du 25 septembre 2023 rendue par le juge des r\u00e9f\u00e9r\u00e9s du tribunal de grande instance de Lom\u00e9, la loi nous offre des voies de recours. Nous aviserons de leur usage parce que nous ne sommes point des voyous pour recourir aux violences et voies de fait.<\/p>\n\n\n\n<p>Toutefois, les voies de recours, si elles sont enclench\u00e9es, seront abandonn\u00e9es au cas o\u00f9 nos adversaires d\u00e9cideront de revenir en de meilleurs sentiments.<\/p>\n\n\n\n<p>C\u2019est dans cette optique que le bureau national de la transition a accept\u00e9 l\u2019initiative de&nbsp; Togbui Dagban et deux chefs de partis politiques qui ont invit\u00e9 les deux camps \u00e0 une tentative de conciliation le mercredi 04 octobre 2023 \u00e0 18 heures. Tristement le camp&nbsp; DATE a choisi de briller par son absence.<\/p>\n\n\n\n<p>Voil\u00e0, le degr\u00e9 d\u2019humilit\u00e9 de nos protagonistes qui d\u00e9clarent publiquement sur les cha\u00eenes de radios nationales qu\u2019ils sont dans l\u2019esprit de r\u00e9conciliation.<\/p>\n\n\n\n<p>Le Bureau National de la Transition continuera&nbsp; de mettre tout en \u0153uvre pour sauver le patrimoine de Me Yawovi AGBOYIBO.<\/p>\n\n\n\n<p>Fait \u00e0 Lom\u00e9, le 05 octobre 2023<\/p>\n\n\n\n<p>Le Pr\u00e9sident National de la Transition<\/p>\n\n\n\n<p><strong>Awuku NADOR<\/strong><\/p>\n","protected":false},"excerpt":{"rendered":"<p>Depuis la tenue unilat\u00e9rale du congr\u00e8s du Comit\u00e9 d\u2019Action pour le Renouveau (CAR) \u00a0le 27 mai 2023 par certains militants, le Parti\u00a0 de Me AGBOYIBO\u00a0 est entr\u00e9\u00a0 dans une crise.\u00a0 Curieusement, celui-l\u00e0 qui se dit \u00e9lu pr\u00e9sident du parti, DATE\u00a0 Yao avait d\u00e9clar\u00e9 \u00e0 qui voulait l\u2019entendre qu\u2019il a les bras ouverts pour accueillir ceux [&hellip;]<\/p>\n","protected":false},"author":2,"featured_media":4033,"comment_status":"open","ping_status":"open","sticky":false,"template":"","format":"standard","meta":{"footnotes":""},"categories":[4],"tags":[],"class_list":{"0":"post-6082","1":"post","2":"type-post","3":"status-publish","4":"format-standard","5":"has-post-thumbnail","7":"category-politique"},"_links":{"self":[{"href":"https:\/\/corpsdiplomaticnews.tg\/index.php\/wp-json\/wp\/v2\/posts\/6082","targetHints":{"allow":["GET"]}}],"collection":[{"href":"https:\/\/corpsdiplomaticnews.tg\/index.php\/wp-json\/wp\/v2\/posts"}],"about":[{"href":"https:\/\/corpsdiplomaticnews.tg\/index.php\/wp-json\/wp\/v2\/types\/post"}],"author":[{"embeddable":true,"href":"https:\/\/corpsdiplomaticnews.tg\/index.php\/wp-json\/wp\/v2\/users\/2"}],"replies":[{"embeddable":true,"href":"https:\/\/corpsdiplomaticnews.tg\/index.php\/wp-json\/wp\/v2\/comments?post=6082"}],"version-history":[{"count":1,"href":"https:\/\/corpsdiplomaticnews.tg\/index.php\/wp-json\/wp\/v2\/posts\/6082\/revisions"}],"predecessor-version":[{"id":6083,"href":"https:\/\/corpsdiplomaticnews.tg\/index.php\/wp-json\/wp\/v2\/posts\/6082\/revisions\/6083"}],"wp:featuredmedia":[{"embeddable":true,"href":"https:\/\/corpsdiplomaticnews.tg\/index.php\/wp-json\/wp\/v2\/media\/4033"}],"wp:attachment":[{"href":"https:\/\/corpsdiplomaticnews.tg\/index.php\/wp-json\/wp\/v2\/media?parent=6082"}],"wp:term":[{"taxonomy":"category","embeddable":true,"href":"https:\/\/corpsdiplomaticnews.tg\/index.php\/wp-json\/wp\/v2\/categories?post=6082"},{"taxonomy":"post_tag","embeddable":true,"href":"https:\/\/corpsdiplomaticnews.tg\/index.php\/wp-json\/wp\/v2\/tags?post=6082"}],"curies":[{"name":"wp","href":"https:\/\/api.w.org\/{rel}","templated":true}]}}