{"id":5854,"date":"2023-09-12T09:45:21","date_gmt":"2023-09-12T09:45:21","guid":{"rendered":"http:\/\/corpsdiplomaticnews.tg\/?p=5854"},"modified":"2023-09-12T13:16:14","modified_gmt":"2023-09-12T13:16:14","slug":"les-diplomates-au-togo-ont-fait-leur-rentree-pour-le-compte-de-lannee-2023-2024","status":"publish","type":"post","link":"https:\/\/corpsdiplomaticnews.tg\/index.php\/2023\/09\/12\/les-diplomates-au-togo-ont-fait-leur-rentree-pour-le-compte-de-lannee-2023-2024\/","title":{"rendered":"Les diplomates au Togo ont fait leur rentr\u00e9e pour le compte de l\u2019ann\u00e9e 2023-2024"},"content":{"rendered":"\n<p>\u00ab&nbsp;Les transitions d\u00e9mocratiques en Afrique entre r\u00eaves et r\u00e9alit\u00e9s\u00bb. C\u2019est sur ce th\u00e8me que les diplomates en poste au Togo ont effectu\u00e9 ce lundi 11 septembre, leur rentr\u00e9e pour le compte de l\u2019ann\u00e9e 2023-2024.&nbsp;<\/p>\n\n\n\n<figure class=\"wp-block-image size-full\"><img loading=\"lazy\" loading=\"lazy\" decoding=\"async\" width=\"800\" height=\"537\" src=\"http:\/\/corpsdiplomaticnews.tg\/wp-content\/uploads\/2023\/09\/DUS3.jpg\" alt=\"\" class=\"wp-image-5855\" srcset=\"https:\/\/corpsdiplomaticnews.tg\/wp-content\/uploads\/2023\/09\/DUS3.jpg 800w, https:\/\/corpsdiplomaticnews.tg\/wp-content\/uploads\/2023\/09\/DUS3-300x201.jpg 300w, https:\/\/corpsdiplomaticnews.tg\/wp-content\/uploads\/2023\/09\/DUS3-768x516.jpg 768w\" sizes=\"auto, (max-width: 800px) 100vw, 800px\" \/><\/figure>\n\n\n\n<p>La rencontre a connu la pr\u00e9sence effective du Chef de la diplomatie togolaise, le professeur Robert DUSSEY&nbsp; entour\u00e9 des cadres de son minist\u00e8re.&nbsp; Pour mener \u00e0 bien cette rentr\u00e9e, le ministre a sollicit\u00e9 un conf\u00e9rencier de taille en la personne de l\u2019ancien premier ministre de transition au Togo (1991-1994), Maitre Joseph Kokou KOFFIGOH  afin de faciliter la compr\u00e9hension dudit th\u00e8me.<\/p>\n\n\n\n<figure class=\"wp-block-image size-full\"><img loading=\"lazy\" loading=\"lazy\" decoding=\"async\" width=\"800\" height=\"537\" src=\"http:\/\/corpsdiplomaticnews.tg\/wp-content\/uploads\/2023\/09\/DUS2.jpg\" alt=\"\" class=\"wp-image-5856\" srcset=\"https:\/\/corpsdiplomaticnews.tg\/wp-content\/uploads\/2023\/09\/DUS2.jpg 800w, https:\/\/corpsdiplomaticnews.tg\/wp-content\/uploads\/2023\/09\/DUS2-300x201.jpg 300w, https:\/\/corpsdiplomaticnews.tg\/wp-content\/uploads\/2023\/09\/DUS2-768x516.jpg 768w\" sizes=\"auto, (max-width: 800px) 100vw, 800px\" \/><\/figure>\n\n\n\n<p>                                          <strong>Maitre Joseph Kokou KOFFIGOH<\/strong>, <strong>conf\u00e9rencier<\/strong><\/p>\n\n\n\n<p>Ainsi le pr\u00e9sentateur a structur\u00e9 son expos\u00e9 en trois parties \u00e0 savoir les aspirations populaires des ann\u00e9es 90;&nbsp; les transitions d\u00e9mocratiques: typologies et mise en \u0153uvre&nbsp;; et les nouvelles transitions pour la restauration de l\u2019ordre constitutionnel. Il &nbsp;ressort de sa pr\u00e9sentation qu\u2019il y a une complexit\u00e9 autour des transitions qui ont cours sur le continent. Selon l\u2019orateur, &nbsp;si dans les ann\u00e9es 90, beaucoup de &nbsp;pays ont commenc\u00e9 par mettre fin aux r\u00e9gimes militaires \u00e0 la chute du m\u00fbr de Berlin et le discours de la Baule de Fran\u00e7ois Mitterrand &nbsp;par des transitions d\u00e9mocratiques, force est de constater ces trois derni\u00e8res ann\u00e9es la recrudescence &nbsp;des coups d\u2019Etat militaires, qui sont curieusement applaudis par les populations. Quoiqu\u2019il en soit, soutient l\u2019ancien&nbsp; premier ministre, les transitions militaires doivent \u00eatre \u00ab&nbsp;appr\u00e9hend\u00e9es comme une r\u00e9gence dont la dur\u00e9e ne doit pas d\u00e9passer trois ans&nbsp;\u00bb et garantir tous les droits \u00ab&nbsp;allant jusqu&rsquo;\u00e0 la protection de ceux qui ont perdu le pouvoir&nbsp; et non \u00eatre une occasion de chasse aux sorci\u00e8res\u00bb. Aussi, a-t-il soulign\u00e9 que \u00ab&nbsp;les transitions doivent exorciser le pass\u00e9 car les &nbsp;souffrances laissent beaucoup de traces que les liesses populaires&nbsp;\u00bb.<\/p>\n\n\n\n<p><\/p>\n\n\n\n<figure class=\"wp-block-image size-full\"><img loading=\"lazy\" loading=\"lazy\" decoding=\"async\" width=\"715\" height=\"445\" src=\"http:\/\/corpsdiplomaticnews.tg\/wp-content\/uploads\/2023\/09\/IFORDD-A-0F.jpg\" alt=\"\" class=\"wp-image-5783\" srcset=\"https:\/\/corpsdiplomaticnews.tg\/wp-content\/uploads\/2023\/09\/IFORDD-A-0F.jpg 715w, https:\/\/corpsdiplomaticnews.tg\/wp-content\/uploads\/2023\/09\/IFORDD-A-0F-300x187.jpg 300w\" sizes=\"auto, (max-width: 715px) 100vw, 715px\" \/><\/figure>\n\n\n\n<p>Il a par ailleurs relev\u00e9 les d\u00e9fis auxquels les transitions sont confront\u00e9es \u00e0 savoir la souverainet\u00e9 \u00e9conomique et mon\u00e9taire, les crises migratoires et surtout le ch\u00f4mage end\u00e9mique des jeunes. <\/p>\n\n\n\n<figure class=\"wp-block-image size-full\"><img loading=\"lazy\" loading=\"lazy\" decoding=\"async\" width=\"800\" height=\"497\" src=\"http:\/\/corpsdiplomaticnews.tg\/wp-content\/uploads\/2023\/09\/DUS1.jpg\" alt=\"\" class=\"wp-image-5861\" srcset=\"https:\/\/corpsdiplomaticnews.tg\/wp-content\/uploads\/2023\/09\/DUS1.jpg 800w, https:\/\/corpsdiplomaticnews.tg\/wp-content\/uploads\/2023\/09\/DUS1-300x186.jpg 300w, https:\/\/corpsdiplomaticnews.tg\/wp-content\/uploads\/2023\/09\/DUS1-768x477.jpg 768w\" sizes=\"auto, (max-width: 800px) 100vw, 800px\" \/><\/figure>\n\n\n\n<p>Il sied de rappeler qu\u2019avant cette conf\u00e9rence publique inaugurant l\u2019ann\u00e9e diplomatique, le Professeur Robert DUSSEY  (<strong>photo)<\/strong>  a pris soin de mentionner dans son discours de circonstance les activit\u00e9s qui seront au menu de  cette ann\u00e9e.&nbsp; Sans ambages, il a touch\u00e9 du doigt la tenue les 21 et 22 octobre prochains, de la premi\u00e8re \u00e9dition de \u00abLom\u00e9 Peace and Security Forum&nbsp;\u00bb et l\u2019organisation du 9<sup>e<\/sup> congr\u00e8s Panafricain au second semestre de l\u2019ann\u00e9e 2024.<\/p>\n\n\n\n<figure class=\"wp-block-image size-full\"><img loading=\"lazy\" loading=\"lazy\" decoding=\"async\" width=\"800\" height=\"600\" src=\"http:\/\/corpsdiplomaticnews.tg\/wp-content\/uploads\/2023\/09\/11.jpg\" alt=\"\" class=\"wp-image-5864\" srcset=\"https:\/\/corpsdiplomaticnews.tg\/wp-content\/uploads\/2023\/09\/11.jpg 800w, https:\/\/corpsdiplomaticnews.tg\/wp-content\/uploads\/2023\/09\/11-300x225.jpg 300w, https:\/\/corpsdiplomaticnews.tg\/wp-content\/uploads\/2023\/09\/11-768x576.jpg 768w\" sizes=\"auto, (max-width: 800px) 100vw, 800px\" \/><\/figure>\n\n\n\n<p>                              <strong>(De gauche \u00e0 droite, les Ambassadeurs \u00e9gyptien, turque, indien et br\u00e9silien)<\/strong><\/p>\n\n\n\n<figure class=\"wp-block-image size-full\"><img loading=\"lazy\" loading=\"lazy\" decoding=\"async\" width=\"800\" height=\"537\" src=\"http:\/\/corpsdiplomaticnews.tg\/wp-content\/uploads\/2023\/09\/DUS4.jpg\" alt=\"\" class=\"wp-image-5862\" srcset=\"https:\/\/corpsdiplomaticnews.tg\/wp-content\/uploads\/2023\/09\/DUS4.jpg 800w, https:\/\/corpsdiplomaticnews.tg\/wp-content\/uploads\/2023\/09\/DUS4-300x201.jpg 300w, https:\/\/corpsdiplomaticnews.tg\/wp-content\/uploads\/2023\/09\/DUS4-768x516.jpg 768w\" sizes=\"auto, (max-width: 800px) 100vw, 800px\" \/><\/figure>\n\n\n\n<p>Soulignons que la rentr\u00e9e diplomatique a connu la participation de plusieurs personnalit\u00e9s du monde diplomatique et consulaire, des acteurs politiques, des universitaires et des repr\u00e9sentants de la soci\u00e9t\u00e9 civile.<\/p>\n","protected":false},"excerpt":{"rendered":"<p>\u00ab&nbsp;Les transitions d\u00e9mocratiques en Afrique entre r\u00eaves et r\u00e9alit\u00e9s\u00bb. C\u2019est sur ce th\u00e8me que les diplomates en poste au Togo ont effectu\u00e9 ce lundi 11 septembre, leur rentr\u00e9e pour le compte de l\u2019ann\u00e9e 2023-2024.&nbsp; La rencontre a connu la pr\u00e9sence effective du Chef de la diplomatie togolaise, le professeur Robert DUSSEY&nbsp; entour\u00e9 des cadres de [&hellip;]<\/p>\n","protected":false},"author":2,"featured_media":5855,"comment_status":"open","ping_status":"open","sticky":false,"template":"","format":"standard","meta":{"footnotes":""},"categories":[2,124],"tags":[],"class_list":{"0":"post-5854","1":"post","2":"type-post","3":"status-publish","4":"format-standard","5":"has-post-thumbnail","7":"category-diplomatie","8":"category-la-une"},"_links":{"self":[{"href":"https:\/\/corpsdiplomaticnews.tg\/index.php\/wp-json\/wp\/v2\/posts\/5854","targetHints":{"allow":["GET"]}}],"collection":[{"href":"https:\/\/corpsdiplomaticnews.tg\/index.php\/wp-json\/wp\/v2\/posts"}],"about":[{"href":"https:\/\/corpsdiplomaticnews.tg\/index.php\/wp-json\/wp\/v2\/types\/post"}],"author":[{"embeddable":true,"href":"https:\/\/corpsdiplomaticnews.tg\/index.php\/wp-json\/wp\/v2\/users\/2"}],"replies":[{"embeddable":true,"href":"https:\/\/corpsdiplomaticnews.tg\/index.php\/wp-json\/wp\/v2\/comments?post=5854"}],"version-history":[{"count":5,"href":"https:\/\/corpsdiplomaticnews.tg\/index.php\/wp-json\/wp\/v2\/posts\/5854\/revisions"}],"predecessor-version":[{"id":5867,"href":"https:\/\/corpsdiplomaticnews.tg\/index.php\/wp-json\/wp\/v2\/posts\/5854\/revisions\/5867"}],"wp:featuredmedia":[{"embeddable":true,"href":"https:\/\/corpsdiplomaticnews.tg\/index.php\/wp-json\/wp\/v2\/media\/5855"}],"wp:attachment":[{"href":"https:\/\/corpsdiplomaticnews.tg\/index.php\/wp-json\/wp\/v2\/media?parent=5854"}],"wp:term":[{"taxonomy":"category","embeddable":true,"href":"https:\/\/corpsdiplomaticnews.tg\/index.php\/wp-json\/wp\/v2\/categories?post=5854"},{"taxonomy":"post_tag","embeddable":true,"href":"https:\/\/corpsdiplomaticnews.tg\/index.php\/wp-json\/wp\/v2\/tags?post=5854"}],"curies":[{"name":"wp","href":"https:\/\/api.w.org\/{rel}","templated":true}]}}