{"id":5746,"date":"2023-08-29T23:58:23","date_gmt":"2023-08-29T23:58:23","guid":{"rendered":"http:\/\/corpsdiplomaticnews.tg\/?p=5746"},"modified":"2023-08-31T11:19:15","modified_gmt":"2023-08-31T11:19:15","slug":"a-lome-le-centre-dinformations-des-nations-unies-sensibilise-des-jeunes-sur-les-competences-vertes","status":"publish","type":"post","link":"https:\/\/corpsdiplomaticnews.tg\/index.php\/2023\/08\/29\/a-lome-le-centre-dinformations-des-nations-unies-sensibilise-des-jeunes-sur-les-competences-vertes\/","title":{"rendered":"A Lom\u00e9, le Centre d\u2019Information des Nations Unies sensibilise des jeunes sur les comp\u00e9tences vertes"},"content":{"rendered":"\n<p>Depuis 1999,&nbsp; les Nations Unies ont&nbsp; d\u00e9cid\u00e9 de c\u00e9l\u00e9brer chaque 12 ao\u00fbt, la Journ\u00e9e Internationale de la Jeunesse. Pour cette ann\u00e9e 2023, le th\u00e8me choisi est&nbsp;: \u00ab&nbsp;Comp\u00e9tences vertes pour les jeunes: vers un monde durable\u00bb. Le Centre d\u2019Information des Nations Unies \u00e0 Lom\u00e9 a c\u00e9l\u00e9br\u00e9 cette \u00e9dition en diff\u00e9r\u00e9 ce mardi 29 ao\u00fbt 2023 avec un slogan&nbsp; sp\u00e9cial: \u00ab&nbsp;Jeunesse en avant comme agents de changement pour&nbsp; les objectifs&nbsp; mondiaux&nbsp;\u00bb. <\/p>\n\n\n\n<p>Et pour la circonstance, il a r\u00e9uni ce jour \u00e0 la Maison des jeunes \u00e0 Amadahom\u00e9 \u00e0 Lom\u00e9, environ une centaine de jeunes. Objectif, susciter davantage l\u2019engagement de ceux-ci pour le d\u00e9veloppement des comp\u00e9tences vertes et l\u2019importance de leur implication dans la mise en \u0153uvre des Objectifs de D\u00e9veloppement Durable au Togo.<\/p>\n\n\n\n<p><\/p>\n\n\n\n<figure class=\"wp-block-image size-full\"><img loading=\"lazy\" loading=\"lazy\" decoding=\"async\" width=\"800\" height=\"600\" src=\"http:\/\/corpsdiplomaticnews.tg\/wp-content\/uploads\/2023\/08\/002-1.jpg\" alt=\"\" class=\"wp-image-5753\" srcset=\"https:\/\/corpsdiplomaticnews.tg\/wp-content\/uploads\/2023\/08\/002-1.jpg 800w, https:\/\/corpsdiplomaticnews.tg\/wp-content\/uploads\/2023\/08\/002-1-300x225.jpg 300w, https:\/\/corpsdiplomaticnews.tg\/wp-content\/uploads\/2023\/08\/002-1-768x576.jpg 768w\" sizes=\"auto, (max-width: 800px) 100vw, 800px\" \/><\/figure>\n\n\n\n<p>Pour la circonstance, Madame Nadi\u00e9tou ZIBILILA, Responsable du CINU Lom\u00e9, a lu&nbsp; aux participants le message publi\u00e9 \u00e0 l\u2019occasion de cette journ\u00e9e par le Secr\u00e9taire G\u00e9n\u00e9ral des Nations Unies, Antonio Guterres.<\/p>\n\n\n\n<p>\u00ab&nbsp;Le th\u00e8me de cette ann\u00e9e nous rappelle qu\u2019il est important de veiller \u00e0 ce que les jeunes acqui\u00e8rent des comp\u00e9tences dans une \u00e9conomie verte en plein essor, et puissent les mettre au profit. Qu\u2019il s\u2019agisse de techniques durables innovantes, d\u2019\u00e9nergies renouvelables ou de r\u00e9volutions dans les syst\u00e8mes de transport et l\u2019activit\u00e9 industrielle, les jeunes doivent disposer des comp\u00e9tences et des connaissances qui permettront de fa\u00e7onner un avenir plus propre, plus vert et plus r\u00e9silient face aux changements climatiques.\u00bb, a \u00e9crit monsieur GUTERRES.<\/p>\n\n\n\n<p><\/p>\n\n\n\n<figure class=\"wp-block-image size-full\"><img loading=\"lazy\" loading=\"lazy\" decoding=\"async\" width=\"800\" height=\"600\" src=\"http:\/\/corpsdiplomaticnews.tg\/wp-content\/uploads\/2023\/08\/001Z.jpg\" alt=\"\" class=\"wp-image-5747\" srcset=\"https:\/\/corpsdiplomaticnews.tg\/wp-content\/uploads\/2023\/08\/001Z.jpg 800w, https:\/\/corpsdiplomaticnews.tg\/wp-content\/uploads\/2023\/08\/001Z-300x225.jpg 300w, https:\/\/corpsdiplomaticnews.tg\/wp-content\/uploads\/2023\/08\/001Z-768x576.jpg 768w\" sizes=\"auto, (max-width: 800px) 100vw, 800px\" \/><\/figure>\n\n\n\n<p>Selon Madame ZIBILILA (<strong>photo ci-dessus<\/strong>), cette journ\u00e9e est organis\u00e9e \u00e0 l\u2019endroit de la jeunesse togolaise pour \u00ab&nbsp;am\u00e9liorer son niveau de compr\u00e9hension sur les \u00e9nergies vertes et les \u00e9nergies fossiles&nbsp;\u00bb.<\/p>\n\n\n\n<p>Faut-il le rappeler, les comp\u00e9tences vertes sont \u00ab&nbsp;les connaissances, les aptitudes, les valeurs et attitudes n\u00e9cessaires pour vivre, d\u00e9velopper et soutenir une soci\u00e9t\u00e9 durable et \u00e9conome en ressources&nbsp;\u00bb. Et si les comp\u00e9tences vertes concernent les personnes de tous \u00e2ges, elles rev\u00eatent une importance accrue pour les jeunes, qui peuvent contribuer \u00e0 la transition \u00e9cologique pendant une p\u00e9riode plus longue&nbsp;\u00bb.<\/p>\n\n\n\n<p>La journ\u00e9e de sensibilisation a connu la pr\u00e9sence du pr\u00e9sident du Conseil R\u00e9gional de la jeunesse, Grand Lom\u00e9, Monsieur Aboubakar IBRAHIME (<strong>photo ci-dessous<\/strong>) qui a salu\u00e9 l\u2019initiative du CINU.<\/p>\n\n\n\n<figure class=\"wp-block-image size-full\"><img loading=\"lazy\" loading=\"lazy\" decoding=\"async\" width=\"800\" height=\"600\" src=\"http:\/\/corpsdiplomaticnews.tg\/wp-content\/uploads\/2023\/08\/00K.jpg\" alt=\"\" class=\"wp-image-5759\" srcset=\"https:\/\/corpsdiplomaticnews.tg\/wp-content\/uploads\/2023\/08\/00K.jpg 800w, https:\/\/corpsdiplomaticnews.tg\/wp-content\/uploads\/2023\/08\/00K-300x225.jpg 300w, https:\/\/corpsdiplomaticnews.tg\/wp-content\/uploads\/2023\/08\/00K-768x576.jpg 768w\" sizes=\"auto, (max-width: 800px) 100vw, 800px\" \/><\/figure>\n\n\n\n<p>Il sied de pr\u00e9ciser qu&rsquo;un expos\u00e9  a \u00e9t\u00e9 \u00a0au menu de cette journ\u00e9e \u00e0 savoir\u00a0 l\u2019\u00ab\u00a0Expos\u00e9 \u00e9ducatif sur la notion de comp\u00e9tences vertes et la n\u00e9cessit\u00e9 de l\u2019implication des jeunes pour la mise en \u0153uvre des ODD\u00a0\u00bb  d\u00e9velopp\u00e9 par monsieur Abiziou TCHINGUILOU, charg\u00e9 de programme Environnement, Energie et Climat au PNUD.\u00a0  \u00a0<\/p>\n","protected":false},"excerpt":{"rendered":"<p>Depuis 1999,&nbsp; les Nations Unies ont&nbsp; d\u00e9cid\u00e9 de c\u00e9l\u00e9brer chaque 12 ao\u00fbt, la Journ\u00e9e Internationale de la Jeunesse. Pour cette ann\u00e9e 2023, le th\u00e8me choisi est&nbsp;: \u00ab&nbsp;Comp\u00e9tences vertes pour les jeunes: vers un monde durable\u00bb. Le Centre d\u2019Information des Nations Unies \u00e0 Lom\u00e9 a c\u00e9l\u00e9br\u00e9 cette \u00e9dition en diff\u00e9r\u00e9 ce mardi 29 ao\u00fbt 2023 avec [&hellip;]<\/p>\n","protected":false},"author":2,"featured_media":5747,"comment_status":"open","ping_status":"open","sticky":false,"template":"","format":"standard","meta":{"footnotes":""},"categories":[105,124],"tags":[],"class_list":{"0":"post-5746","1":"post","2":"type-post","3":"status-publish","4":"format-standard","5":"has-post-thumbnail","7":"category-developpement","8":"category-la-une"},"_links":{"self":[{"href":"https:\/\/corpsdiplomaticnews.tg\/index.php\/wp-json\/wp\/v2\/posts\/5746","targetHints":{"allow":["GET"]}}],"collection":[{"href":"https:\/\/corpsdiplomaticnews.tg\/index.php\/wp-json\/wp\/v2\/posts"}],"about":[{"href":"https:\/\/corpsdiplomaticnews.tg\/index.php\/wp-json\/wp\/v2\/types\/post"}],"author":[{"embeddable":true,"href":"https:\/\/corpsdiplomaticnews.tg\/index.php\/wp-json\/wp\/v2\/users\/2"}],"replies":[{"embeddable":true,"href":"https:\/\/corpsdiplomaticnews.tg\/index.php\/wp-json\/wp\/v2\/comments?post=5746"}],"version-history":[{"count":6,"href":"https:\/\/corpsdiplomaticnews.tg\/index.php\/wp-json\/wp\/v2\/posts\/5746\/revisions"}],"predecessor-version":[{"id":5771,"href":"https:\/\/corpsdiplomaticnews.tg\/index.php\/wp-json\/wp\/v2\/posts\/5746\/revisions\/5771"}],"wp:featuredmedia":[{"embeddable":true,"href":"https:\/\/corpsdiplomaticnews.tg\/index.php\/wp-json\/wp\/v2\/media\/5747"}],"wp:attachment":[{"href":"https:\/\/corpsdiplomaticnews.tg\/index.php\/wp-json\/wp\/v2\/media?parent=5746"}],"wp:term":[{"taxonomy":"category","embeddable":true,"href":"https:\/\/corpsdiplomaticnews.tg\/index.php\/wp-json\/wp\/v2\/categories?post=5746"},{"taxonomy":"post_tag","embeddable":true,"href":"https:\/\/corpsdiplomaticnews.tg\/index.php\/wp-json\/wp\/v2\/tags?post=5746"}],"curies":[{"name":"wp","href":"https:\/\/api.w.org\/{rel}","templated":true}]}}