{"id":5398,"date":"2023-07-28T17:52:33","date_gmt":"2023-07-28T17:52:33","guid":{"rendered":"http:\/\/corpsdiplomaticnews.tg\/?p=5398"},"modified":"2023-07-29T00:50:30","modified_gmt":"2023-07-29T00:50:30","slug":"le-charge-daffaires-romuald-ongala-a-honore-le-gabon-a-la-fete-nationale-degypte-a-lome","status":"publish","type":"post","link":"https:\/\/corpsdiplomaticnews.tg\/index.php\/2023\/07\/28\/le-charge-daffaires-romuald-ongala-a-honore-le-gabon-a-la-fete-nationale-degypte-a-lome\/","title":{"rendered":"Le Charg\u00e9 d\u2019Affaires Romuald\u00a0 ONGALA \u00a0a honor\u00e9 \u00a0le \u00a0Gabon \u00a0\u00e0 la f\u00eate nationale d\u2019Egypte \u00e0 Lom\u00e9"},"content":{"rendered":"\n<p>Le 71<sup>e<\/sup> anniversaire de l\u2019accession de l\u2019Egypte \u00e0 la souverainet\u00e9 internationale a \u00e9t\u00e9 c\u00e9l\u00e9br\u00e9 &nbsp;en diff\u00e9r\u00e9 ce &nbsp;27 juillet \u00e0 Lom\u00e9. A cette occasion, &nbsp;l\u2019Ambassadeur \u00e9gyptien en poste \u00e0 Lom\u00e9, &nbsp;Ahmed El Sammawi, &nbsp;a &nbsp;convi\u00e9 &nbsp;des membres du corps diplomatique accr\u00e9dit\u00e9s \u00e0 Lom\u00e9,&nbsp; des hommes d\u2019affaires et des membres du gouvernement togolais \u00e0 un cocktail.<\/p>\n\n\n\n<figure class=\"wp-block-image size-full\"><img loading=\"lazy\" loading=\"lazy\" decoding=\"async\" width=\"800\" height=\"578\" src=\"http:\/\/corpsdiplomaticnews.tg\/wp-content\/uploads\/2023\/07\/G3.jpg\" alt=\"\" class=\"wp-image-5399\" srcset=\"https:\/\/corpsdiplomaticnews.tg\/wp-content\/uploads\/2023\/07\/G3.jpg 800w, https:\/\/corpsdiplomaticnews.tg\/wp-content\/uploads\/2023\/07\/G3-300x217.jpg 300w, https:\/\/corpsdiplomaticnews.tg\/wp-content\/uploads\/2023\/07\/G3-768x555.jpg 768w\" sizes=\"auto, (max-width: 800px) 100vw, 800px\" \/><\/figure>\n\n\n\n<p>                  <strong>Poignet de mains entre le Charg\u00e9 d&rsquo;Affaires du Maroc et son homologue Gabonais<\/strong> <strong>(\u00e0 droite)<\/strong><\/p>\n\n\n\n<p><\/p>\n\n\n\n<p>Et parmi ces invit\u00e9s figure en bonne place, le tout nouveau Charg\u00e9 d\u2019Affaires par int\u00e9rim\u00a0 \u00e0 l\u2019Ambassade du Gabon \u00e0 Lom\u00e9.\u00a0 \u00a0Serge Romuald \u00a0ONGALA, puisqu\u2019il s\u2019agit bien\u00a0 de lui, a repr\u00e9sent\u00e9 dignement son pays lors de cette c\u00e9l\u00e9bration.\u00a0 Avec comme ligne de mire, la diplomatie \u00e9conomique.\u00a0<\/p>\n\n\n\n<figure class=\"wp-block-image size-full\"><img loading=\"lazy\" loading=\"lazy\" decoding=\"async\" width=\"349\" height=\"506\" src=\"http:\/\/corpsdiplomaticnews.tg\/wp-content\/uploads\/2023\/07\/011.jpg\" alt=\"\" class=\"wp-image-5401\" srcset=\"https:\/\/corpsdiplomaticnews.tg\/wp-content\/uploads\/2023\/07\/011.jpg 349w, https:\/\/corpsdiplomaticnews.tg\/wp-content\/uploads\/2023\/07\/011-207x300.jpg 207w\" sizes=\"auto, (max-width: 349px) 100vw, 349px\" \/><\/figure>\n\n\n\n<p><strong>Monsieur ONGALA et l&rsquo;Ambassadeur \u00e9gyptien<\/strong><\/p>\n\n\n\n<p>Lors de l&rsquo;\u00e9v\u00e9nement, le Charg\u00e9 d&rsquo;Affaires s&rsquo;est attel\u00e9 \u00e0 nouer des contacts avec ses coll\u00e8gues et surtout des hommes d&rsquo;affaires qui \u00e9taient de la partie. <\/p>\n\n\n\n<p><\/p>\n\n\n\n<figure class=\"wp-block-image size-full\"><img loading=\"lazy\" loading=\"lazy\" decoding=\"async\" width=\"800\" height=\"578\" src=\"http:\/\/corpsdiplomaticnews.tg\/wp-content\/uploads\/2023\/07\/G4.jpg\" alt=\"\" class=\"wp-image-5407\" srcset=\"https:\/\/corpsdiplomaticnews.tg\/wp-content\/uploads\/2023\/07\/G4.jpg 800w, https:\/\/corpsdiplomaticnews.tg\/wp-content\/uploads\/2023\/07\/G4-300x217.jpg 300w, https:\/\/corpsdiplomaticnews.tg\/wp-content\/uploads\/2023\/07\/G4-768x555.jpg 768w\" sizes=\"auto, (max-width: 800px) 100vw, 800px\" \/><\/figure>\n\n\n\n<p><strong>Vue partielle des invit\u00e9s <\/strong><\/p>\n","protected":false},"excerpt":{"rendered":"<p>Le 71e anniversaire de l\u2019accession de l\u2019Egypte \u00e0 la souverainet\u00e9 internationale a \u00e9t\u00e9 c\u00e9l\u00e9br\u00e9 &nbsp;en diff\u00e9r\u00e9 ce &nbsp;27 juillet \u00e0 Lom\u00e9. A cette occasion, &nbsp;l\u2019Ambassadeur \u00e9gyptien en poste \u00e0 Lom\u00e9, &nbsp;Ahmed El Sammawi, &nbsp;a &nbsp;convi\u00e9 &nbsp;des membres du corps diplomatique accr\u00e9dit\u00e9s \u00e0 Lom\u00e9,&nbsp; des hommes d\u2019affaires et des membres du gouvernement togolais \u00e0 un cocktail. [&hellip;]<\/p>\n","protected":false},"author":2,"featured_media":5401,"comment_status":"open","ping_status":"open","sticky":false,"template":"","format":"standard","meta":{"footnotes":""},"categories":[2,124],"tags":[],"class_list":{"0":"post-5398","1":"post","2":"type-post","3":"status-publish","4":"format-standard","5":"has-post-thumbnail","7":"category-diplomatie","8":"category-la-une"},"_links":{"self":[{"href":"https:\/\/corpsdiplomaticnews.tg\/index.php\/wp-json\/wp\/v2\/posts\/5398","targetHints":{"allow":["GET"]}}],"collection":[{"href":"https:\/\/corpsdiplomaticnews.tg\/index.php\/wp-json\/wp\/v2\/posts"}],"about":[{"href":"https:\/\/corpsdiplomaticnews.tg\/index.php\/wp-json\/wp\/v2\/types\/post"}],"author":[{"embeddable":true,"href":"https:\/\/corpsdiplomaticnews.tg\/index.php\/wp-json\/wp\/v2\/users\/2"}],"replies":[{"embeddable":true,"href":"https:\/\/corpsdiplomaticnews.tg\/index.php\/wp-json\/wp\/v2\/comments?post=5398"}],"version-history":[{"count":5,"href":"https:\/\/corpsdiplomaticnews.tg\/index.php\/wp-json\/wp\/v2\/posts\/5398\/revisions"}],"predecessor-version":[{"id":5415,"href":"https:\/\/corpsdiplomaticnews.tg\/index.php\/wp-json\/wp\/v2\/posts\/5398\/revisions\/5415"}],"wp:featuredmedia":[{"embeddable":true,"href":"https:\/\/corpsdiplomaticnews.tg\/index.php\/wp-json\/wp\/v2\/media\/5401"}],"wp:attachment":[{"href":"https:\/\/corpsdiplomaticnews.tg\/index.php\/wp-json\/wp\/v2\/media?parent=5398"}],"wp:term":[{"taxonomy":"category","embeddable":true,"href":"https:\/\/corpsdiplomaticnews.tg\/index.php\/wp-json\/wp\/v2\/categories?post=5398"},{"taxonomy":"post_tag","embeddable":true,"href":"https:\/\/corpsdiplomaticnews.tg\/index.php\/wp-json\/wp\/v2\/tags?post=5398"}],"curies":[{"name":"wp","href":"https:\/\/api.w.org\/{rel}","templated":true}]}}