{"id":4687,"date":"2023-05-03T16:42:43","date_gmt":"2023-05-03T16:42:43","guid":{"rendered":"http:\/\/www.corpsdiplomatique.tg\/?p=4687"},"modified":"2023-05-04T00:16:39","modified_gmt":"2023-05-04T00:16:39","slug":"lalliance-politique-africaine-prend-corps-a-lome","status":"publish","type":"post","link":"https:\/\/corpsdiplomaticnews.tg\/index.php\/2023\/05\/03\/lalliance-politique-africaine-prend-corps-a-lome\/","title":{"rendered":"<strong>L\u2019Alliance \u00a0politique africaine prend corps \u00e0 Lom\u00e9<\/strong>"},"content":{"rendered":"\n<p>Le ton de la &nbsp;premi\u00e8re conf\u00e9rence&nbsp; de l\u2019Alliance &nbsp;politique africaine (APA) &nbsp;a \u00e9t\u00e9 donn\u00e9 ce mercredi 03 mai 2023 \u00e0 Lom\u00e9 par le Premier Ministre togolais, Victoire TOMEGAH DOGBE.<\/p>\n\n\n\n<p><\/p>\n\n\n\n<figure class=\"wp-block-image size-full\"><img loading=\"lazy\" loading=\"lazy\" decoding=\"async\" width=\"800\" height=\"531\" src=\"http:\/\/www.corpsdiplomatique.tg\/wp-content\/uploads\/2023\/05\/PM.jpg\" alt=\"\" class=\"wp-image-4675\" srcset=\"https:\/\/corpsdiplomaticnews.tg\/wp-content\/uploads\/2023\/05\/PM.jpg 800w, https:\/\/corpsdiplomaticnews.tg\/wp-content\/uploads\/2023\/05\/PM-300x199.jpg 300w, https:\/\/corpsdiplomaticnews.tg\/wp-content\/uploads\/2023\/05\/PM-768x510.jpg 768w, https:\/\/corpsdiplomaticnews.tg\/wp-content\/uploads\/2023\/05\/PM-330x220.jpg 330w, https:\/\/corpsdiplomaticnews.tg\/wp-content\/uploads\/2023\/05\/PM-420x280.jpg 420w\" sizes=\"auto, (max-width: 800px) 100vw, 800px\" \/><figcaption class=\"wp-element-caption\">                         <strong>Victoire TOMEGAH DOGBE, Premier  Ministre du Togo<\/strong><\/figcaption><\/figure>\n\n\n\n<p>La c\u00e9r\u00e9monie d\u2019ouverture de cette conf\u00e9rence a \u00e9t\u00e9 pr\u00e9sid\u00e9e par le Premier Ministre qui, dans son allocution de circonstance, a touch\u00e9 du doigt les d\u00e9fis auxquels le continent est confront\u00e9 et pour lesquels \u00ab\u00a0des solutions africaines doivent \u00eatre trouv\u00e9es\u00bb. C\u2019est ce qui justifie la cr\u00e9ation de cette Alliance. \u00ab\u00a0L\u2019Afrique doit avoir sa propre voie et faire entendre sa voix dans le concert des Nations. La tenue de la pr\u00e9sente conf\u00e9rence est un \u00e9v\u00e9nement important dans notre histoire commune. Un \u00e9v\u00e9nement qui permettra de renforcer notre convergence de vue et de coordonner nos efforts pour l\u2019\u00e9mergence de narratifs africains\u00bb, \u00a0a martel\u00e9 Victoire  Tom\u00e9gah-Dogb\u00e9 devant le parterre des invit\u00e9s.<\/p>\n\n\n\n<p><\/p>\n\n\n\n<figure class=\"wp-block-image size-full\"><img loading=\"lazy\" loading=\"lazy\" decoding=\"async\" width=\"800\" height=\"531\" src=\"http:\/\/www.corpsdiplomatique.tg\/wp-content\/uploads\/2023\/05\/DUSSEY.jpg\" alt=\"\" class=\"wp-image-4679\" srcset=\"https:\/\/corpsdiplomaticnews.tg\/wp-content\/uploads\/2023\/05\/DUSSEY.jpg 800w, https:\/\/corpsdiplomaticnews.tg\/wp-content\/uploads\/2023\/05\/DUSSEY-300x199.jpg 300w, https:\/\/corpsdiplomaticnews.tg\/wp-content\/uploads\/2023\/05\/DUSSEY-768x510.jpg 768w, https:\/\/corpsdiplomaticnews.tg\/wp-content\/uploads\/2023\/05\/DUSSEY-330x220.jpg 330w, https:\/\/corpsdiplomaticnews.tg\/wp-content\/uploads\/2023\/05\/DUSSEY-420x280.jpg 420w\" sizes=\"auto, (max-width: 800px) 100vw, 800px\" \/><figcaption class=\"wp-element-caption\">                  <strong>Professeur Robert DUSSEY, Chef de la diplomatie togolaise <\/strong><\/figcaption><\/figure>\n\n\n\n<p>Pour sa part, le Chef de la diplomatie togolaise, le Professeur Robert Dussey, dans son mot de bienvenue, a donn\u00e9 des pr\u00e9cisions concernant l\u2019Alliance Politique Africaine (APA). Pour lui, APA se veut \u00eatre une plateforme de concertation, de dialogue politique et d\u2019actions communes pour les \u00c9tats africains membres fond\u00e9e sur les liens historiques de fraternit\u00e9 et de solidarit\u00e9 entre les peuples d\u2019Afrique, ainsi que sur les principes d\u2019\u00e9galit\u00e9 souveraine des \u00c9tats, d\u2019ind\u00e9pendance, d\u2019interd\u00e9pendance et d\u2019unit\u00e9 d\u2019action.<\/p>\n\n\n\n<p><\/p>\n\n\n\n<figure class=\"wp-block-image size-full\"><img loading=\"lazy\" loading=\"lazy\" decoding=\"async\" width=\"800\" height=\"531\" src=\"http:\/\/www.corpsdiplomatique.tg\/wp-content\/uploads\/2023\/05\/TABLE-PAP.jpg\" alt=\"\" class=\"wp-image-4685\" srcset=\"https:\/\/corpsdiplomaticnews.tg\/wp-content\/uploads\/2023\/05\/TABLE-PAP.jpg 800w, https:\/\/corpsdiplomaticnews.tg\/wp-content\/uploads\/2023\/05\/TABLE-PAP-300x199.jpg 300w, https:\/\/corpsdiplomaticnews.tg\/wp-content\/uploads\/2023\/05\/TABLE-PAP-768x510.jpg 768w, https:\/\/corpsdiplomaticnews.tg\/wp-content\/uploads\/2023\/05\/TABLE-PAP-330x220.jpg 330w, https:\/\/corpsdiplomaticnews.tg\/wp-content\/uploads\/2023\/05\/TABLE-PAP-420x280.jpg 420w\" sizes=\"auto, (max-width: 800px) 100vw, 800px\" \/><figcaption class=\"wp-element-caption\">                                <strong>Table d&rsquo;honneur \u00e0 l&rsquo;ouverture des travaux <\/strong><\/figcaption><\/figure>\n\n\n\n<p>Elle ambitionne \u00e9galement &nbsp;de devenir, tout en collaborant en bonne intelligence avec les organisations r\u00e9gionales existantes et l\u2019Union africaine, un nouveau cadre de coop\u00e9ration intra-africaine afin de relever les d\u00e9fis communs auxquels les pays et les r\u00e9gions du continent sont confront\u00e9s en mati\u00e8re de d\u00e9veloppement, de s\u00e9curit\u00e9 et de lutte contre le terrorisme.<\/p>\n\n\n\n<p>&nbsp;Cette conf\u00e9rence vise \u00e0 permettre aux participants de d\u2019\u00e9changer sur les enjeux et les d\u00e9fis actuels de l\u2019Afrique aussi bien au plan interne qu\u2019ext\u00e9rieur dans un monde en pleine mutation et recomposition g\u00e9opolitique mais aussi g\u00e9ostrat\u00e9gique o\u00f9 l\u2019Afrique entend s\u2019affirmer comme un p\u00f4le de pouvoir et une actrice majeure des relations internationales.<\/p>\n\n\n\n<p>Faut-il le souligner, la rencontre a connu la participation des ministres des Affaires Etrang\u00e8res de certains pays ouest-africains, de l\u2019Afrique centrale et d\u2019autres r\u00e9gions du continent.<\/p>\n\n\n\n<p>Il sied de pr\u00e9ciser que trois sessions sont au menu de cette conf\u00e9rence \u00e0 savoir:<\/p>\n\n\n\n<p>\u00ab&nbsp;Positionnement, souverainet\u00e9 et positions communes de l\u2019Afrique sur la sc\u00e8ne internationale: rep\u00e8res et perspectives\u00bb, \u00ab&nbsp;Panafricanisme et renaissance africaine: enjeux et d\u00e9fis actuels, promesses de demain&nbsp;\u00bb, &nbsp;et \u00ab&nbsp;R\u00e9ponses aux d\u00e9fis de la paix et de la s\u00e9curit\u00e9 en Afrique: renforcer la coop\u00e9ration et les capacit\u00e9s endog\u00e8nes de riposte&nbsp; contre le terrorisme&nbsp;\u00bb.<\/p>\n","protected":false},"excerpt":{"rendered":"<p>Le ton de la &nbsp;premi\u00e8re conf\u00e9rence&nbsp; de l\u2019Alliance &nbsp;politique africaine (APA) &nbsp;a \u00e9t\u00e9 donn\u00e9 ce mercredi 03 mai 2023 \u00e0 Lom\u00e9 par le Premier Ministre togolais, Victoire TOMEGAH DOGBE. La c\u00e9r\u00e9monie d\u2019ouverture de cette conf\u00e9rence a \u00e9t\u00e9 pr\u00e9sid\u00e9e par le Premier Ministre qui, dans son allocution de circonstance, a touch\u00e9 du doigt les d\u00e9fis auxquels [&hellip;]<\/p>\n","protected":false},"author":2,"featured_media":4681,"comment_status":"open","ping_status":"open","sticky":false,"template":"","format":"standard","meta":{"footnotes":""},"categories":[2,124],"tags":[],"class_list":{"0":"post-4687","1":"post","2":"type-post","3":"status-publish","4":"format-standard","5":"has-post-thumbnail","7":"category-diplomatie","8":"category-la-une"},"_links":{"self":[{"href":"https:\/\/corpsdiplomaticnews.tg\/index.php\/wp-json\/wp\/v2\/posts\/4687","targetHints":{"allow":["GET"]}}],"collection":[{"href":"https:\/\/corpsdiplomaticnews.tg\/index.php\/wp-json\/wp\/v2\/posts"}],"about":[{"href":"https:\/\/corpsdiplomaticnews.tg\/index.php\/wp-json\/wp\/v2\/types\/post"}],"author":[{"embeddable":true,"href":"https:\/\/corpsdiplomaticnews.tg\/index.php\/wp-json\/wp\/v2\/users\/2"}],"replies":[{"embeddable":true,"href":"https:\/\/corpsdiplomaticnews.tg\/index.php\/wp-json\/wp\/v2\/comments?post=4687"}],"version-history":[{"count":4,"href":"https:\/\/corpsdiplomaticnews.tg\/index.php\/wp-json\/wp\/v2\/posts\/4687\/revisions"}],"predecessor-version":[{"id":4695,"href":"https:\/\/corpsdiplomaticnews.tg\/index.php\/wp-json\/wp\/v2\/posts\/4687\/revisions\/4695"}],"wp:featuredmedia":[{"embeddable":true,"href":"https:\/\/corpsdiplomaticnews.tg\/index.php\/wp-json\/wp\/v2\/media\/4681"}],"wp:attachment":[{"href":"https:\/\/corpsdiplomaticnews.tg\/index.php\/wp-json\/wp\/v2\/media?parent=4687"}],"wp:term":[{"taxonomy":"category","embeddable":true,"href":"https:\/\/corpsdiplomaticnews.tg\/index.php\/wp-json\/wp\/v2\/categories?post=4687"},{"taxonomy":"post_tag","embeddable":true,"href":"https:\/\/corpsdiplomaticnews.tg\/index.php\/wp-json\/wp\/v2\/tags?post=4687"}],"curies":[{"name":"wp","href":"https:\/\/api.w.org\/{rel}","templated":true}]}}