{"id":4365,"date":"2023-03-15T23:23:02","date_gmt":"2023-03-15T23:23:02","guid":{"rendered":"http:\/\/www.corpsdiplomatique.tg\/?p=4365"},"modified":"2023-03-15T23:59:20","modified_gmt":"2023-03-15T23:59:20","slug":"conseil-des-ministres-dr-lidi-bessi-kama-resolument-engagee-a-redorer-limage-du-football-togolais","status":"publish","type":"post","link":"https:\/\/corpsdiplomaticnews.tg\/index.php\/2023\/03\/15\/conseil-des-ministres-dr-lidi-bessi-kama-resolument-engagee-a-redorer-limage-du-football-togolais\/","title":{"rendered":"<strong>Conseil des Ministres: Dr Lidi BESSI-KAMA r\u00e9solument engag\u00e9e \u00e0 redorer l\u2019image du football togolais<\/strong>"},"content":{"rendered":"\n<p>L\u2019Ex\u00e9cutif togolais a tenu ce mercredi 15 mars 2023, un &nbsp;Conseil des Ministres sous la houlette du pr\u00e9sident de la R\u00e9publique, Faure Gnassingb\u00e9.<\/p>\n\n\n\n<p>Au cours de cette rencontre, &nbsp;le conseil a examin\u00e9 deux projets de d\u00e9crets et \u00e9cout\u00e9 cinq communications &nbsp;dont celle &nbsp;relative au projet de professionnalisation du football&nbsp; togolais , &nbsp;pr\u00e9sent\u00e9e par le ministre des sports et des loisirs. <\/p>\n\n\n\n<figure class=\"wp-block-image size-full\"><img loading=\"lazy\" loading=\"lazy\" decoding=\"async\" width=\"800\" height=\"600\" src=\"http:\/\/www.corpsdiplomatique.tg\/wp-content\/uploads\/2023\/03\/0LIDI.jpg\" alt=\"\" class=\"wp-image-4321\" srcset=\"https:\/\/corpsdiplomaticnews.tg\/wp-content\/uploads\/2023\/03\/0LIDI.jpg 800w, https:\/\/corpsdiplomaticnews.tg\/wp-content\/uploads\/2023\/03\/0LIDI-300x225.jpg 300w, https:\/\/corpsdiplomaticnews.tg\/wp-content\/uploads\/2023\/03\/0LIDI-768x576.jpg 768w\" sizes=\"auto, (max-width: 800px) 100vw, 800px\" \/><figcaption class=\"wp-element-caption\">                                      <strong>Dr Lidi BESSI-KAMA, Ministre des Sports et des Loisirs <\/strong><\/figcaption><\/figure>\n\n\n\n<p>Dr Lidi BESSI-KAMA, puisqu\u2019il s\u2019agit bien d\u2019elle, a, lors de cette communication,&nbsp; &nbsp;mis l\u2019accent sur la n\u00e9cessit\u00e9&nbsp; de professionnalisation du football togolais \u00e0 travers une&nbsp; meilleure organisation des \u00e9quipes, &nbsp;une am\u00e9lioration&nbsp; des infrastructures et de nouvelles normes de gestion&nbsp; \u00e9conomique. <br>&nbsp;Ces r\u00e9formes, \u00e0 en croire le ministre, &nbsp;s\u2019inscrivent dans la volont\u00e9 du&nbsp; gouvernement de faire du sport en g\u00e9n\u00e9ral et &nbsp;du football en particulier, un vecteur de cr\u00e9ation de richesses et de&nbsp; coh\u00e9sion sociale.&nbsp; &nbsp;<\/p>\n\n\n\n<p>Le conseil \u00a0l\u2019a instruit \u00a0\u00e0 \u00a0poursuivre \u00a0les r\u00e9flexions afin\u00a0 d\u2019envisager la mise en \u0153uvre \u00e0 travers une phase pilote\u00a0 permettant de mieux d\u00e9finir les conditions de r\u00e9ussite de la\u00a0 professionnalisation au b\u00e9n\u00e9fice du football national.<\/p>\n\n\n\n<p>Signalons que les pas sont en train d&rsquo;\u00eatre pos\u00e9s d&rsquo;ores et d\u00e9j\u00e0 pour la professionnalisation du football togolais. En t\u00e9moignent la reprise des championnats scolaires et universitaires et la construction  de deux centres de d\u00e9veloppement des  sports \u00e0 Kpalim\u00e9 et \u00e0 Bassar. <\/p>\n","protected":false},"excerpt":{"rendered":"<p>L\u2019Ex\u00e9cutif togolais a tenu ce mercredi 15 mars 2023, un &nbsp;Conseil des Ministres sous la houlette du pr\u00e9sident de la R\u00e9publique, Faure Gnassingb\u00e9. Au cours de cette rencontre, &nbsp;le conseil a examin\u00e9 deux projets de d\u00e9crets et \u00e9cout\u00e9 cinq communications &nbsp;dont celle &nbsp;relative au projet de professionnalisation du football&nbsp; togolais , &nbsp;pr\u00e9sent\u00e9e par le ministre [&hellip;]<\/p>\n","protected":false},"author":2,"featured_media":4321,"comment_status":"open","ping_status":"open","sticky":false,"template":"","format":"standard","meta":{"footnotes":""},"categories":[9,124],"tags":[],"class_list":{"0":"post-4365","1":"post","2":"type-post","3":"status-publish","4":"format-standard","5":"has-post-thumbnail","7":"category-azimuts","8":"category-la-une"},"_links":{"self":[{"href":"https:\/\/corpsdiplomaticnews.tg\/index.php\/wp-json\/wp\/v2\/posts\/4365","targetHints":{"allow":["GET"]}}],"collection":[{"href":"https:\/\/corpsdiplomaticnews.tg\/index.php\/wp-json\/wp\/v2\/posts"}],"about":[{"href":"https:\/\/corpsdiplomaticnews.tg\/index.php\/wp-json\/wp\/v2\/types\/post"}],"author":[{"embeddable":true,"href":"https:\/\/corpsdiplomaticnews.tg\/index.php\/wp-json\/wp\/v2\/users\/2"}],"replies":[{"embeddable":true,"href":"https:\/\/corpsdiplomaticnews.tg\/index.php\/wp-json\/wp\/v2\/comments?post=4365"}],"version-history":[{"count":2,"href":"https:\/\/corpsdiplomaticnews.tg\/index.php\/wp-json\/wp\/v2\/posts\/4365\/revisions"}],"predecessor-version":[{"id":4368,"href":"https:\/\/corpsdiplomaticnews.tg\/index.php\/wp-json\/wp\/v2\/posts\/4365\/revisions\/4368"}],"wp:featuredmedia":[{"embeddable":true,"href":"https:\/\/corpsdiplomaticnews.tg\/index.php\/wp-json\/wp\/v2\/media\/4321"}],"wp:attachment":[{"href":"https:\/\/corpsdiplomaticnews.tg\/index.php\/wp-json\/wp\/v2\/media?parent=4365"}],"wp:term":[{"taxonomy":"category","embeddable":true,"href":"https:\/\/corpsdiplomaticnews.tg\/index.php\/wp-json\/wp\/v2\/categories?post=4365"},{"taxonomy":"post_tag","embeddable":true,"href":"https:\/\/corpsdiplomaticnews.tg\/index.php\/wp-json\/wp\/v2\/tags?post=4365"}],"curies":[{"name":"wp","href":"https:\/\/api.w.org\/{rel}","templated":true}]}}