{"id":4315,"date":"2023-03-08T19:52:21","date_gmt":"2023-03-08T19:52:21","guid":{"rendered":"http:\/\/www.corpsdiplomatique.tg\/?p=4315"},"modified":"2023-03-08T20:34:07","modified_gmt":"2023-03-08T20:34:07","slug":"urgent-ferdinand-ayite-a-fait-un-signe-de-vie","status":"publish","type":"post","link":"https:\/\/corpsdiplomaticnews.tg\/index.php\/2023\/03\/08\/urgent-ferdinand-ayite-a-fait-un-signe-de-vie\/","title":{"rendered":"Urgent: le journaliste togolais, Ferdinand AYITE a fait un signe de vie"},"content":{"rendered":"\n<p>Port\u00e9 disparu depuis dimanche 05 mars \u00e0 une convocation du service de renseignement de la gendarmerie togolaise, le journaliste Ferdinand AYITE\u00a0 vient de faire un signe de vie ce mercredi 08 mars autour de 19h TU. Voici les premiers mots qu\u2019il a post\u00e9s sur sa page facebook.<\/p>\n\n\n\n<p>\u00ab&nbsp;Bonjour \u00e0 tous. Ceci est un signe de vie pour rassurer tous ceux qui s\u2019inqui\u00e8tent depuis dimanche. Je vais relativement bien malgr\u00e9 cette effroyable \u00e9preuve et je suis plus ou moins \u00e0 l\u2019abri du danger pour l instant. Je reviendrai pour des d\u00e9tails plus tard. Merci \u00e0 tous, que Dieu vous b\u00e9nisse.\u00bb<\/p>\n\n\n\n<p>Signalons que Ferdinand Messan AYITE est le Directeur de Publication du journal \u00ab&nbsp;L\u2019Alternative&nbsp;\u00bb<\/p>\n","protected":false},"excerpt":{"rendered":"<p>Port\u00e9 disparu depuis dimanche 05 mars \u00e0 une convocation du service de renseignement de la gendarmerie togolaise, le journaliste Ferdinand AYITE\u00a0 vient de faire un signe de vie ce mercredi 08 mars autour de 19h TU. Voici les premiers mots qu\u2019il a post\u00e9s sur sa page facebook. \u00ab&nbsp;Bonjour \u00e0 tous. Ceci est un signe de [&hellip;]<\/p>\n","protected":false},"author":2,"featured_media":4316,"comment_status":"open","ping_status":"open","sticky":false,"template":"","format":"standard","meta":{"footnotes":""},"categories":[9,124],"tags":[],"class_list":{"0":"post-4315","1":"post","2":"type-post","3":"status-publish","4":"format-standard","5":"has-post-thumbnail","7":"category-azimuts","8":"category-la-une"},"_links":{"self":[{"href":"https:\/\/corpsdiplomaticnews.tg\/index.php\/wp-json\/wp\/v2\/posts\/4315","targetHints":{"allow":["GET"]}}],"collection":[{"href":"https:\/\/corpsdiplomaticnews.tg\/index.php\/wp-json\/wp\/v2\/posts"}],"about":[{"href":"https:\/\/corpsdiplomaticnews.tg\/index.php\/wp-json\/wp\/v2\/types\/post"}],"author":[{"embeddable":true,"href":"https:\/\/corpsdiplomaticnews.tg\/index.php\/wp-json\/wp\/v2\/users\/2"}],"replies":[{"embeddable":true,"href":"https:\/\/corpsdiplomaticnews.tg\/index.php\/wp-json\/wp\/v2\/comments?post=4315"}],"version-history":[{"count":3,"href":"https:\/\/corpsdiplomaticnews.tg\/index.php\/wp-json\/wp\/v2\/posts\/4315\/revisions"}],"predecessor-version":[{"id":4319,"href":"https:\/\/corpsdiplomaticnews.tg\/index.php\/wp-json\/wp\/v2\/posts\/4315\/revisions\/4319"}],"wp:featuredmedia":[{"embeddable":true,"href":"https:\/\/corpsdiplomaticnews.tg\/index.php\/wp-json\/wp\/v2\/media\/4316"}],"wp:attachment":[{"href":"https:\/\/corpsdiplomaticnews.tg\/index.php\/wp-json\/wp\/v2\/media?parent=4315"}],"wp:term":[{"taxonomy":"category","embeddable":true,"href":"https:\/\/corpsdiplomaticnews.tg\/index.php\/wp-json\/wp\/v2\/categories?post=4315"},{"taxonomy":"post_tag","embeddable":true,"href":"https:\/\/corpsdiplomaticnews.tg\/index.php\/wp-json\/wp\/v2\/tags?post=4315"}],"curies":[{"name":"wp","href":"https:\/\/api.w.org\/{rel}","templated":true}]}}