{"id":4261,"date":"2023-03-05T14:33:00","date_gmt":"2023-03-05T14:33:00","guid":{"rendered":"http:\/\/www.corpsdiplomatique.tg\/?p=4261"},"modified":"2023-03-05T15:23:05","modified_gmt":"2023-03-05T15:23:05","slug":"faure-gnassingbe-cree-les-juridictions-militaires-au-togo","status":"publish","type":"post","link":"https:\/\/corpsdiplomaticnews.tg\/index.php\/2023\/03\/05\/faure-gnassingbe-cree-les-juridictions-militaires-au-togo\/","title":{"rendered":"Faure Gnassingb\u00e9 rend op\u00e9rationnelles  les juridictions militaires en nommant 7 magistrats"},"content":{"rendered":"\n<p>Apr\u00e8s la derni\u00e8re modification du Code militaire le 27 d\u00e9cembre dernier par les d\u00e9put\u00e9s, Faure Gnassingb\u00e9 (photo) &nbsp;vient de rendre op\u00e9rationnel ce code &nbsp;en nommant par d\u00e9cret pris le 27 f\u00e9vrier 2023, sept magistrats devant si\u00e9ger dans  les juridictions militaires.<\/p>\n\n\n\n<figure class=\"wp-block-image size-full\"><img loading=\"lazy\" loading=\"lazy\" decoding=\"async\" width=\"592\" height=\"296\" src=\"http:\/\/www.corpsdiplomatique.tg\/wp-content\/uploads\/2022\/10\/00FAURE.jpg\" alt=\"\" class=\"wp-image-3225\" srcset=\"https:\/\/corpsdiplomaticnews.tg\/wp-content\/uploads\/2022\/10\/00FAURE.jpg 592w, https:\/\/corpsdiplomaticnews.tg\/wp-content\/uploads\/2022\/10\/00FAURE-300x150.jpg 300w\" sizes=\"auto, (max-width: 592px) 100vw, 592px\" \/><\/figure>\n\n\n\n<p>Voici donc la composition des juridictions (Cour d\u2019Appel et Tribunal)<\/p>\n\n\n\n<p><strong>Pour la Cour d\u2019appel militaire<\/strong> :<\/p>\n\n\n\n<p><strong>Pr\u00e9sident<\/strong> : WOTTOR Kokou Am\u00e9gboh, Magistrat de 1er grade, 1er groupe, 1er \u00e9chelon, Pr\u00e9sident de la Cour d\u2019appel de Lom\u00e9.<\/p>\n\n\n\n<p><strong>Assesseurs :<\/strong><\/p>\n\n\n\n<p>1- KONDO Ouro-Gnaou, Magistrat de 1er grade, 2\u00e8me groupe, 3\u00e8me \u00e9chelon, Conseiller \u00e0 la Cour d\u2019appel de Lom\u00e9.<\/p>\n\n\n\n<p>2 \u2013 EDZOLEVO Kosi, Magistrat 1er grade, 2\u00e8me groupe, 3\u00e8me \u00e9chelon, Conseiller \u00e0 la Cour d\u2019appel de Lom\u00e9.<\/p>\n\n\n\n<p>3 \u2013 EGBETONYO Kossivi, Magistrat 1er grade, 2\u00e8me groupe, 3\u00e8me \u00e9chelon, Conseiller \u00e0 la Cour d\u2019appel de Lom\u00e9.<\/p>\n\n\n\n<p><strong>Pour le Tribunal Militaire<\/strong> :<\/p>\n\n\n\n<p><strong>Pr\u00e9sident<\/strong> : Ibrahim Awal, Magistrat de 1er grade, 2\u00e8me groupe, 4\u00e8me \u00e9chelon, vice-pr\u00e9sident de la Cour d\u2019appel de Lom\u00e9<\/p>\n\n\n\n<p><strong>Assesseurs :<\/strong><\/p>\n\n\n\n<p>1 \u2013 FOLLY Kossi, Magistrat de 1er grade, 2\u00e8me groupe, 3\u00e8me \u00e9chelon, Conseiller \u00e0 la Cour d\u2019appel de Lom\u00e9.<\/p>\n\n\n\n<p>2 \u2013 LARE Mondou, Magistrat de 1er grade, 2\u00e8me groupe, 3\u00e8me \u00e9chelon, Conseiller \u00e0 la Cour d\u2019appel de Lom\u00e9<\/p>\n\n\n\n<p>Les assesseurs, faut-il le pr\u00e9ciser, sont des magistrats professionnels qui si\u00e8gent aux c\u00f4t\u00e9 du pr\u00e9sident de la cour d\u2019assises.<\/p>\n\n\n\n<p>Notons que l\u2019organisation des juridictions militaires conform\u00e9ment aux principes constitutionnels est r\u00e9gie par la loi N\u00b0 2016-008 du 21 avril 2016, portant nouveau code de justice militaire, une r\u00e9sultante de la refonte de la loi N\u00b0 81-005 du 30 mars 1981, portant code de justice militaire.<\/p>\n\n\n\n<p>Il sied&nbsp; de rappeler que&nbsp; c\u2019est depuis 1981 que le Togo &nbsp;s\u2019est dot\u00e9 &nbsp;de son premier code militaire qui n\u2019a jamais \u00e9t\u00e9 rendu op\u00e9rationnel. Trente-cinq ans plus tard, soit en 2016, ledit code a fait l\u2019objet d\u2019une totale refonte avec la r\u00e9vision de 34 articles pou r promouvoir les juridictions sp\u00e9cialis\u00e9es. En 2022, ce code a, une nouvelle fois, \u00e9t\u00e9 r\u00e9vis\u00e9 avec des dispositions qui favorisent l\u2019effectivit\u00e9 des juridictions militaires au Togo.<\/p>\n","protected":false},"excerpt":{"rendered":"<p>Apr\u00e8s la derni\u00e8re modification du Code militaire le 27 d\u00e9cembre dernier par les d\u00e9put\u00e9s, Faure Gnassingb\u00e9 (photo) &nbsp;vient de rendre op\u00e9rationnel ce code &nbsp;en nommant par d\u00e9cret pris le 27 f\u00e9vrier 2023, sept magistrats devant si\u00e9ger dans les juridictions militaires. Voici donc la composition des juridictions (Cour d\u2019Appel et Tribunal) Pour la Cour d\u2019appel militaire [&hellip;]<\/p>\n","protected":false},"author":2,"featured_media":3225,"comment_status":"open","ping_status":"open","sticky":false,"template":"","format":"standard","meta":{"footnotes":""},"categories":[9,124],"tags":[],"class_list":{"0":"post-4261","1":"post","2":"type-post","3":"status-publish","4":"format-standard","5":"has-post-thumbnail","7":"category-azimuts","8":"category-la-une"},"_links":{"self":[{"href":"https:\/\/corpsdiplomaticnews.tg\/index.php\/wp-json\/wp\/v2\/posts\/4261","targetHints":{"allow":["GET"]}}],"collection":[{"href":"https:\/\/corpsdiplomaticnews.tg\/index.php\/wp-json\/wp\/v2\/posts"}],"about":[{"href":"https:\/\/corpsdiplomaticnews.tg\/index.php\/wp-json\/wp\/v2\/types\/post"}],"author":[{"embeddable":true,"href":"https:\/\/corpsdiplomaticnews.tg\/index.php\/wp-json\/wp\/v2\/users\/2"}],"replies":[{"embeddable":true,"href":"https:\/\/corpsdiplomaticnews.tg\/index.php\/wp-json\/wp\/v2\/comments?post=4261"}],"version-history":[{"count":4,"href":"https:\/\/corpsdiplomaticnews.tg\/index.php\/wp-json\/wp\/v2\/posts\/4261\/revisions"}],"predecessor-version":[{"id":4267,"href":"https:\/\/corpsdiplomaticnews.tg\/index.php\/wp-json\/wp\/v2\/posts\/4261\/revisions\/4267"}],"wp:featuredmedia":[{"embeddable":true,"href":"https:\/\/corpsdiplomaticnews.tg\/index.php\/wp-json\/wp\/v2\/media\/3225"}],"wp:attachment":[{"href":"https:\/\/corpsdiplomaticnews.tg\/index.php\/wp-json\/wp\/v2\/media?parent=4261"}],"wp:term":[{"taxonomy":"category","embeddable":true,"href":"https:\/\/corpsdiplomaticnews.tg\/index.php\/wp-json\/wp\/v2\/categories?post=4261"},{"taxonomy":"post_tag","embeddable":true,"href":"https:\/\/corpsdiplomaticnews.tg\/index.php\/wp-json\/wp\/v2\/tags?post=4261"}],"curies":[{"name":"wp","href":"https:\/\/api.w.org\/{rel}","templated":true}]}}