{"id":3732,"date":"2022-12-09T00:55:41","date_gmt":"2022-12-09T00:55:41","guid":{"rendered":"http:\/\/www.corpsdiplomatique.tg\/?p=3732"},"modified":"2022-12-09T00:55:43","modified_gmt":"2022-12-09T00:55:43","slug":"ledition-2022-de-la-conference-economique-africaine-souvre-ce-09-decembre-en-ile-maurice","status":"publish","type":"post","link":"https:\/\/corpsdiplomaticnews.tg\/index.php\/2022\/12\/09\/ledition-2022-de-la-conference-economique-africaine-souvre-ce-09-decembre-en-ile-maurice\/","title":{"rendered":"<strong>L\u2019\u00e9dition 2022\u00a0 de la Conf\u00e9rence \u00e9conomique africaine s\u2019ouvre ce 09 d\u00e9cembre en Ile Maurice<\/strong>"},"content":{"rendered":"\n<p>Tracer une nouvelle voie pour un d\u00e9veloppement respectueux du climat en Afrique, tel est leitmotiv de la Conf\u00e9rence \u00e9conomique africaine. Ladite rencontre&nbsp; se tient du 9 au 11 d\u00e9cembre 2022&nbsp; \u00e0 Balaclava, en Ile Maurice, &nbsp;en mode hybride.<\/p>\n\n\n\n<p>Plac\u00e9e sous le th\u00e8me: \u00ab\u00a0Soutenir le d\u00e9veloppement intelligent du climat en Afrique\u00a0\u00bb, la rencontre va conna\u00eetre la participation d\u2019\u00e9minentes personnalit\u00e9s \u00e0 l\u2019instar de Prithvirajsing Roopun, Pr\u00e9sident de la R\u00e9publique de Maurice, Dr. Akinwumi \u00a0Adesina, Pr\u00e9sident de la Banque africaine de d\u00e9veloppement et Mme Ahunna Eziakonwa, Sous-Secr\u00e9taire g\u00e9n\u00e9rale des Nations Unies, Administratrice adjointe et Directrice du bureau r\u00e9gional pour l&rsquo;Afrique du PNUD.<\/p>\n\n\n\n<p><\/p>\n\n\n\n<figure class=\"wp-block-image size-full\"><img loading=\"lazy\" loading=\"lazy\" decoding=\"async\" width=\"1024\" height=\"580\" src=\"http:\/\/www.corpsdiplomatique.tg\/wp-content\/uploads\/2022\/12\/AEC2022.jpg\" alt=\"\" class=\"wp-image-3733\" srcset=\"https:\/\/corpsdiplomaticnews.tg\/wp-content\/uploads\/2022\/12\/AEC2022.jpg 1024w, https:\/\/corpsdiplomaticnews.tg\/wp-content\/uploads\/2022\/12\/AEC2022-300x170.jpg 300w, https:\/\/corpsdiplomaticnews.tg\/wp-content\/uploads\/2022\/12\/AEC2022-768x435.jpg 768w, https:\/\/corpsdiplomaticnews.tg\/wp-content\/uploads\/2022\/12\/AEC2022-860x487.jpg 860w\" sizes=\"auto, (max-width: 1024px) 100vw, 1024px\" \/><\/figure>\n\n\n\n<p>Seront \u00e9galement pr\u00e9sents des membres du gouvernement de Maurice, ainsi que des dirigeants et des repr\u00e9sentants de gouvernements africains, d&rsquo;agences des Nations unies, d&rsquo;organisations internationales, du secteur priv\u00e9 et d&rsquo;institutions universitaires.<\/p>\n\n\n\n<p>La conf\u00e9rence&nbsp; offre un forum de discussion sur les d\u00e9fis du changement climatique en Afrique afin d&rsquo;identifier les opportunit\u00e9s et de faire progresser les strat\u00e9gies d&rsquo;adaptation et d&rsquo;att\u00e9nuation. Ainsi, au cours de ces trois jours, des universitaires et de jeunes chercheurs pr\u00e9senteront des travaux de recherche ax\u00e9s sur les solutions permettant d&rsquo;acc\u00e9l\u00e9rer l&rsquo;action climatique en Afrique.&nbsp;<\/p>\n\n\n\n<p>Signalons que la rencontre est conjointement organis\u00e9e par la BAD, le PNUD et la Commission \u00e9conomique des Nations Unies pour l&rsquo;Afrique (CEA). Aussi servira-t-elle de plateforme aux principales parties prenantes pour tenir des discussions sur les le\u00e7ons apprises et identifier les strat\u00e9gies essentielles pour mobiliser des financements afin de soutenir un d\u00e9veloppement \u00e0 faible \u00e9mission de carbone et r\u00e9silient au changement climatique en Afrique.<\/p>\n","protected":false},"excerpt":{"rendered":"<p>Tracer une nouvelle voie pour un d\u00e9veloppement respectueux du climat en Afrique, tel est leitmotiv de la Conf\u00e9rence \u00e9conomique africaine. Ladite rencontre&nbsp; se tient du 9 au 11 d\u00e9cembre 2022&nbsp; \u00e0 Balaclava, en Ile Maurice, &nbsp;en mode hybride. Plac\u00e9e sous le th\u00e8me: \u00ab\u00a0Soutenir le d\u00e9veloppement intelligent du climat en Afrique\u00a0\u00bb, la rencontre va conna\u00eetre la [&hellip;]<\/p>\n","protected":false},"author":2,"featured_media":3733,"comment_status":"open","ping_status":"open","sticky":false,"template":"","format":"standard","meta":{"footnotes":""},"categories":[9,2,124],"tags":[],"class_list":{"0":"post-3732","1":"post","2":"type-post","3":"status-publish","4":"format-standard","5":"has-post-thumbnail","7":"category-azimuts","8":"category-diplomatie","9":"category-la-une"},"_links":{"self":[{"href":"https:\/\/corpsdiplomaticnews.tg\/index.php\/wp-json\/wp\/v2\/posts\/3732","targetHints":{"allow":["GET"]}}],"collection":[{"href":"https:\/\/corpsdiplomaticnews.tg\/index.php\/wp-json\/wp\/v2\/posts"}],"about":[{"href":"https:\/\/corpsdiplomaticnews.tg\/index.php\/wp-json\/wp\/v2\/types\/post"}],"author":[{"embeddable":true,"href":"https:\/\/corpsdiplomaticnews.tg\/index.php\/wp-json\/wp\/v2\/users\/2"}],"replies":[{"embeddable":true,"href":"https:\/\/corpsdiplomaticnews.tg\/index.php\/wp-json\/wp\/v2\/comments?post=3732"}],"version-history":[{"count":1,"href":"https:\/\/corpsdiplomaticnews.tg\/index.php\/wp-json\/wp\/v2\/posts\/3732\/revisions"}],"predecessor-version":[{"id":3734,"href":"https:\/\/corpsdiplomaticnews.tg\/index.php\/wp-json\/wp\/v2\/posts\/3732\/revisions\/3734"}],"wp:featuredmedia":[{"embeddable":true,"href":"https:\/\/corpsdiplomaticnews.tg\/index.php\/wp-json\/wp\/v2\/media\/3733"}],"wp:attachment":[{"href":"https:\/\/corpsdiplomaticnews.tg\/index.php\/wp-json\/wp\/v2\/media?parent=3732"}],"wp:term":[{"taxonomy":"category","embeddable":true,"href":"https:\/\/corpsdiplomaticnews.tg\/index.php\/wp-json\/wp\/v2\/categories?post=3732"},{"taxonomy":"post_tag","embeddable":true,"href":"https:\/\/corpsdiplomaticnews.tg\/index.php\/wp-json\/wp\/v2\/tags?post=3732"}],"curies":[{"name":"wp","href":"https:\/\/api.w.org\/{rel}","templated":true}]}}