{"id":3661,"date":"2022-11-29T15:01:19","date_gmt":"2022-11-29T15:01:19","guid":{"rendered":"http:\/\/www.corpsdiplomatique.tg\/?p=3661"},"modified":"2022-11-29T15:10:03","modified_gmt":"2022-11-29T15:10:03","slug":"robert-dussey-capitalise-la-3e-distinction-en-un-an","status":"publish","type":"post","link":"https:\/\/corpsdiplomaticnews.tg\/index.php\/2022\/11\/29\/robert-dussey-capitalise-la-3e-distinction-en-un-an\/","title":{"rendered":"Robert DUSSEY\u00a0 capitalise la 3e\u00a0 distinction en un an"},"content":{"rendered":"\n<p>D\u00e9cid\u00e9ment, il aura&nbsp; battu le record&nbsp; des distinctions internationales. Lui, c\u2019est le Professeur Robert Dussey, Chef de la Diplomatie togolaise. &nbsp;Et cette ann\u00e9e 2022 devrait \u00eatre grav\u00e9e en lettre d\u2019or pour ce ministre.&nbsp; En effet,&nbsp; apr\u00e8s&nbsp; le Prix International des Droits de l\u2019Homme 2021-2022 (d\u00e9cern\u00e9 au Pakistan)&nbsp; et&nbsp; le Super Prix Diamant Alassane OUATTARA pour l\u2019Int\u00e9gration Africaine 2022 (d\u00e9cern\u00e9 \u00e0 Abidjan),&nbsp; il vient&nbsp; de d\u00e9crocher une troisi\u00e8me distinction, le grand prix Afrik Connexion &nbsp;en lien avec ses actions&nbsp; pour la &nbsp;Paix en Afrique.<\/p>\n\n\n\n<p><\/p>\n\n\n\n<figure class=\"wp-block-image size-full\"><img loading=\"lazy\" loading=\"lazy\" decoding=\"async\" width=\"720\" height=\"485\" src=\"http:\/\/www.corpsdiplomatique.tg\/wp-content\/uploads\/2022\/09\/00DUSSEY.jpg\" alt=\"\" class=\"wp-image-2932\" srcset=\"https:\/\/corpsdiplomaticnews.tg\/wp-content\/uploads\/2022\/09\/00DUSSEY.jpg 720w, https:\/\/corpsdiplomaticnews.tg\/wp-content\/uploads\/2022\/09\/00DUSSEY-300x202.jpg 300w\" sizes=\"auto, (max-width: 720px) 100vw, 720px\" \/><figcaption><strong>Robert  DUSSEY <\/strong><\/figcaption><\/figure>\n\n\n\n<p>Le &nbsp;Prof Robert Dussey a \u00e9t\u00e9 prim\u00e9 le 27 novembre &nbsp;dernier lors de la 4e \u00e9dition du Prix Africain Afrik Connexion. C\u2019\u00e9tait lors d\u2019une soir\u00e9e organis\u00e9e \u00e0 Abidjan par la Fondation Afrik\u2019Orizon. L\u2019\u00e9v\u00e8nement promeut les concepts de la culture, de la jeunesse, de la paix et du d\u00e9veloppement.<\/p>\n\n\n\n<p>Cette 4e \u00e9dition d\u2019Afrik Connexion s\u2019est d\u00e9roul\u00e9e autour du th\u00e8me : \u00ab La jeunesse, au centre des pr\u00e9occupations de la paix et de d\u00e9veloppement en Afrique \u00bb.<\/p>\n\n\n\n<p>Au cours de la soir\u00e9e, la pr\u00e9sidente de la Fondation Afrik\u2019Orizon, &nbsp;Elvire Kissi,&nbsp; a expliqu\u00e9 qu\u2019il \u00e9tait question de c\u00e9l\u00e9brer, encourager et remercier des personnalit\u00e9s pour tout ce qu\u2019ils font pour le continent africain en faveur du d\u00e9veloppement de la culture et la promotion de la paix.<\/p>\n\n\n\n<p>Le jury de cette 4e \u00e9dition a d\u00e9cid\u00e9 d\u2019attribuer le Grand prix Afrik Connexion au professeur Robert Dussey, ministre togolais des Affaires \u00e9trang\u00e8res, de l\u2019int\u00e9gration africaine et des Togolais de l\u2019ext\u00e9rieur.<\/p>\n\n\n\n<p><strong>Qu\u2019est-ce qui a milit\u00e9 en faveur du Ministre Dussey<\/strong><\/p>\n\n\n\n<p>Le Professeur  Dussey a reconnu que \u00ab la paix est en souffrance \u00bb sur le continent africain. Ainsi, il d\u00e9clare que le Togo attache une grande importance \u00e0 la paix et apporte son plein soutien \u00e0 toutes les initiatives venant d\u2019autres gouvernements, d\u2019institutions de coop\u00e9ration r\u00e9gionales et internationales et des organisations de la soci\u00e9t\u00e9 civile en faveur de la paix.<\/p>\n\n\n\n<p>Le ministre togolais a salu\u00e9 l\u2019engagement de Elvire KISSI et de sa Fondation Afrik\u2019Orizon en faveur de la culture et de la promotion de la paix.<\/p>\n\n\n\n<p>\u00ab Seuls nos engagements pourront faire reculer les fronti\u00e8res de la guerre et l\u2019instabilit\u00e9 en Afrique. Lorsque la soci\u00e9t\u00e9 civile et les jeunes s\u2019empareront suffisamment de la paix, la paix r\u00e8gnera en Afrique. C\u2019est bien de vouloir la paix, c\u2019est encore mieux de la cultiver, d\u2019\u00eatre un artisan de la paix, d\u2019\u00eatre un promoteur de la paix \u00bb, a-t-il d\u00e9clar\u00e9.<\/p>\n\n\n\n<p>L\u2019auteur du livre \u00ab Pour une paix durable en Afrique : plaidoyer pour une conscience africaine des conflits arm\u00e9s \u00bb publi\u00e9 en 2002 affirme \u00eatre toujours persuad\u00e9 que l\u2019engagement pour la paix vaut la peine.\u00a0 \u00ab C\u2019est un engagement qui ne trompe pas. Nos pays et notre r\u00e9gion ont besoin de la paix, et donc de l\u2019engagement de tous \u00bb, a-t-il poursuivi.<\/p>\n","protected":false},"excerpt":{"rendered":"<p>D\u00e9cid\u00e9ment, il aura&nbsp; battu le record&nbsp; des distinctions internationales. Lui, c\u2019est le Professeur Robert Dussey, Chef de la Diplomatie togolaise. &nbsp;Et cette ann\u00e9e 2022 devrait \u00eatre grav\u00e9e en lettre d\u2019or pour ce ministre.&nbsp; En effet,&nbsp; apr\u00e8s&nbsp; le Prix International des Droits de l\u2019Homme 2021-2022 (d\u00e9cern\u00e9 au Pakistan)&nbsp; et&nbsp; le Super Prix Diamant Alassane OUATTARA pour [&hellip;]<\/p>\n","protected":false},"author":2,"featured_media":2932,"comment_status":"open","ping_status":"open","sticky":false,"template":"","format":"standard","meta":{"footnotes":""},"categories":[2,124],"tags":[],"class_list":{"0":"post-3661","1":"post","2":"type-post","3":"status-publish","4":"format-standard","5":"has-post-thumbnail","7":"category-diplomatie","8":"category-la-une"},"_links":{"self":[{"href":"https:\/\/corpsdiplomaticnews.tg\/index.php\/wp-json\/wp\/v2\/posts\/3661","targetHints":{"allow":["GET"]}}],"collection":[{"href":"https:\/\/corpsdiplomaticnews.tg\/index.php\/wp-json\/wp\/v2\/posts"}],"about":[{"href":"https:\/\/corpsdiplomaticnews.tg\/index.php\/wp-json\/wp\/v2\/types\/post"}],"author":[{"embeddable":true,"href":"https:\/\/corpsdiplomaticnews.tg\/index.php\/wp-json\/wp\/v2\/users\/2"}],"replies":[{"embeddable":true,"href":"https:\/\/corpsdiplomaticnews.tg\/index.php\/wp-json\/wp\/v2\/comments?post=3661"}],"version-history":[{"count":3,"href":"https:\/\/corpsdiplomaticnews.tg\/index.php\/wp-json\/wp\/v2\/posts\/3661\/revisions"}],"predecessor-version":[{"id":3665,"href":"https:\/\/corpsdiplomaticnews.tg\/index.php\/wp-json\/wp\/v2\/posts\/3661\/revisions\/3665"}],"wp:featuredmedia":[{"embeddable":true,"href":"https:\/\/corpsdiplomaticnews.tg\/index.php\/wp-json\/wp\/v2\/media\/2932"}],"wp:attachment":[{"href":"https:\/\/corpsdiplomaticnews.tg\/index.php\/wp-json\/wp\/v2\/media?parent=3661"}],"wp:term":[{"taxonomy":"category","embeddable":true,"href":"https:\/\/corpsdiplomaticnews.tg\/index.php\/wp-json\/wp\/v2\/categories?post=3661"},{"taxonomy":"post_tag","embeddable":true,"href":"https:\/\/corpsdiplomaticnews.tg\/index.php\/wp-json\/wp\/v2\/tags?post=3661"}],"curies":[{"name":"wp","href":"https:\/\/api.w.org\/{rel}","templated":true}]}}